{"id":8508,"date":"2021-09-26T08:00:00","date_gmt":"2021-09-26T11:00:00","guid":{"rendered":"http:\/\/www.caritasne2.org.br\/?p=8508"},"modified":"2021-09-25T21:41:42","modified_gmt":"2021-09-26T00:41:42","slug":"caritas-paroquial-do-cristo-redentor-primeira-caritas-paroquial-no-territorio-da-diocese-de-garanhuns","status":"publish","type":"post","link":"https:\/\/www.caritasne2.org.br\/site\/caritas-paroquial-do-cristo-redentor-primeira-caritas-paroquial-no-territorio-da-diocese-de-garanhuns\/","title":{"rendered":"C\u00e1ritas Paroquial do Cristo Redentor primeira C\u00e1ritas paroquial  no territ\u00f3rio da Diocese de Garanhuns"},"content":{"rendered":"<p style=\"text-align: justify;\">A\u00a0C\u00e1ritas Paroquial\u00a0\u00e9 um instrumento de pastoral social que dinamiza, articula e animar a pr\u00e1tica da partilha e da solidariedade dos crist\u00e3os ,\u00a0 e para as pessoas em situa\u00e7\u00e3o de vulnerabilidade e exclus\u00e3o social. Neste sentido, a C\u00e1ritas Diocesana de Garanhuns, entidade membro da C\u00e1ritas NE2, no estado de Pernambuco, constituiu a no \u00faltimo dia 12 de setembro a\u00a0 C\u00e1ritas Paroquial do Cristo Redentor, primeira no territ\u00f3rio diocesano de Garanhuns.<\/p>\n<p style=\"text-align: justify;\">Reunidos no sal\u00e3o paroquial S\u00e3o Tiago da Par\u00f3quia do Cristo Redentor, no bairro do Indiano, agentes da C\u00e1ritas Diocesana de Garanhuns realizaram o encontro iniciando com o momento de ora\u00e7\u00e3o e espiritualidade conduzido pelo Di\u00e1cono Pedro Brito, e na sequ\u00eancia a agente de desenvolvimento local da CBNE2, \u00a0Avila Pontes, trouxe o \u00a0resgate dos momentos de forma\u00e7\u00e3o, \u00a0sobre Miss\u00e3o em ser agente C\u00e1ritas promovendo\u00a0 a solidariedade e o voluntariado, sobre o estatuto e regimento, antes da constitui\u00e7\u00e3o.<\/p>\n<p style=\"text-align: justify;\">Ao final os presentes indicaram os nomes dos volunt\u00e1rios para composi\u00e7\u00e3o da diretoria, um total de 12 membros. Foram indicados presidente, vice-presidente, primeiro e segundo secret\u00e1rio, primeiro e segundo tesoureiro, conselho fiscal\u00a0 titulares e suplentes.<\/p>\n<p style=\"text-align: justify;\">Para presidente Jos\u00e9 de Melo,\u00a0participa das a\u00e7\u00f5es da par\u00f3quia atrav\u00e9s do grupo de teatro e m\u00fasica, e o vice presidente ,Di\u00e1cono Pedro Brito, tamb\u00e9m participa de a\u00e7\u00f5es na par\u00f3quia como Di\u00e1cono Permanente. Ambos refor\u00e7am a import\u00e2ncia da cria\u00e7\u00e3o da\u00a0C\u00e1ritas\u00a0Paroquial, para trabalhar as a\u00e7\u00f5es de cunho social dentro da par\u00f3quia.<\/p>\n<p>&nbsp;<\/p>\n<p><a href=\"http:\/\/www.caritasne2.org.br\/?attachment_id=8509\" rel=\"attachment wp-att-8509\"><img decoding=\"async\" loading=\"lazy\" class=\"aligncenter  wp-image-8509\" src=\"http:\/\/www.caritasne2.org.br\/wp-content\/uploads\/2021\/09\/WhatsApp-Image-2021-09-12-at-21.15.46-1.jpeg\" alt=\"\" width=\"616\" height=\"347\" srcset=\"https:\/\/www.caritasne2.org.br\/site\/wp-content\/uploads\/2021\/09\/WhatsApp-Image-2021-09-12-at-21.15.46-1.jpeg 1600w, https:\/\/www.caritasne2.org.br\/site\/wp-content\/uploads\/2021\/09\/WhatsApp-Image-2021-09-12-at-21.15.46-1-300x169.jpeg 300w, https:\/\/www.caritasne2.org.br\/site\/wp-content\/uploads\/2021\/09\/WhatsApp-Image-2021-09-12-at-21.15.46-1-768x432.jpeg 768w, https:\/\/www.caritasne2.org.br\/site\/wp-content\/uploads\/2021\/09\/WhatsApp-Image-2021-09-12-at-21.15.46-1-1024x576.jpeg 1024w, https:\/\/www.caritasne2.org.br\/site\/wp-content\/uploads\/2021\/09\/WhatsApp-Image-2021-09-12-at-21.15.46-1-588x330.jpeg 588w\" sizes=\"(max-width: 616px) 100vw, 616px\" \/><\/a><\/p>\n<p>&nbsp;<\/p>\n<p><a href=\"http:\/\/www.caritasne2.org.br\/?attachment_id=8511\" rel=\"attachment wp-att-8511\"><img decoding=\"async\" loading=\"lazy\" class=\"aligncenter  wp-image-8511\" src=\"http:\/\/www.caritasne2.org.br\/wp-content\/uploads\/2021\/09\/WhatsApp-Image-2021-09-12-at-21.15.45-1.jpeg\" alt=\"\" width=\"631\" height=\"354\" srcset=\"https:\/\/www.caritasne2.org.br\/site\/wp-content\/uploads\/2021\/09\/WhatsApp-Image-2021-09-12-at-21.15.45-1.jpeg 1600w, https:\/\/www.caritasne2.org.br\/site\/wp-content\/uploads\/2021\/09\/WhatsApp-Image-2021-09-12-at-21.15.45-1-300x169.jpeg 300w, https:\/\/www.caritasne2.org.br\/site\/wp-content\/uploads\/2021\/09\/WhatsApp-Image-2021-09-12-at-21.15.45-1-768x432.jpeg 768w, https:\/\/www.caritasne2.org.br\/site\/wp-content\/uploads\/2021\/09\/WhatsApp-Image-2021-09-12-at-21.15.45-1-1024x576.jpeg 1024w, https:\/\/www.caritasne2.org.br\/site\/wp-content\/uploads\/2021\/09\/WhatsApp-Image-2021-09-12-at-21.15.45-1-588x330.jpeg 588w\" sizes=\"(max-width: 631px) 100vw, 631px\" \/><\/a><\/p>\n<p>&nbsp;<\/p>\n<p>&nbsp;<\/p>\n<ul class=\"ssb_list_wrapper\"><li class=\"fb2\" style=\"width:135px\"><iframe src=\"\/\/www.facebook.com\/plugins\/like.php?href=https%3A%2F%2Fwww.caritasne2.org.br%2Fsite%2Fcaritas-paroquial-do-cristo-redentor-primeira-caritas-paroquial-no-territorio-da-diocese-de-garanhuns%2F&amp;layout=button_count&amp;action=like&amp;show_faces=false&amp;share=true&amp;width=135&amp;height=21&amp;appId=307091639398582\" scrolling=\"no\" frameborder=\"0\" style=\"border:none; overflow:hidden;  width:150px; height:21px;\" allowTransparency=\"true\"><\/iframe><\/li><li class=\"twtr\" style=\"width:90px\"><a href=\"https:\/\/twitter.com\/share\" class=\"twitter-share-button\" data-url=\"https:\/\/www.caritasne2.org.br\/site\/caritas-paroquial-do-cristo-redentor-primeira-caritas-paroquial-no-territorio-da-diocese-de-garanhuns\/\">&nbsp;<\/a><script>!function(d,s,id){var js,fjs=d.getElementsByTagName(s)[0],p=\/^http:\/.test(d.location)?'http':'https';if(!d.getElementById(id)){js=d.createElement(s);js.id=id;js.src=p+':\/\/platform.twitter.com\/widgets.js';fjs.parentNode.insertBefore(js,fjs);}}(document, 'script', 'twitter-wjs');<\/script><\/li><li class=\"gplus\" style=\"width:68px\"><div class=\"g-plusone\" data-size=\"medium\" data-href=\"https:\/\/www.caritasne2.org.br\/site\/caritas-paroquial-do-cristo-redentor-primeira-caritas-paroquial-no-territorio-da-diocese-de-garanhuns\/\"><\/div><\/li><li class=\"ssb_linkedin\" style=\"width:64px\"><script src=\"\/\/platform.linkedin.com\/in.js\" type=\"text\/javascript\">lang: en_US<\/script><script type=\"IN\/Share\" data-url=\"https:\/\/www.caritasne2.org.br\/site\/caritas-paroquial-do-cristo-redentor-primeira-caritas-paroquial-no-territorio-da-diocese-de-garanhuns\/\" data-counter=\"right\"><\/script><\/li><\/ul>","protected":false},"excerpt":{"rendered":"<p>A\u00a0C\u00e1ritas Paroquial\u00a0\u00e9 um instrumento de pastoral social que dinamiza, articula e animar a pr\u00e1tica da partilha e da solidariedade dos crist\u00e3os ,\u00a0 e para as pessoas em situa\u00e7\u00e3o de vulnerabilidade e exclus\u00e3o social. Neste sentido, a C\u00e1ritas Diocesana de Garanhuns, entidade membro da C\u00e1ritas NE2, no estado de Pernambuco, constituiu a no \u00faltimo dia 12 de setembro a\u00a0 C\u00e1ritas Paroquial do Cristo Redentor, primeira no [&hellip;]<\/p>\n<ul class=\"ssb_list_wrapper\"><li class=\"fb2\" style=\"width:135px\"><iframe src=\"\/\/www.facebook.com\/plugins\/like.php?href=https%3A%2F%2Fwww.caritasne2.org.br%2Fsite%2Fcaritas-paroquial-do-cristo-redentor-primeira-caritas-paroquial-no-territorio-da-diocese-de-garanhuns%2F&amp;layout=button_count&amp;action=like&amp;show_faces=false&amp;share=true&amp;width=135&amp;height=21&amp;appId=307091639398582\" scrolling=\"no\" frameborder=\"0\" style=\"border:none; overflow:hidden;  width:150px; height:21px;\" allowTransparency=\"true\"><\/iframe><\/li><li class=\"twtr\" style=\"width:90px\"><a href=\"https:\/\/twitter.com\/share\" class=\"twitter-share-button\" data-url=\"https:\/\/www.caritasne2.org.br\/site\/caritas-paroquial-do-cristo-redentor-primeira-caritas-paroquial-no-territorio-da-diocese-de-garanhuns\/\">&nbsp;<\/a><script>!function(d,s,id){var js,fjs=d.getElementsByTagName(s)[0],p=\/^http:\/.test(d.location)?'http':'https';if(!d.getElementById(id)){js=d.createElement(s);js.id=id;js.src=p+':\/\/platform.twitter.com\/widgets.js';fjs.parentNode.insertBefore(js,fjs);}}(document, 'script', 'twitter-wjs');<\/script><\/li><li class=\"gplus\" style=\"width:68px\"><div class=\"g-plusone\" data-size=\"medium\" data-href=\"https:\/\/www.caritasne2.org.br\/site\/caritas-paroquial-do-cristo-redentor-primeira-caritas-paroquial-no-territorio-da-diocese-de-garanhuns\/\"><\/div><\/li><li class=\"ssb_linkedin\" style=\"width:64px\"><script src=\"\/\/platform.linkedin.com\/in.js\" type=\"text\/javascript\">lang: en_US<\/script><script type=\"IN\/Share\" data-url=\"https:\/\/www.caritasne2.org.br\/site\/caritas-paroquial-do-cristo-redentor-primeira-caritas-paroquial-no-territorio-da-diocese-de-garanhuns\/\" data-counter=\"right\"><\/script><\/li><\/ul>","protected":false},"author":4,"featured_media":8510,"comment_status":"open","ping_status":"open","sticky":false,"template":"","format":"standard","meta":[],"categories":[21,20],"tags":[],"_links":{"self":[{"href":"https:\/\/www.caritasne2.org.br\/site\/wp-json\/wp\/v2\/posts\/8508"}],"collection":[{"href":"https:\/\/www.caritasne2.org.br\/site\/wp-json\/wp\/v2\/posts"}],"about":[{"href":"https:\/\/www.caritasne2.org.br\/site\/wp-json\/wp\/v2\/types\/post"}],"author":[{"embeddable":true,"href":"https:\/\/www.caritasne2.org.br\/site\/wp-json\/wp\/v2\/users\/4"}],"replies":[{"embeddable":true,"href":"https:\/\/www.caritasne2.org.br\/site\/wp-json\/wp\/v2\/comments?post=8508"}],"version-history":[{"count":0,"href":"https:\/\/www.caritasne2.org.br\/site\/wp-json\/wp\/v2\/posts\/8508\/revisions"}],"wp:featuredmedia":[{"embeddable":true,"href":"https:\/\/www.caritasne2.org.br\/site\/wp-json\/wp\/v2\/media\/8510"}],"wp:attachment":[{"href":"https:\/\/www.caritasne2.org.br\/site\/wp-json\/wp\/v2\/media?parent=8508"}],"wp:term":[{"taxonomy":"category","embeddable":true,"href":"https:\/\/www.caritasne2.org.br\/site\/wp-json\/wp\/v2\/categories?post=8508"},{"taxonomy":"post_tag","embeddable":true,"href":"https:\/\/www.caritasne2.org.br\/site\/wp-json\/wp\/v2\/tags?post=8508"}],"curies":[{"name":"wp","href":"https:\/\/api.w.org\/{rel}","templated":true}]}}