{"id":8501,"date":"2021-09-24T08:00:02","date_gmt":"2021-09-24T11:00:02","guid":{"rendered":"http:\/\/www.caritasne2.org.br\/?p=8501"},"modified":"2021-09-23T16:26:42","modified_gmt":"2021-09-23T19:26:42","slug":"confira-o-resultado-o-edital-de-selecao-simplificada-modalidade-selecao-de-curriculos-para-articuladora-local","status":"publish","type":"post","link":"https:\/\/www.caritasne2.org.br\/site\/confira-o-resultado-o-edital-de-selecao-simplificada-modalidade-selecao-de-curriculos-para-articuladora-local\/","title":{"rendered":"Confira o resultado o edital de sele\u00e7\u00e3o simplificada modalidade sele\u00e7\u00e3o de curr\u00edculos para Articulador(a) Local"},"content":{"rendered":"<p style=\"text-align: justify;\">COMUNICADO DO PROCESSO SIMPLIFICADO MODALIDADE SELEC\u0327A\u0303O DE CURRI\u0301CULO EDITAL N\u00ba 007\/2021<\/p>\n<p style=\"text-align: justify;\">A Ca\u0301ritas Brasileira Regional Nordeste 2, organismo da Confere\u0302ncia Nacional dos Bispos do Brasil (CNBB), com atuac\u0327a\u0303o nos estados de Alagoas, Parai\u0301ba, Pernambuco e Rio Grande do Norte, torna pu\u0301blico o resultado do processo seletivo simplificado, na modalidade Sele\u00e7\u00e3o de Curr\u00edculo e Entrevista de n\u00ba 007\/2021 &#8211; setembro de 2021, para a vaga de 01 (um) Articulador Social Local.<\/p>\n<p style=\"text-align: justify;\">Articulador Social Local :\u00a0<strong>Gledson Wilber de Souza.<\/strong><\/p>\n<p style=\"text-align: justify;\">Recife, 24 de setembro de 2021.<\/p>\n<p style=\"text-align: justify;\">Comissa\u0303o de Selec\u0327a\u0303o<\/p>\n<p style=\"text-align: justify;\">Ca\u0301ritas Brasileira NE2<\/p>\n<p style=\"text-align: justify;\">\n<ul class=\"ssb_list_wrapper\"><li class=\"fb2\" style=\"width:135px\"><iframe src=\"\/\/www.facebook.com\/plugins\/like.php?href=https%3A%2F%2Fwww.caritasne2.org.br%2Fsite%2Fconfira-o-resultado-o-edital-de-selecao-simplificada-modalidade-selecao-de-curriculos-para-articuladora-local%2F&amp;layout=button_count&amp;action=like&amp;show_faces=false&amp;share=true&amp;width=135&amp;height=21&amp;appId=307091639398582\" scrolling=\"no\" frameborder=\"0\" style=\"border:none; overflow:hidden;  width:150px; height:21px;\" allowTransparency=\"true\"><\/iframe><\/li><li class=\"twtr\" style=\"width:90px\"><a href=\"https:\/\/twitter.com\/share\" class=\"twitter-share-button\" data-url=\"https:\/\/www.caritasne2.org.br\/site\/confira-o-resultado-o-edital-de-selecao-simplificada-modalidade-selecao-de-curriculos-para-articuladora-local\/\">&nbsp;<\/a><script>!function(d,s,id){var js,fjs=d.getElementsByTagName(s)[0],p=\/^http:\/.test(d.location)?'http':'https';if(!d.getElementById(id)){js=d.createElement(s);js.id=id;js.src=p+':\/\/platform.twitter.com\/widgets.js';fjs.parentNode.insertBefore(js,fjs);}}(document, 'script', 'twitter-wjs');<\/script><\/li><li class=\"gplus\" style=\"width:68px\"><div class=\"g-plusone\" data-size=\"medium\" data-href=\"https:\/\/www.caritasne2.org.br\/site\/confira-o-resultado-o-edital-de-selecao-simplificada-modalidade-selecao-de-curriculos-para-articuladora-local\/\"><\/div><\/li><li class=\"ssb_linkedin\" style=\"width:64px\"><script src=\"\/\/platform.linkedin.com\/in.js\" type=\"text\/javascript\">lang: en_US<\/script><script type=\"IN\/Share\" data-url=\"https:\/\/www.caritasne2.org.br\/site\/confira-o-resultado-o-edital-de-selecao-simplificada-modalidade-selecao-de-curriculos-para-articuladora-local\/\" data-counter=\"right\"><\/script><\/li><\/ul>","protected":false},"excerpt":{"rendered":"<p>COMUNICADO DO PROCESSO SIMPLIFICADO MODALIDADE SELEC\u0327A\u0303O DE CURRI\u0301CULO EDITAL N\u00ba 007\/2021 A Ca\u0301ritas Brasileira Regional Nordeste 2, organismo da Confere\u0302ncia Nacional dos Bispos do Brasil (CNBB), com atuac\u0327a\u0303o nos estados de Alagoas, Parai\u0301ba, Pernambuco e Rio Grande do Norte, torna pu\u0301blico o resultado do processo seletivo simplificado, na modalidade Sele\u00e7\u00e3o de Curr\u00edculo e Entrevista de n\u00ba 007\/2021 &#8211; setembro de 2021, para a vaga de [&hellip;]<\/p>\n<ul class=\"ssb_list_wrapper\"><li class=\"fb2\" style=\"width:135px\"><iframe src=\"\/\/www.facebook.com\/plugins\/like.php?href=https%3A%2F%2Fwww.caritasne2.org.br%2Fsite%2Fconfira-o-resultado-o-edital-de-selecao-simplificada-modalidade-selecao-de-curriculos-para-articuladora-local%2F&amp;layout=button_count&amp;action=like&amp;show_faces=false&amp;share=true&amp;width=135&amp;height=21&amp;appId=307091639398582\" scrolling=\"no\" frameborder=\"0\" style=\"border:none; overflow:hidden;  width:150px; height:21px;\" allowTransparency=\"true\"><\/iframe><\/li><li class=\"twtr\" style=\"width:90px\"><a href=\"https:\/\/twitter.com\/share\" class=\"twitter-share-button\" data-url=\"https:\/\/www.caritasne2.org.br\/site\/confira-o-resultado-o-edital-de-selecao-simplificada-modalidade-selecao-de-curriculos-para-articuladora-local\/\">&nbsp;<\/a><script>!function(d,s,id){var js,fjs=d.getElementsByTagName(s)[0],p=\/^http:\/.test(d.location)?'http':'https';if(!d.getElementById(id)){js=d.createElement(s);js.id=id;js.src=p+':\/\/platform.twitter.com\/widgets.js';fjs.parentNode.insertBefore(js,fjs);}}(document, 'script', 'twitter-wjs');<\/script><\/li><li class=\"gplus\" style=\"width:68px\"><div class=\"g-plusone\" data-size=\"medium\" data-href=\"https:\/\/www.caritasne2.org.br\/site\/confira-o-resultado-o-edital-de-selecao-simplificada-modalidade-selecao-de-curriculos-para-articuladora-local\/\"><\/div><\/li><li class=\"ssb_linkedin\" style=\"width:64px\"><script src=\"\/\/platform.linkedin.com\/in.js\" type=\"text\/javascript\">lang: en_US<\/script><script type=\"IN\/Share\" data-url=\"https:\/\/www.caritasne2.org.br\/site\/confira-o-resultado-o-edital-de-selecao-simplificada-modalidade-selecao-de-curriculos-para-articuladora-local\/\" data-counter=\"right\"><\/script><\/li><\/ul>","protected":false},"author":4,"featured_media":8480,"comment_status":"open","ping_status":"open","sticky":false,"template":"","format":"standard","meta":[],"categories":[21,20],"tags":[],"_links":{"self":[{"href":"https:\/\/www.caritasne2.org.br\/site\/wp-json\/wp\/v2\/posts\/8501"}],"collection":[{"href":"https:\/\/www.caritasne2.org.br\/site\/wp-json\/wp\/v2\/posts"}],"about":[{"href":"https:\/\/www.caritasne2.org.br\/site\/wp-json\/wp\/v2\/types\/post"}],"author":[{"embeddable":true,"href":"https:\/\/www.caritasne2.org.br\/site\/wp-json\/wp\/v2\/users\/4"}],"replies":[{"embeddable":true,"href":"https:\/\/www.caritasne2.org.br\/site\/wp-json\/wp\/v2\/comments?post=8501"}],"version-history":[{"count":0,"href":"https:\/\/www.caritasne2.org.br\/site\/wp-json\/wp\/v2\/posts\/8501\/revisions"}],"wp:featuredmedia":[{"embeddable":true,"href":"https:\/\/www.caritasne2.org.br\/site\/wp-json\/wp\/v2\/media\/8480"}],"wp:attachment":[{"href":"https:\/\/www.caritasne2.org.br\/site\/wp-json\/wp\/v2\/media?parent=8501"}],"wp:term":[{"taxonomy":"category","embeddable":true,"href":"https:\/\/www.caritasne2.org.br\/site\/wp-json\/wp\/v2\/categories?post=8501"},{"taxonomy":"post_tag","embeddable":true,"href":"https:\/\/www.caritasne2.org.br\/site\/wp-json\/wp\/v2\/tags?post=8501"}],"curies":[{"name":"wp","href":"https:\/\/api.w.org\/{rel}","templated":true}]}}