{"id":8493,"date":"2021-09-22T19:41:13","date_gmt":"2021-09-22T22:41:13","guid":{"rendered":"http:\/\/www.caritasne2.org.br\/?p=8493"},"modified":"2021-09-22T19:45:43","modified_gmt":"2021-09-22T22:45:43","slug":"acao-emergencial-em-parceria-com-a-adveniat-atende-872-familias-em-situacao-de-vulnerabilidade-da-rmr-e-agreste-de-pe","status":"publish","type":"post","link":"https:\/\/www.caritasne2.org.br\/site\/acao-emergencial-em-parceria-com-a-adveniat-atende-872-familias-em-situacao-de-vulnerabilidade-da-rmr-e-agreste-de-pe\/","title":{"rendered":"A\u00e7\u00e3o Emergencial em parceria com a Adveniat atende 872 fam\u00edlias em situa\u00e7\u00e3o de vulnerabilidade da RMR , zona da mata e agreste de PE"},"content":{"rendered":"<p>&nbsp;<\/p>\n<p style=\"text-align: justify;\">A Funda\u00e7\u00e3o Monsenhor Petronilo Pedrosa, com atua\u00e7\u00e3o na Diocese de Nazar\u00e9 , \u00a0em conjunto com outras entidades que integram a Rede C\u00e1ritas NE2 \u00a0com atua\u00e7\u00e3o no estado de Pernambuco , entre elas a C\u00e1ritas\u00a0 Arquidiocesana de Olinda e Recife e C\u00e1ritas Diocesana de Palmares \u00a0realizam mais uma iniciativa\u00a0 da a\u00e7\u00e3o emergencial solid\u00e1ria \u00c9 Tempo de Cuidar com doa\u00e7\u00e3o de alimentos e produtos de higiene e limpeza para 872 fam\u00edlias em situa\u00e7\u00e3o de vulnerabilidade atingidas pela pandemia da Covid-19.<\/p>\n<p style=\"text-align: justify;\">A inciativa \u00e9 uma parceria da \u00a0C\u00e1ritas Regional NE2 com a institui\u00e7\u00e3o cat\u00f3lica alem\u00e3, Adveniat com prioridade para contemplar fam\u00edlias chefiadas por mulheres e em situa\u00e7\u00e3o de exclus\u00e3o dos benef\u00edcios sociais, comunidades quilombolas e periurbana, jovens negros e \u00a0mulheres e migrantes e refugiados. Em Nazar\u00e9 da Mata e na Regi\u00e3o Metropolitana do Recife ser\u00e3o doados 600 cestas de alimentos, com destaque para composi\u00e7\u00e3o de produtos da agricultura familiar, e kits com produtos de higiene e limpeza atrav\u00e9s da Funda\u00e7\u00e3o e C\u00e1ritas\u00a0 Arquidiocesana. Para \u00a0a Diocese de Palmares \u00a0foram encaminhadas 272 cestas de alimentos e kits de higiene e limpeza.<\/p>\n<p style=\"text-align: justify;\">Como munic\u00edpios que comp\u00f5em a Diocese de Nazar\u00e9, \u00a0a Funda\u00e7\u00e3o Monsenhor Petronilo entidade\u00a0 respons\u00e1vel pela aquisi\u00e7\u00e3o dos alimentos e entregas, \u00a0ir\u00e1 entregar as doa\u00e7\u00f5es nas Par\u00f3quias de Nossa Senhora do Ros\u00e1rio, no munic\u00edpio de Camutanga; Nossa Senhora do Bom Parto, na cidade de Buenos Aires; Nossa Senhora da Gl\u00f3ria, na cidade de \u00a0Gl\u00f3ria do Goit\u00e1; Nossa Senhora da Apresenta\u00e7\u00e3o, em Limoeiro; na Par\u00f3quia de S\u00e3o Sebasti\u00e3o, em Surubim; e na Par\u00f3quia de S\u00e3o Jos\u00e9, em Frei Miguelim a partir desta e \u00a0pr\u00f3ximas semanas.<\/p>\n<p style=\"text-align: justify;\">\u201c\u00c9 uma partilha muito importante porque vai minimizar a situa\u00e7\u00e3o dif\u00edcil em que se encontram as fam\u00edlias neste per\u00edodo de pandemia , sobretudo as que residem na zona da Mata e Agreste. Esta ajuda chegou em boa hora\u201d, declarou o presidente da Funda\u00e7\u00e3o Monsenhor Petronilo Pedrosa, Severino Ramos.<\/p>\n<p>&nbsp;<\/p>\n<p><a href=\"http:\/\/www.caritasne2.org.br\/acao-emergencial-em-parceria-com-a-adveniat-atende-872-familias-em-situacao-de-vulnerabilidade-da-rmr-e-agreste-de-pe\/whatsapp-image-2021-09-22-at-18-46-17-2\/\" rel=\"attachment wp-att-8494\"><img decoding=\"async\" loading=\"lazy\" class=\"aligncenter wp-image-8494\" src=\"http:\/\/www.caritasne2.org.br\/wp-content\/uploads\/2021\/09\/WhatsApp-Image-2021-09-22-at-18.46.17-2.jpeg\" alt=\"\" width=\"621\" height=\"350\" srcset=\"https:\/\/www.caritasne2.org.br\/site\/wp-content\/uploads\/2021\/09\/WhatsApp-Image-2021-09-22-at-18.46.17-2.jpeg 1280w, https:\/\/www.caritasne2.org.br\/site\/wp-content\/uploads\/2021\/09\/WhatsApp-Image-2021-09-22-at-18.46.17-2-300x169.jpeg 300w, https:\/\/www.caritasne2.org.br\/site\/wp-content\/uploads\/2021\/09\/WhatsApp-Image-2021-09-22-at-18.46.17-2-768x432.jpeg 768w, https:\/\/www.caritasne2.org.br\/site\/wp-content\/uploads\/2021\/09\/WhatsApp-Image-2021-09-22-at-18.46.17-2-1024x576.jpeg 1024w, https:\/\/www.caritasne2.org.br\/site\/wp-content\/uploads\/2021\/09\/WhatsApp-Image-2021-09-22-at-18.46.17-2-588x330.jpeg 588w\" sizes=\"(max-width: 621px) 100vw, 621px\" \/><\/a><\/p>\n<p>&nbsp;<\/p>\n<p><a href=\"http:\/\/www.caritasne2.org.br\/acao-emergencial-em-parceria-com-a-adveniat-atende-872-familias-em-situacao-de-vulnerabilidade-da-rmr-e-agreste-de-pe\/1-24\/\" rel=\"attachment wp-att-8496\"><img decoding=\"async\" loading=\"lazy\" class=\"aligncenter wp-image-8496\" src=\"http:\/\/www.caritasne2.org.br\/wp-content\/uploads\/2021\/09\/1.jpeg\" alt=\"\" width=\"607\" height=\"456\" srcset=\"https:\/\/www.caritasne2.org.br\/site\/wp-content\/uploads\/2021\/09\/1.jpeg 1024w, https:\/\/www.caritasne2.org.br\/site\/wp-content\/uploads\/2021\/09\/1-300x225.jpeg 300w, https:\/\/www.caritasne2.org.br\/site\/wp-content\/uploads\/2021\/09\/1-768x576.jpeg 768w\" sizes=\"(max-width: 607px) 100vw, 607px\" \/><\/a><\/p>\n<ul class=\"ssb_list_wrapper\"><li class=\"fb2\" style=\"width:135px\"><iframe src=\"\/\/www.facebook.com\/plugins\/like.php?href=https%3A%2F%2Fwww.caritasne2.org.br%2Fsite%2Facao-emergencial-em-parceria-com-a-adveniat-atende-872-familias-em-situacao-de-vulnerabilidade-da-rmr-e-agreste-de-pe%2F&amp;layout=button_count&amp;action=like&amp;show_faces=false&amp;share=true&amp;width=135&amp;height=21&amp;appId=307091639398582\" scrolling=\"no\" frameborder=\"0\" style=\"border:none; overflow:hidden;  width:150px; height:21px;\" allowTransparency=\"true\"><\/iframe><\/li><li class=\"twtr\" style=\"width:90px\"><a href=\"https:\/\/twitter.com\/share\" class=\"twitter-share-button\" data-url=\"https:\/\/www.caritasne2.org.br\/site\/acao-emergencial-em-parceria-com-a-adveniat-atende-872-familias-em-situacao-de-vulnerabilidade-da-rmr-e-agreste-de-pe\/\">&nbsp;<\/a><script>!function(d,s,id){var js,fjs=d.getElementsByTagName(s)[0],p=\/^http:\/.test(d.location)?'http':'https';if(!d.getElementById(id)){js=d.createElement(s);js.id=id;js.src=p+':\/\/platform.twitter.com\/widgets.js';fjs.parentNode.insertBefore(js,fjs);}}(document, 'script', 'twitter-wjs');<\/script><\/li><li class=\"gplus\" style=\"width:68px\"><div class=\"g-plusone\" data-size=\"medium\" data-href=\"https:\/\/www.caritasne2.org.br\/site\/acao-emergencial-em-parceria-com-a-adveniat-atende-872-familias-em-situacao-de-vulnerabilidade-da-rmr-e-agreste-de-pe\/\"><\/div><\/li><li class=\"ssb_linkedin\" style=\"width:64px\"><script src=\"\/\/platform.linkedin.com\/in.js\" type=\"text\/javascript\">lang: en_US<\/script><script type=\"IN\/Share\" data-url=\"https:\/\/www.caritasne2.org.br\/site\/acao-emergencial-em-parceria-com-a-adveniat-atende-872-familias-em-situacao-de-vulnerabilidade-da-rmr-e-agreste-de-pe\/\" data-counter=\"right\"><\/script><\/li><\/ul>","protected":false},"excerpt":{"rendered":"<p>&nbsp; A Funda\u00e7\u00e3o Monsenhor Petronilo Pedrosa, com atua\u00e7\u00e3o na Diocese de Nazar\u00e9 , \u00a0em conjunto com outras entidades que integram a Rede C\u00e1ritas NE2 \u00a0com atua\u00e7\u00e3o no estado de Pernambuco , entre elas a C\u00e1ritas\u00a0 Arquidiocesana de Olinda e Recife e C\u00e1ritas Diocesana de Palmares \u00a0realizam mais uma iniciativa\u00a0 da a\u00e7\u00e3o emergencial solid\u00e1ria \u00c9 Tempo de Cuidar com doa\u00e7\u00e3o de alimentos e produtos de higiene [&hellip;]<\/p>\n<ul class=\"ssb_list_wrapper\"><li class=\"fb2\" style=\"width:135px\"><iframe src=\"\/\/www.facebook.com\/plugins\/like.php?href=https%3A%2F%2Fwww.caritasne2.org.br%2Fsite%2Facao-emergencial-em-parceria-com-a-adveniat-atende-872-familias-em-situacao-de-vulnerabilidade-da-rmr-e-agreste-de-pe%2F&amp;layout=button_count&amp;action=like&amp;show_faces=false&amp;share=true&amp;width=135&amp;height=21&amp;appId=307091639398582\" scrolling=\"no\" frameborder=\"0\" style=\"border:none; overflow:hidden;  width:150px; height:21px;\" allowTransparency=\"true\"><\/iframe><\/li><li class=\"twtr\" style=\"width:90px\"><a href=\"https:\/\/twitter.com\/share\" class=\"twitter-share-button\" data-url=\"https:\/\/www.caritasne2.org.br\/site\/acao-emergencial-em-parceria-com-a-adveniat-atende-872-familias-em-situacao-de-vulnerabilidade-da-rmr-e-agreste-de-pe\/\">&nbsp;<\/a><script>!function(d,s,id){var js,fjs=d.getElementsByTagName(s)[0],p=\/^http:\/.test(d.location)?'http':'https';if(!d.getElementById(id)){js=d.createElement(s);js.id=id;js.src=p+':\/\/platform.twitter.com\/widgets.js';fjs.parentNode.insertBefore(js,fjs);}}(document, 'script', 'twitter-wjs');<\/script><\/li><li class=\"gplus\" style=\"width:68px\"><div class=\"g-plusone\" data-size=\"medium\" data-href=\"https:\/\/www.caritasne2.org.br\/site\/acao-emergencial-em-parceria-com-a-adveniat-atende-872-familias-em-situacao-de-vulnerabilidade-da-rmr-e-agreste-de-pe\/\"><\/div><\/li><li class=\"ssb_linkedin\" style=\"width:64px\"><script src=\"\/\/platform.linkedin.com\/in.js\" type=\"text\/javascript\">lang: en_US<\/script><script type=\"IN\/Share\" data-url=\"https:\/\/www.caritasne2.org.br\/site\/acao-emergencial-em-parceria-com-a-adveniat-atende-872-familias-em-situacao-de-vulnerabilidade-da-rmr-e-agreste-de-pe\/\" data-counter=\"right\"><\/script><\/li><\/ul>","protected":false},"author":4,"featured_media":8495,"comment_status":"open","ping_status":"open","sticky":false,"template":"","format":"standard","meta":[],"categories":[21,20],"tags":[],"_links":{"self":[{"href":"https:\/\/www.caritasne2.org.br\/site\/wp-json\/wp\/v2\/posts\/8493"}],"collection":[{"href":"https:\/\/www.caritasne2.org.br\/site\/wp-json\/wp\/v2\/posts"}],"about":[{"href":"https:\/\/www.caritasne2.org.br\/site\/wp-json\/wp\/v2\/types\/post"}],"author":[{"embeddable":true,"href":"https:\/\/www.caritasne2.org.br\/site\/wp-json\/wp\/v2\/users\/4"}],"replies":[{"embeddable":true,"href":"https:\/\/www.caritasne2.org.br\/site\/wp-json\/wp\/v2\/comments?post=8493"}],"version-history":[{"count":0,"href":"https:\/\/www.caritasne2.org.br\/site\/wp-json\/wp\/v2\/posts\/8493\/revisions"}],"wp:featuredmedia":[{"embeddable":true,"href":"https:\/\/www.caritasne2.org.br\/site\/wp-json\/wp\/v2\/media\/8495"}],"wp:attachment":[{"href":"https:\/\/www.caritasne2.org.br\/site\/wp-json\/wp\/v2\/media?parent=8493"}],"wp:term":[{"taxonomy":"category","embeddable":true,"href":"https:\/\/www.caritasne2.org.br\/site\/wp-json\/wp\/v2\/categories?post=8493"},{"taxonomy":"post_tag","embeddable":true,"href":"https:\/\/www.caritasne2.org.br\/site\/wp-json\/wp\/v2\/tags?post=8493"}],"curies":[{"name":"wp","href":"https:\/\/api.w.org\/{rel}","templated":true}]}}