{"id":8486,"date":"2021-09-17T19:34:14","date_gmt":"2021-09-17T22:34:14","guid":{"rendered":"http:\/\/www.caritasne2.org.br\/?p=8486"},"modified":"2021-09-17T19:34:14","modified_gmt":"2021-09-17T22:34:14","slug":"plataforma-integrar-ne2-entregou-em-cerimonia-certificados-da-primeira-turma-de-marketing-digital","status":"publish","type":"post","link":"https:\/\/www.caritasne2.org.br\/site\/plataforma-integrar-ne2-entregou-em-cerimonia-certificados-da-primeira-turma-de-marketing-digital\/","title":{"rendered":"Plataforma Integrar NE2 entregou em cerim\u00f4nia certificados da primeira turma de marketing digital"},"content":{"rendered":"<p style=\"text-align: justify;\">No per\u00edodo de 10 de agosto a 10 de setembro, a C\u00e1ritas Regional NE2 iniciou a primeira \u00a0turma do curso de Marketing Digital da plataforma Integrar NE2, desenvolvida pela C\u00e1ritas Regional NE2, e capacitou 20 alunos, que \u00a0receberam os certificados na conclus\u00e3o do curso.<\/p>\n<p style=\"text-align: justify;\">\u00a0A iniciativa teve como objetivo promover forma\u00e7\u00f5es aos empreendedores e interessados em se qualificar profissionalmente, atrav\u00e9s do formato de EAD, ensino \u00e0 dist\u00e2ncia, e tem como parceira a Funda\u00e7\u00e3o Interamericana (IAF).<\/p>\n<p style=\"text-align: justify;\">Nesta primeira turma a maioria dos cursistas eram migrantes venezuelanos que empolgados e com vontade em aprender e prosperar seu neg\u00f3cio \u00a0no meio digital, est\u00e3o na expectativas de novos cursos atrav\u00e9s da plataforma.<\/p>\n<p style=\"text-align: justify;\">A facilitadora do curso de Marketing Digital, Elizabeth Carvalho contou sobre a \u00a0anima\u00e7\u00e3o e experi\u00eancia com a conclus\u00e3o do curso. \u201cN\u00f3s ficamos muito felizes com a conclus\u00e3o desta turma de marketing digital. A troca tem sido muito enriquecedora e a sensa\u00e7\u00e3o \u00e9 de dever cumprido. A inclus\u00e3o no ambiente virtual tem sido um desafio constante, mas os resultados s\u00e3o bem positivos\u201d.<\/p>\n<p style=\"text-align: justify;\">Ela ainda deixou uma dica para os empreendedores. \u201cA dica \u00e9 perseverar! A periodicidade na produ\u00e7\u00e3o de conte\u00fado \u00e9 muito importante. Criar conte\u00fado de forma estrat\u00e9gica no meio digital \u00e9 desafiador, mas bastante promissor. O foco na persona deve ser sempre lembrado, bem como a utiliza\u00e7\u00e3o das ferramentas adequadas. N\u00e3o desistir e acreditar que vai dar certo s\u00e3o quest\u00f5es cruciais para fazer o neg\u00f3cio prosperar no mundo digital\u201d, concluiu.<\/p>\n<p style=\"text-align: justify;\">A plataforma Integrar NE2 oferece um ambiente virtual de aprendizado que vai ofertar cursos \u00a0em diversos temas e \u00e1reas como marketing digital, processos produtivos, gest\u00e3o do produto, voluntariado, plano de neg\u00f3cio, gest\u00e3o para o mercado, Fundos Rotativos Solid\u00e1rios, autogest\u00e3o e empresas individuais, criatividade nos neg\u00f3cios, vendas online, entre outros. Os cursistas tiveram as aulas atrav\u00e9s de videoaulas, e tiveram acesso aos conte\u00fados formativos, materiais did\u00e1ticos,\u00a0f\u00f3runs de debate, e emiss\u00e3o de certifica\u00e7\u00e3o ao final de cada curso.<\/p>\n<p style=\"text-align: justify;\">Saiba mais e acompanhe os cronogramas dos curso no endere\u00e7o, <a href=\"https:\/\/integrarne2.caritas.org.br\/\">https:\/\/integrarne2.caritas.org.br\/<\/a><\/p>\n<p style=\"text-align: justify;\">\n<p style=\"text-align: justify;\"><a href=\"http:\/\/www.caritasne2.org.br\/plataforma-integrar-ne2-entregou-em-cerimonia-certificados-da-primeira-turma-de-marketing-digital\/mkt2\/\" rel=\"attachment wp-att-8490\"><img decoding=\"async\" loading=\"lazy\" class=\"aligncenter  wp-image-8490\" src=\"http:\/\/www.caritasne2.org.br\/wp-content\/uploads\/2021\/09\/MKt2.jpg\" alt=\"\" width=\"585\" height=\"285\" srcset=\"https:\/\/www.caritasne2.org.br\/site\/wp-content\/uploads\/2021\/09\/MKt2.jpg 1273w, https:\/\/www.caritasne2.org.br\/site\/wp-content\/uploads\/2021\/09\/MKt2-300x146.jpg 300w, https:\/\/www.caritasne2.org.br\/site\/wp-content\/uploads\/2021\/09\/MKt2-768x375.jpg 768w, https:\/\/www.caritasne2.org.br\/site\/wp-content\/uploads\/2021\/09\/MKt2-1024x500.jpg 1024w\" sizes=\"(max-width: 585px) 100vw, 585px\" \/><\/a><\/p>\n<ul class=\"ssb_list_wrapper\"><li class=\"fb2\" style=\"width:135px\"><iframe src=\"\/\/www.facebook.com\/plugins\/like.php?href=https%3A%2F%2Fwww.caritasne2.org.br%2Fsite%2Fplataforma-integrar-ne2-entregou-em-cerimonia-certificados-da-primeira-turma-de-marketing-digital%2F&amp;layout=button_count&amp;action=like&amp;show_faces=false&amp;share=true&amp;width=135&amp;height=21&amp;appId=307091639398582\" scrolling=\"no\" frameborder=\"0\" style=\"border:none; overflow:hidden;  width:150px; height:21px;\" allowTransparency=\"true\"><\/iframe><\/li><li class=\"twtr\" style=\"width:90px\"><a href=\"https:\/\/twitter.com\/share\" class=\"twitter-share-button\" data-url=\"https:\/\/www.caritasne2.org.br\/site\/plataforma-integrar-ne2-entregou-em-cerimonia-certificados-da-primeira-turma-de-marketing-digital\/\">&nbsp;<\/a><script>!function(d,s,id){var js,fjs=d.getElementsByTagName(s)[0],p=\/^http:\/.test(d.location)?'http':'https';if(!d.getElementById(id)){js=d.createElement(s);js.id=id;js.src=p+':\/\/platform.twitter.com\/widgets.js';fjs.parentNode.insertBefore(js,fjs);}}(document, 'script', 'twitter-wjs');<\/script><\/li><li class=\"gplus\" style=\"width:68px\"><div class=\"g-plusone\" data-size=\"medium\" data-href=\"https:\/\/www.caritasne2.org.br\/site\/plataforma-integrar-ne2-entregou-em-cerimonia-certificados-da-primeira-turma-de-marketing-digital\/\"><\/div><\/li><li class=\"ssb_linkedin\" style=\"width:64px\"><script src=\"\/\/platform.linkedin.com\/in.js\" type=\"text\/javascript\">lang: en_US<\/script><script type=\"IN\/Share\" data-url=\"https:\/\/www.caritasne2.org.br\/site\/plataforma-integrar-ne2-entregou-em-cerimonia-certificados-da-primeira-turma-de-marketing-digital\/\" data-counter=\"right\"><\/script><\/li><\/ul>","protected":false},"excerpt":{"rendered":"<p>No per\u00edodo de 10 de agosto a 10 de setembro, a C\u00e1ritas Regional NE2 iniciou a primeira \u00a0turma do curso de Marketing Digital da plataforma Integrar NE2, desenvolvida pela C\u00e1ritas Regional NE2, e capacitou 20 alunos, que \u00a0receberam os certificados na conclus\u00e3o do curso. \u00a0A iniciativa teve como objetivo promover forma\u00e7\u00f5es aos empreendedores e interessados em se qualificar profissionalmente, atrav\u00e9s do formato de EAD, ensino [&hellip;]<\/p>\n<ul class=\"ssb_list_wrapper\"><li class=\"fb2\" style=\"width:135px\"><iframe src=\"\/\/www.facebook.com\/plugins\/like.php?href=https%3A%2F%2Fwww.caritasne2.org.br%2Fsite%2Fplataforma-integrar-ne2-entregou-em-cerimonia-certificados-da-primeira-turma-de-marketing-digital%2F&amp;layout=button_count&amp;action=like&amp;show_faces=false&amp;share=true&amp;width=135&amp;height=21&amp;appId=307091639398582\" scrolling=\"no\" frameborder=\"0\" style=\"border:none; overflow:hidden;  width:150px; height:21px;\" allowTransparency=\"true\"><\/iframe><\/li><li class=\"twtr\" style=\"width:90px\"><a href=\"https:\/\/twitter.com\/share\" class=\"twitter-share-button\" data-url=\"https:\/\/www.caritasne2.org.br\/site\/plataforma-integrar-ne2-entregou-em-cerimonia-certificados-da-primeira-turma-de-marketing-digital\/\">&nbsp;<\/a><script>!function(d,s,id){var js,fjs=d.getElementsByTagName(s)[0],p=\/^http:\/.test(d.location)?'http':'https';if(!d.getElementById(id)){js=d.createElement(s);js.id=id;js.src=p+':\/\/platform.twitter.com\/widgets.js';fjs.parentNode.insertBefore(js,fjs);}}(document, 'script', 'twitter-wjs');<\/script><\/li><li class=\"gplus\" style=\"width:68px\"><div class=\"g-plusone\" data-size=\"medium\" data-href=\"https:\/\/www.caritasne2.org.br\/site\/plataforma-integrar-ne2-entregou-em-cerimonia-certificados-da-primeira-turma-de-marketing-digital\/\"><\/div><\/li><li class=\"ssb_linkedin\" style=\"width:64px\"><script src=\"\/\/platform.linkedin.com\/in.js\" type=\"text\/javascript\">lang: en_US<\/script><script type=\"IN\/Share\" data-url=\"https:\/\/www.caritasne2.org.br\/site\/plataforma-integrar-ne2-entregou-em-cerimonia-certificados-da-primeira-turma-de-marketing-digital\/\" data-counter=\"right\"><\/script><\/li><\/ul>","protected":false},"author":4,"featured_media":8489,"comment_status":"open","ping_status":"open","sticky":false,"template":"","format":"standard","meta":[],"categories":[21,20],"tags":[],"_links":{"self":[{"href":"https:\/\/www.caritasne2.org.br\/site\/wp-json\/wp\/v2\/posts\/8486"}],"collection":[{"href":"https:\/\/www.caritasne2.org.br\/site\/wp-json\/wp\/v2\/posts"}],"about":[{"href":"https:\/\/www.caritasne2.org.br\/site\/wp-json\/wp\/v2\/types\/post"}],"author":[{"embeddable":true,"href":"https:\/\/www.caritasne2.org.br\/site\/wp-json\/wp\/v2\/users\/4"}],"replies":[{"embeddable":true,"href":"https:\/\/www.caritasne2.org.br\/site\/wp-json\/wp\/v2\/comments?post=8486"}],"version-history":[{"count":0,"href":"https:\/\/www.caritasne2.org.br\/site\/wp-json\/wp\/v2\/posts\/8486\/revisions"}],"wp:featuredmedia":[{"embeddable":true,"href":"https:\/\/www.caritasne2.org.br\/site\/wp-json\/wp\/v2\/media\/8489"}],"wp:attachment":[{"href":"https:\/\/www.caritasne2.org.br\/site\/wp-json\/wp\/v2\/media?parent=8486"}],"wp:term":[{"taxonomy":"category","embeddable":true,"href":"https:\/\/www.caritasne2.org.br\/site\/wp-json\/wp\/v2\/categories?post=8486"},{"taxonomy":"post_tag","embeddable":true,"href":"https:\/\/www.caritasne2.org.br\/site\/wp-json\/wp\/v2\/tags?post=8486"}],"curies":[{"name":"wp","href":"https:\/\/api.w.org\/{rel}","templated":true}]}}