{"id":8482,"date":"2021-09-20T09:00:56","date_gmt":"2021-09-20T12:00:56","guid":{"rendered":"http:\/\/www.caritasne2.org.br\/?p=8482"},"modified":"2021-09-17T19:11:58","modified_gmt":"2021-09-17T22:11:58","slug":"caritas-regional-ne2-lancou-webserie-na-linha-de-frente-com-relatos-dos-profissionais-que-atuaram-diretamente-na-pandemia-da-covid-19","status":"publish","type":"post","link":"https:\/\/www.caritasne2.org.br\/site\/caritas-regional-ne2-lancou-webserie-na-linha-de-frente-com-relatos-dos-profissionais-que-atuaram-diretamente-na-pandemia-da-covid-19\/","title":{"rendered":"C\u00e1ritas Regional  NE2  lan\u00e7ou webs\u00e9rie   \u201cNa Linha de Frente\u201d com relatos dos profissionais que atuaram diretamente na pandemia da Covid-19"},"content":{"rendered":"<p style=\"text-align: justify;\">Desde 2020, com a chegada da pandemia, o Brasil come\u00e7ou a registrar um aumento na fome, e um dos motivos dessa realidade foi o impacto da crise sanit\u00e1ria. J\u00e1 s\u00e3o 19 milh\u00f5es de brasileiros em situa\u00e7\u00e3o de fome no Brasil, segundo dados de 2020 da Rede Brasileira de Pesquisa em Soberania e Seguran\u00e7a Alimentar e Nutricional (Pensssan). A compara\u00e7\u00e3o com 2018 (10,3 milh\u00f5es) revela que s\u00e3o 9 milh\u00f5es de pessoas a mais nessa condi\u00e7\u00e3o.<\/p>\n<p style=\"text-align: justify;\">Diante dessa realidade, a Confer\u00eancia Nacional dos Bispos do Brasil (CNBB) \u00a0junto com a C\u00e1ritas Brasileira lan\u00e7aram o ano passado a A\u00e7\u00e3o Emergencial Solid\u00e1ria \u201c\u00c9 Tempo de Cuidar\u201d da Igreja no Brasil, com o objetivo de estimular a arrecada\u00e7\u00e3o de alimentos, produtos de higiene e prote\u00e7\u00e3o sanit\u00e1ria para doa\u00e7\u00e3o \u00e0s pessoas em situa\u00e7\u00e3o de vulnerabilidade. Com atua\u00e7\u00e3o nos estados de Alagoas, Rio Grande do Norte, Pernambuco e Para\u00edba, a C\u00e1ritas assistiu mais de 141 mil fam\u00edlias, e recebeu de doa\u00e7\u00f5es cerca de 17 mil cestas de alimentos e mais de 8 mil kits de higiene e limpeza.<\/p>\n<p style=\"text-align: justify;\">Dando continuidade \u00e0 a\u00e7\u00e3o emergencial \u201c\u00c9 Tempo de Cuidar\u201d foi lan\u00e7ado neste ano de 2021 a \u00a0webs\u00e9rie &#8220;Na linha de frente&#8221; no canal do Youtube da C\u00e1ritas, onde retrata os impactos que a Covid-19 deixou nos profissionais de sa\u00fade em Pernambuco.<\/p>\n<p style=\"text-align: justify;\">No epis\u00f3dio um foi mostrado a chegada da Covid-19 em Pernambuco atrav\u00e9s do depoimento da m\u00e9dica infectologista, Helo\u00edsa Lacerda que narrou um pouco de sua viv\u00eancia tanto como m\u00e9dica, tanto como m\u00e3e e professora na Universidade Federal em Pernambuco e Universidade de Pernambuco. J\u00e1 no epis\u00f3dio dois, o foco foi nas consequ\u00eancias do isolamento social para sa\u00fade mental diante a pandemia trazendo dos depoimentos das psic\u00f3logas e volunt\u00e1rias da C\u00e1ritas no estado do Rio Grande do Norte, Gilv\u00e2nia Medeiros e Mirlanne da Silva Oliveira.<\/p>\n<p style=\"text-align: justify;\">No terceiro epis\u00f3dio foi poss\u00edvel ouvir um pouco da experi\u00eancia da enfermeira Evaneide Rodrigues dos Santos, que trabalha na UTI da linha de frente em combate \u00e0 Covid19 no Hospital Oswaldo Cruz, no e no Hospital Ot\u00e1vio de Freitas, ambos no Recife, e estava presente quando o primeiro lote de vacinas come\u00e7ou a ser aplicado nos pacientes. E concluindo a webs\u00e9rie, trouxemos um pouco sobre o processo de recupera\u00e7\u00e3o p\u00f3s infec\u00e7\u00e3o da Covid-19, com o depoimento da fisioterapeuta, Etiene Mendes da Silva.<\/p>\n<p style=\"text-align: justify;\">Para quem ainda n\u00e3o conferiu a Webs\u00e9rie, pode acessar o canal do Youtube C\u00e1ritas Brasileira NE2 e assistir os quatros epis\u00f3dios.<\/p>\n<p style=\"text-align: justify;\"><a href=\"https:\/\/www.youtube.com\/user\/caritasregionalne2\">Clique aqui.<\/a><\/p>\n<p style=\"text-align: justify;\"><a href=\"http:\/\/www.caritasne2.org.br\/?attachment_id=8484\" rel=\"attachment wp-att-8484\"><img decoding=\"async\" loading=\"lazy\" class=\"aligncenter  wp-image-8484\" src=\"http:\/\/www.caritasne2.org.br\/wp-content\/uploads\/2021\/09\/webTDC1.png\" alt=\"\" width=\"612\" height=\"348\" srcset=\"https:\/\/www.caritasne2.org.br\/site\/wp-content\/uploads\/2021\/09\/webTDC1.png 1307w, https:\/\/www.caritasne2.org.br\/site\/wp-content\/uploads\/2021\/09\/webTDC1-300x171.png 300w, https:\/\/www.caritasne2.org.br\/site\/wp-content\/uploads\/2021\/09\/webTDC1-768x437.png 768w, https:\/\/www.caritasne2.org.br\/site\/wp-content\/uploads\/2021\/09\/webTDC1-1024x582.png 1024w\" sizes=\"(max-width: 612px) 100vw, 612px\" \/><\/a><\/p>\n<p style=\"text-align: justify;\"><a href=\"http:\/\/www.caritasne2.org.br\/?attachment_id=8483\" rel=\"attachment wp-att-8483\"><img decoding=\"async\" loading=\"lazy\" class=\"aligncenter  wp-image-8483\" src=\"http:\/\/www.caritasne2.org.br\/wp-content\/uploads\/2021\/09\/tDcep2.png\" alt=\"\" width=\"617\" height=\"327\" srcset=\"https:\/\/www.caritasne2.org.br\/site\/wp-content\/uploads\/2021\/09\/tDcep2.png 1327w, https:\/\/www.caritasne2.org.br\/site\/wp-content\/uploads\/2021\/09\/tDcep2-300x159.png 300w, https:\/\/www.caritasne2.org.br\/site\/wp-content\/uploads\/2021\/09\/tDcep2-768x408.png 768w, https:\/\/www.caritasne2.org.br\/site\/wp-content\/uploads\/2021\/09\/tDcep2-1024x544.png 1024w\" sizes=\"(max-width: 617px) 100vw, 617px\" \/><\/a><\/p>\n<p style=\"text-align: justify;\">\n<p>&nbsp;<\/p>\n<ul class=\"ssb_list_wrapper\"><li class=\"fb2\" style=\"width:135px\"><iframe src=\"\/\/www.facebook.com\/plugins\/like.php?href=https%3A%2F%2Fwww.caritasne2.org.br%2Fsite%2Fcaritas-regional-ne2-lancou-webserie-na-linha-de-frente-com-relatos-dos-profissionais-que-atuaram-diretamente-na-pandemia-da-covid-19%2F&amp;layout=button_count&amp;action=like&amp;show_faces=false&amp;share=true&amp;width=135&amp;height=21&amp;appId=307091639398582\" scrolling=\"no\" frameborder=\"0\" style=\"border:none; overflow:hidden;  width:150px; height:21px;\" allowTransparency=\"true\"><\/iframe><\/li><li class=\"twtr\" style=\"width:90px\"><a href=\"https:\/\/twitter.com\/share\" class=\"twitter-share-button\" data-url=\"https:\/\/www.caritasne2.org.br\/site\/caritas-regional-ne2-lancou-webserie-na-linha-de-frente-com-relatos-dos-profissionais-que-atuaram-diretamente-na-pandemia-da-covid-19\/\">&nbsp;<\/a><script>!function(d,s,id){var js,fjs=d.getElementsByTagName(s)[0],p=\/^http:\/.test(d.location)?'http':'https';if(!d.getElementById(id)){js=d.createElement(s);js.id=id;js.src=p+':\/\/platform.twitter.com\/widgets.js';fjs.parentNode.insertBefore(js,fjs);}}(document, 'script', 'twitter-wjs');<\/script><\/li><li class=\"gplus\" style=\"width:68px\"><div class=\"g-plusone\" data-size=\"medium\" data-href=\"https:\/\/www.caritasne2.org.br\/site\/caritas-regional-ne2-lancou-webserie-na-linha-de-frente-com-relatos-dos-profissionais-que-atuaram-diretamente-na-pandemia-da-covid-19\/\"><\/div><\/li><li class=\"ssb_linkedin\" style=\"width:64px\"><script src=\"\/\/platform.linkedin.com\/in.js\" type=\"text\/javascript\">lang: en_US<\/script><script type=\"IN\/Share\" data-url=\"https:\/\/www.caritasne2.org.br\/site\/caritas-regional-ne2-lancou-webserie-na-linha-de-frente-com-relatos-dos-profissionais-que-atuaram-diretamente-na-pandemia-da-covid-19\/\" data-counter=\"right\"><\/script><\/li><\/ul>","protected":false},"excerpt":{"rendered":"<p>Desde 2020, com a chegada da pandemia, o Brasil come\u00e7ou a registrar um aumento na fome, e um dos motivos dessa realidade foi o impacto da crise sanit\u00e1ria. J\u00e1 s\u00e3o 19 milh\u00f5es de brasileiros em situa\u00e7\u00e3o de fome no Brasil, segundo dados de 2020 da Rede Brasileira de Pesquisa em Soberania e Seguran\u00e7a Alimentar e Nutricional (Pensssan). A compara\u00e7\u00e3o com 2018 (10,3 milh\u00f5es) revela que [&hellip;]<\/p>\n<ul class=\"ssb_list_wrapper\"><li class=\"fb2\" style=\"width:135px\"><iframe src=\"\/\/www.facebook.com\/plugins\/like.php?href=https%3A%2F%2Fwww.caritasne2.org.br%2Fsite%2Fcaritas-regional-ne2-lancou-webserie-na-linha-de-frente-com-relatos-dos-profissionais-que-atuaram-diretamente-na-pandemia-da-covid-19%2F&amp;layout=button_count&amp;action=like&amp;show_faces=false&amp;share=true&amp;width=135&amp;height=21&amp;appId=307091639398582\" scrolling=\"no\" frameborder=\"0\" style=\"border:none; overflow:hidden;  width:150px; height:21px;\" allowTransparency=\"true\"><\/iframe><\/li><li class=\"twtr\" style=\"width:90px\"><a href=\"https:\/\/twitter.com\/share\" class=\"twitter-share-button\" data-url=\"https:\/\/www.caritasne2.org.br\/site\/caritas-regional-ne2-lancou-webserie-na-linha-de-frente-com-relatos-dos-profissionais-que-atuaram-diretamente-na-pandemia-da-covid-19\/\">&nbsp;<\/a><script>!function(d,s,id){var js,fjs=d.getElementsByTagName(s)[0],p=\/^http:\/.test(d.location)?'http':'https';if(!d.getElementById(id)){js=d.createElement(s);js.id=id;js.src=p+':\/\/platform.twitter.com\/widgets.js';fjs.parentNode.insertBefore(js,fjs);}}(document, 'script', 'twitter-wjs');<\/script><\/li><li class=\"gplus\" style=\"width:68px\"><div class=\"g-plusone\" data-size=\"medium\" data-href=\"https:\/\/www.caritasne2.org.br\/site\/caritas-regional-ne2-lancou-webserie-na-linha-de-frente-com-relatos-dos-profissionais-que-atuaram-diretamente-na-pandemia-da-covid-19\/\"><\/div><\/li><li class=\"ssb_linkedin\" style=\"width:64px\"><script src=\"\/\/platform.linkedin.com\/in.js\" type=\"text\/javascript\">lang: en_US<\/script><script type=\"IN\/Share\" data-url=\"https:\/\/www.caritasne2.org.br\/site\/caritas-regional-ne2-lancou-webserie-na-linha-de-frente-com-relatos-dos-profissionais-que-atuaram-diretamente-na-pandemia-da-covid-19\/\" data-counter=\"right\"><\/script><\/li><\/ul>","protected":false},"author":4,"featured_media":8484,"comment_status":"open","ping_status":"open","sticky":false,"template":"","format":"standard","meta":[],"categories":[21,20],"tags":[],"_links":{"self":[{"href":"https:\/\/www.caritasne2.org.br\/site\/wp-json\/wp\/v2\/posts\/8482"}],"collection":[{"href":"https:\/\/www.caritasne2.org.br\/site\/wp-json\/wp\/v2\/posts"}],"about":[{"href":"https:\/\/www.caritasne2.org.br\/site\/wp-json\/wp\/v2\/types\/post"}],"author":[{"embeddable":true,"href":"https:\/\/www.caritasne2.org.br\/site\/wp-json\/wp\/v2\/users\/4"}],"replies":[{"embeddable":true,"href":"https:\/\/www.caritasne2.org.br\/site\/wp-json\/wp\/v2\/comments?post=8482"}],"version-history":[{"count":0,"href":"https:\/\/www.caritasne2.org.br\/site\/wp-json\/wp\/v2\/posts\/8482\/revisions"}],"wp:featuredmedia":[{"embeddable":true,"href":"https:\/\/www.caritasne2.org.br\/site\/wp-json\/wp\/v2\/media\/8484"}],"wp:attachment":[{"href":"https:\/\/www.caritasne2.org.br\/site\/wp-json\/wp\/v2\/media?parent=8482"}],"wp:term":[{"taxonomy":"category","embeddable":true,"href":"https:\/\/www.caritasne2.org.br\/site\/wp-json\/wp\/v2\/categories?post=8482"},{"taxonomy":"post_tag","embeddable":true,"href":"https:\/\/www.caritasne2.org.br\/site\/wp-json\/wp\/v2\/tags?post=8482"}],"curies":[{"name":"wp","href":"https:\/\/api.w.org\/{rel}","templated":true}]}}