{"id":8456,"date":"2021-09-09T15:00:57","date_gmt":"2021-09-09T18:00:57","guid":{"rendered":"http:\/\/www.caritasne2.org.br\/?p=8456"},"modified":"2021-09-08T22:14:18","modified_gmt":"2021-09-09T01:14:18","slug":"regional-ne2-realiza-processo-de-escuta-para-a-assembleia-eclesial-da-america-latina-e-do-caribe","status":"publish","type":"post","link":"https:\/\/www.caritasne2.org.br\/site\/regional-ne2-realiza-processo-de-escuta-para-a-assembleia-eclesial-da-america-latina-e-do-caribe\/","title":{"rendered":"Regional NE2 realiza processo de escuta para a Assembleia Eclesial da Am\u00e9rica Latina e do Caribe"},"content":{"rendered":"<p style=\"text-align: justify;\">A Caritas Brasileira NE2, atendendo ao clamor do Papa Francisco, realizou o processo de escuta da Assembleia Eclesial da Am\u00e9rica Latina e do Caribe atrav\u00e9s de momentos coletivos com a rede nos estados de Alagoas, Pernambuco, Para\u00edba e Rio Grande do Norte.<\/p>\n<p style=\"text-align: justify;\">\u00a0O objetivo do processo de escuta \u00e9 promover diversos di\u00e1logos e atividades que ser\u00e3o o fio condutor de todo o\u00a0processo\u00a0de discernimento para e durante a\u00a0Assembleia. No Regional NE2 duas indica\u00e7\u00f5es foram feitas para acompanhamento e assessoria as etapas preparat\u00f3rias para a Assembleia; a assessora regional de Migra\u00e7\u00e3o e Ref\u00fagio da CBNE2, Luciana Flor\u00eancio, e a volunt\u00e1ria e vice presidente da C\u00e1ritas Arquidiocesana de Macei\u00f3 (AL), Ros\u00e1rio de F\u00e1tima.<\/p>\n<p style=\"text-align: justify;\">Para os momentos de escuta os F\u00f3runs foram orientados a seguir as perguntas norteadoras e os temas relevantes considerando os nossos movimentos e lutas sociais. \u201cPara mim esse momento foi de fundamental import\u00e2ncia, pois possibilitamos aos f\u00f3runs uma oportunidade de expressarem\u00a0\u00a0 seus anseios, suas m\u00e1goas, suas alegrias sobre a caminhada da nossa igreja no Brasil e na Am\u00e9rica Latina e no Caribe. Ficou muito claro que todos os que participaram do processo de escuta, sonham com uma igreja aberta ao di\u00e1logo, uma igreja em sa\u00edda, prof\u00e9tica, servidora, samaritana, mission\u00e1ria onde n\u00e3o haja nem opressor nem oprimido\u201d, afirmou Ros\u00e1rio.<\/p>\n<p style=\"text-align: justify;\">Ela finaliza. \u201c Vale ressaltar que esse momento expressou um sonho para todos n\u00f3s de uma Igreja menos clerical, que n\u00e3o se preocupe s\u00f3 com os sacramentos, mas que abra as necessidades dos mais pobres e exclu\u00eddos da sociedade\u201d.<\/p>\n<p style=\"text-align: justify;\">Em nosso Regional os encontros ocorreram de forma virtual nos dias 17 e 25 de agosto, sendo Pernambuco e Alagoas, e Rio Grande do Norte e Para\u00edba, respectivamente.<\/p>\n<p style=\"text-align: justify;\">A primeira Assembleia Eclesial da Am\u00e9rica Latina e do Caribe tem como lema \u201cSomos todos disc\u00edpulos mission\u00e1rios em sa\u00edda\u201d e ser\u00e1 realizada de 21 a 28 de novembro de 2021, presencialmente no Santu\u00e1rio de Nossa Senhora de Guadalupe, na Cidade do M\u00e9xico, e de forma remota em outros lugares da Am\u00e9rica Latina e do Caribe.<\/p>\n<p style=\"text-align: justify;\">Nela, ser\u00e1 relembrado o que aconteceu na V Confer\u00eancia Geral de Aparecida, e contemplado contemplativamente nossa realidade com seus desafios, e espera-se que, a partir desse encontro, sejam delineados os caminhos pastorais para todo o povo de Deus latino-americano e caribenho tendo em vista dois eventos importantes: o jubileu de Guadalupe em 2031 e o jubileu da Reden\u00e7\u00e3o em 2033.<\/p>\n<p style=\"text-align: justify;\">\n<p style=\"text-align: justify;\">\n<p style=\"text-align: justify;\"><a href=\"http:\/\/www.caritasne2.org.br\/?attachment_id=8457\" rel=\"attachment wp-att-8457\"><img decoding=\"async\" loading=\"lazy\" class=\"aligncenter size-full wp-image-8457\" src=\"http:\/\/www.caritasne2.org.br\/wp-content\/uploads\/2021\/09\/1.png\" alt=\"\" width=\"543\" height=\"301\" srcset=\"https:\/\/www.caritasne2.org.br\/site\/wp-content\/uploads\/2021\/09\/1.png 543w, https:\/\/www.caritasne2.org.br\/site\/wp-content\/uploads\/2021\/09\/1-300x166.png 300w\" sizes=\"(max-width: 543px) 100vw, 543px\" \/><\/a><\/p>\n<p style=\"text-align: justify;\">\n<p style=\"text-align: justify;\"><img decoding=\"async\" loading=\"lazy\" class=\"aligncenter size-full wp-image-8458\" src=\"http:\/\/www.caritasne2.org.br\/wp-content\/uploads\/2021\/09\/2.png\" alt=\"\" width=\"567\" height=\"302\" srcset=\"https:\/\/www.caritasne2.org.br\/site\/wp-content\/uploads\/2021\/09\/2.png 567w, https:\/\/www.caritasne2.org.br\/site\/wp-content\/uploads\/2021\/09\/2-300x160.png 300w\" sizes=\"(max-width: 567px) 100vw, 567px\" \/><\/p>\n<p style=\"text-align: justify;\">\n<ul class=\"ssb_list_wrapper\"><li class=\"fb2\" style=\"width:135px\"><iframe src=\"\/\/www.facebook.com\/plugins\/like.php?href=https%3A%2F%2Fwww.caritasne2.org.br%2Fsite%2Fregional-ne2-realiza-processo-de-escuta-para-a-assembleia-eclesial-da-america-latina-e-do-caribe%2F&amp;layout=button_count&amp;action=like&amp;show_faces=false&amp;share=true&amp;width=135&amp;height=21&amp;appId=307091639398582\" scrolling=\"no\" frameborder=\"0\" style=\"border:none; overflow:hidden;  width:150px; height:21px;\" allowTransparency=\"true\"><\/iframe><\/li><li class=\"twtr\" style=\"width:90px\"><a href=\"https:\/\/twitter.com\/share\" class=\"twitter-share-button\" data-url=\"https:\/\/www.caritasne2.org.br\/site\/regional-ne2-realiza-processo-de-escuta-para-a-assembleia-eclesial-da-america-latina-e-do-caribe\/\">&nbsp;<\/a><script>!function(d,s,id){var js,fjs=d.getElementsByTagName(s)[0],p=\/^http:\/.test(d.location)?'http':'https';if(!d.getElementById(id)){js=d.createElement(s);js.id=id;js.src=p+':\/\/platform.twitter.com\/widgets.js';fjs.parentNode.insertBefore(js,fjs);}}(document, 'script', 'twitter-wjs');<\/script><\/li><li class=\"gplus\" style=\"width:68px\"><div class=\"g-plusone\" data-size=\"medium\" data-href=\"https:\/\/www.caritasne2.org.br\/site\/regional-ne2-realiza-processo-de-escuta-para-a-assembleia-eclesial-da-america-latina-e-do-caribe\/\"><\/div><\/li><li class=\"ssb_linkedin\" style=\"width:64px\"><script src=\"\/\/platform.linkedin.com\/in.js\" type=\"text\/javascript\">lang: en_US<\/script><script type=\"IN\/Share\" data-url=\"https:\/\/www.caritasne2.org.br\/site\/regional-ne2-realiza-processo-de-escuta-para-a-assembleia-eclesial-da-america-latina-e-do-caribe\/\" data-counter=\"right\"><\/script><\/li><\/ul>","protected":false},"excerpt":{"rendered":"<p>A Caritas Brasileira NE2, atendendo ao clamor do Papa Francisco, realizou o processo de escuta da Assembleia Eclesial da Am\u00e9rica Latina e do Caribe atrav\u00e9s de momentos coletivos com a rede nos estados de Alagoas, Pernambuco, Para\u00edba e Rio Grande do Norte. \u00a0O objetivo do processo de escuta \u00e9 promover diversos di\u00e1logos e atividades que ser\u00e3o o fio condutor de todo o\u00a0processo\u00a0de discernimento para e [&hellip;]<\/p>\n<ul class=\"ssb_list_wrapper\"><li class=\"fb2\" style=\"width:135px\"><iframe src=\"\/\/www.facebook.com\/plugins\/like.php?href=https%3A%2F%2Fwww.caritasne2.org.br%2Fsite%2Fregional-ne2-realiza-processo-de-escuta-para-a-assembleia-eclesial-da-america-latina-e-do-caribe%2F&amp;layout=button_count&amp;action=like&amp;show_faces=false&amp;share=true&amp;width=135&amp;height=21&amp;appId=307091639398582\" scrolling=\"no\" frameborder=\"0\" style=\"border:none; overflow:hidden;  width:150px; height:21px;\" allowTransparency=\"true\"><\/iframe><\/li><li class=\"twtr\" style=\"width:90px\"><a href=\"https:\/\/twitter.com\/share\" class=\"twitter-share-button\" data-url=\"https:\/\/www.caritasne2.org.br\/site\/regional-ne2-realiza-processo-de-escuta-para-a-assembleia-eclesial-da-america-latina-e-do-caribe\/\">&nbsp;<\/a><script>!function(d,s,id){var js,fjs=d.getElementsByTagName(s)[0],p=\/^http:\/.test(d.location)?'http':'https';if(!d.getElementById(id)){js=d.createElement(s);js.id=id;js.src=p+':\/\/platform.twitter.com\/widgets.js';fjs.parentNode.insertBefore(js,fjs);}}(document, 'script', 'twitter-wjs');<\/script><\/li><li class=\"gplus\" style=\"width:68px\"><div class=\"g-plusone\" data-size=\"medium\" data-href=\"https:\/\/www.caritasne2.org.br\/site\/regional-ne2-realiza-processo-de-escuta-para-a-assembleia-eclesial-da-america-latina-e-do-caribe\/\"><\/div><\/li><li class=\"ssb_linkedin\" style=\"width:64px\"><script src=\"\/\/platform.linkedin.com\/in.js\" type=\"text\/javascript\">lang: en_US<\/script><script type=\"IN\/Share\" data-url=\"https:\/\/www.caritasne2.org.br\/site\/regional-ne2-realiza-processo-de-escuta-para-a-assembleia-eclesial-da-america-latina-e-do-caribe\/\" data-counter=\"right\"><\/script><\/li><\/ul>","protected":false},"author":4,"featured_media":8459,"comment_status":"open","ping_status":"open","sticky":false,"template":"","format":"standard","meta":[],"categories":[21,20],"tags":[],"_links":{"self":[{"href":"https:\/\/www.caritasne2.org.br\/site\/wp-json\/wp\/v2\/posts\/8456"}],"collection":[{"href":"https:\/\/www.caritasne2.org.br\/site\/wp-json\/wp\/v2\/posts"}],"about":[{"href":"https:\/\/www.caritasne2.org.br\/site\/wp-json\/wp\/v2\/types\/post"}],"author":[{"embeddable":true,"href":"https:\/\/www.caritasne2.org.br\/site\/wp-json\/wp\/v2\/users\/4"}],"replies":[{"embeddable":true,"href":"https:\/\/www.caritasne2.org.br\/site\/wp-json\/wp\/v2\/comments?post=8456"}],"version-history":[{"count":0,"href":"https:\/\/www.caritasne2.org.br\/site\/wp-json\/wp\/v2\/posts\/8456\/revisions"}],"wp:featuredmedia":[{"embeddable":true,"href":"https:\/\/www.caritasne2.org.br\/site\/wp-json\/wp\/v2\/media\/8459"}],"wp:attachment":[{"href":"https:\/\/www.caritasne2.org.br\/site\/wp-json\/wp\/v2\/media?parent=8456"}],"wp:term":[{"taxonomy":"category","embeddable":true,"href":"https:\/\/www.caritasne2.org.br\/site\/wp-json\/wp\/v2\/categories?post=8456"},{"taxonomy":"post_tag","embeddable":true,"href":"https:\/\/www.caritasne2.org.br\/site\/wp-json\/wp\/v2\/tags?post=8456"}],"curies":[{"name":"wp","href":"https:\/\/api.w.org\/{rel}","templated":true}]}}