{"id":8447,"date":"2021-09-08T21:44:05","date_gmt":"2021-09-09T00:44:05","guid":{"rendered":"http:\/\/www.caritasne2.org.br\/?p=8447"},"modified":"2021-09-08T21:44:05","modified_gmt":"2021-09-09T00:44:05","slug":"grupo-de-mulheres-e-catadores-de-saloa-e-caetes-recebem-cartoes-de-alimentacao","status":"publish","type":"post","link":"https:\/\/www.caritasne2.org.br\/site\/grupo-de-mulheres-e-catadores-de-saloa-e-caetes-recebem-cartoes-de-alimentacao\/","title":{"rendered":"Grupo de mulheres e catadores de Salo\u00e1 e Caet\u00e9s recebem cart\u00f5es de alimenta\u00e7\u00e3o"},"content":{"rendered":"<p style=\"text-align: justify;\">O surgimento da Covid-19 no Brasil explicitou ainda mais a enorme desigualdade entre diferentes realidades sociais que coexistem no pa\u00eds, reacendendo as discuss\u00f5es acerca da seguran\u00e7a alimentar e nutricional, \u00e0 semelhan\u00e7a do que vem acontecendo em outros pa\u00edses que enfrentam a mesma situa\u00e7\u00e3o de pandemia.<\/p>\n<p style=\"text-align: justify;\">Neste sentido a, C\u00e1ritas Brasileira Regional NE2 em parceria com a entidade alem\u00e3 Misereor, atrav\u00e9s do projeto \u201cPromo\u00e7\u00e3o e Defesa de Direitos na Perspectiva da Constru\u00e7\u00e3o da Sociedade do Bem Viver\u201d tem fomentado, em munic\u00edpios do Agreste Meridional do estado, inciativas emergenciais que tem amenizado os impactos da pandemia atrav\u00e9s da a\u00e7\u00e3o emergencial\u00a0 \u00c9 Tempo de Cuidar.<\/p>\n<p style=\"text-align: justify;\">No m\u00eas de agosto o Grupo de Mulheres Artes\u00e3s Quilombolas do Atoleiro, do munic\u00edpio de Caet\u00e9s, recebeu cart\u00f5es de alimenta\u00e7\u00e3o no sal\u00e3o Paroquial da Igreja matriz do munic\u00edpio. O momento teve in\u00edcio com as boas vindas, ora\u00e7\u00f5es, e em seguida as mulheres assinaram os termos de recebimentos dos cart\u00f5es de alimenta\u00e7\u00e3o.<\/p>\n<p style=\"text-align: justify;\">Participaram da entrega os assessores t\u00e9cnicos da CBNE2, os agentes de desenvolvimento local (ADL), Williana Alves e Jos\u00e9 Adelson, respons\u00e1veis pela entrega. \u00a0Ao todo foram entregues 13 cart\u00f5es, onde as mulheres ficaram bastante felizes com essa a\u00e7\u00e3o, pois veio no momento certo onde algumas estavam com os estoques de alimenta\u00e7\u00e3o j\u00e1 se esgotando.<\/p>\n<p style=\"text-align: justify;\">Tamb\u00e9m no m\u00eas de agosto foi a vez dos catadores de materiais recicl\u00e1veis do munic\u00edpio de Salo\u00e1, contemplados com a a\u00e7\u00e3o.\u00a0 O momento aconteceu no sal\u00e3o paroquial da Par\u00f3quia S\u00e3o Vicente de Paulo, localizado na Pra\u00e7a S\u00e3o Vicente, e teve a participa\u00e7\u00e3o\u00a0 da agentes de desenvolvimento local (ADL), Williana Alves, e do volunt\u00e1rio da C\u00e1ritas Diocesana de Garanhuns, Ailton J\u00fanior.<\/p>\n<p style=\"text-align: justify;\">Na ocasi\u00e3o foram entregues sete cart\u00f5es onde os contemplados ficaram emocionados por receberem o benef\u00edcio no momento t\u00e3o dif\u00edcil que est\u00e3o passando. Foi o caso de Pedro Silva, que teve seu auxilio emergencial negado e n\u00e3o recebe nenhum aux\u00edlio , e esse veio no momento certo\u00a0 para ajudar.<\/p>\n<p style=\"text-align: justify;\">A assessoria t\u00e9cnica da CBNE2 se re\u00fane com o grupo de catadores todas as segundas-feiras, no sal\u00e3o paroquial para momentos formativos sobre a reciclagem, conserva\u00e7\u00e3o e manejo da \u00e1gua, \u00a0direitos e a \u00a0enc\u00edclica Laudato Si , escrita pelo Papa Francisco.<\/p>\n<p style=\"text-align: justify;\"><a href=\"http:\/\/www.caritasne2.org.br\/grupo-de-mulheres-e-catadores-de-saloa-e-caetes-recebem-cartoes-de-alimentacao\/whatsapp-image-2021-09-03-at-10-29-56-3\/\" rel=\"attachment wp-att-8448\"><img decoding=\"async\" loading=\"lazy\" class=\"aligncenter  wp-image-8448\" src=\"http:\/\/www.caritasne2.org.br\/wp-content\/uploads\/2021\/09\/WhatsApp-Image-2021-09-03-at-10.29.56-3.jpeg\" alt=\"\" width=\"527\" height=\"395\" srcset=\"https:\/\/www.caritasne2.org.br\/site\/wp-content\/uploads\/2021\/09\/WhatsApp-Image-2021-09-03-at-10.29.56-3.jpeg 1280w, https:\/\/www.caritasne2.org.br\/site\/wp-content\/uploads\/2021\/09\/WhatsApp-Image-2021-09-03-at-10.29.56-3-300x225.jpeg 300w, https:\/\/www.caritasne2.org.br\/site\/wp-content\/uploads\/2021\/09\/WhatsApp-Image-2021-09-03-at-10.29.56-3-768x576.jpeg 768w, https:\/\/www.caritasne2.org.br\/site\/wp-content\/uploads\/2021\/09\/WhatsApp-Image-2021-09-03-at-10.29.56-3-1024x768.jpeg 1024w\" sizes=\"(max-width: 527px) 100vw, 527px\" \/><\/a><\/p>\n<p style=\"text-align: justify;\"><a href=\"http:\/\/www.caritasne2.org.br\/grupo-de-mulheres-e-catadores-de-saloa-e-caetes-recebem-cartoes-de-alimentacao\/whatsapp-image-2021-09-03-at-10-51-13-2\/\" rel=\"attachment wp-att-8450\"><img decoding=\"async\" loading=\"lazy\" class=\"aligncenter  wp-image-8450\" src=\"http:\/\/www.caritasne2.org.br\/wp-content\/uploads\/2021\/09\/WhatsApp-Image-2021-09-03-at-10.51.13-2.jpeg\" alt=\"\" width=\"516\" height=\"917\" srcset=\"https:\/\/www.caritasne2.org.br\/site\/wp-content\/uploads\/2021\/09\/WhatsApp-Image-2021-09-03-at-10.51.13-2.jpeg 900w, https:\/\/www.caritasne2.org.br\/site\/wp-content\/uploads\/2021\/09\/WhatsApp-Image-2021-09-03-at-10.51.13-2-169x300.jpeg 169w, https:\/\/www.caritasne2.org.br\/site\/wp-content\/uploads\/2021\/09\/WhatsApp-Image-2021-09-03-at-10.51.13-2-768x1365.jpeg 768w, https:\/\/www.caritasne2.org.br\/site\/wp-content\/uploads\/2021\/09\/WhatsApp-Image-2021-09-03-at-10.51.13-2-576x1024.jpeg 576w\" sizes=\"(max-width: 516px) 100vw, 516px\" \/><\/a><\/p>\n<ul class=\"ssb_list_wrapper\"><li class=\"fb2\" style=\"width:135px\"><iframe src=\"\/\/www.facebook.com\/plugins\/like.php?href=https%3A%2F%2Fwww.caritasne2.org.br%2Fsite%2Fgrupo-de-mulheres-e-catadores-de-saloa-e-caetes-recebem-cartoes-de-alimentacao%2F&amp;layout=button_count&amp;action=like&amp;show_faces=false&amp;share=true&amp;width=135&amp;height=21&amp;appId=307091639398582\" scrolling=\"no\" frameborder=\"0\" style=\"border:none; overflow:hidden;  width:150px; height:21px;\" allowTransparency=\"true\"><\/iframe><\/li><li class=\"twtr\" style=\"width:90px\"><a href=\"https:\/\/twitter.com\/share\" class=\"twitter-share-button\" data-url=\"https:\/\/www.caritasne2.org.br\/site\/grupo-de-mulheres-e-catadores-de-saloa-e-caetes-recebem-cartoes-de-alimentacao\/\">&nbsp;<\/a><script>!function(d,s,id){var js,fjs=d.getElementsByTagName(s)[0],p=\/^http:\/.test(d.location)?'http':'https';if(!d.getElementById(id)){js=d.createElement(s);js.id=id;js.src=p+':\/\/platform.twitter.com\/widgets.js';fjs.parentNode.insertBefore(js,fjs);}}(document, 'script', 'twitter-wjs');<\/script><\/li><li class=\"gplus\" style=\"width:68px\"><div class=\"g-plusone\" data-size=\"medium\" data-href=\"https:\/\/www.caritasne2.org.br\/site\/grupo-de-mulheres-e-catadores-de-saloa-e-caetes-recebem-cartoes-de-alimentacao\/\"><\/div><\/li><li class=\"ssb_linkedin\" style=\"width:64px\"><script src=\"\/\/platform.linkedin.com\/in.js\" type=\"text\/javascript\">lang: en_US<\/script><script type=\"IN\/Share\" data-url=\"https:\/\/www.caritasne2.org.br\/site\/grupo-de-mulheres-e-catadores-de-saloa-e-caetes-recebem-cartoes-de-alimentacao\/\" data-counter=\"right\"><\/script><\/li><\/ul>","protected":false},"excerpt":{"rendered":"<p>O surgimento da Covid-19 no Brasil explicitou ainda mais a enorme desigualdade entre diferentes realidades sociais que coexistem no pa\u00eds, reacendendo as discuss\u00f5es acerca da seguran\u00e7a alimentar e nutricional, \u00e0 semelhan\u00e7a do que vem acontecendo em outros pa\u00edses que enfrentam a mesma situa\u00e7\u00e3o de pandemia. Neste sentido a, C\u00e1ritas Brasileira Regional NE2 em parceria com a entidade alem\u00e3 Misereor, atrav\u00e9s do projeto \u201cPromo\u00e7\u00e3o e Defesa [&hellip;]<\/p>\n<ul class=\"ssb_list_wrapper\"><li class=\"fb2\" style=\"width:135px\"><iframe src=\"\/\/www.facebook.com\/plugins\/like.php?href=https%3A%2F%2Fwww.caritasne2.org.br%2Fsite%2Fgrupo-de-mulheres-e-catadores-de-saloa-e-caetes-recebem-cartoes-de-alimentacao%2F&amp;layout=button_count&amp;action=like&amp;show_faces=false&amp;share=true&amp;width=135&amp;height=21&amp;appId=307091639398582\" scrolling=\"no\" frameborder=\"0\" style=\"border:none; overflow:hidden;  width:150px; height:21px;\" allowTransparency=\"true\"><\/iframe><\/li><li class=\"twtr\" style=\"width:90px\"><a href=\"https:\/\/twitter.com\/share\" class=\"twitter-share-button\" data-url=\"https:\/\/www.caritasne2.org.br\/site\/grupo-de-mulheres-e-catadores-de-saloa-e-caetes-recebem-cartoes-de-alimentacao\/\">&nbsp;<\/a><script>!function(d,s,id){var js,fjs=d.getElementsByTagName(s)[0],p=\/^http:\/.test(d.location)?'http':'https';if(!d.getElementById(id)){js=d.createElement(s);js.id=id;js.src=p+':\/\/platform.twitter.com\/widgets.js';fjs.parentNode.insertBefore(js,fjs);}}(document, 'script', 'twitter-wjs');<\/script><\/li><li class=\"gplus\" style=\"width:68px\"><div class=\"g-plusone\" data-size=\"medium\" data-href=\"https:\/\/www.caritasne2.org.br\/site\/grupo-de-mulheres-e-catadores-de-saloa-e-caetes-recebem-cartoes-de-alimentacao\/\"><\/div><\/li><li class=\"ssb_linkedin\" style=\"width:64px\"><script src=\"\/\/platform.linkedin.com\/in.js\" type=\"text\/javascript\">lang: en_US<\/script><script type=\"IN\/Share\" data-url=\"https:\/\/www.caritasne2.org.br\/site\/grupo-de-mulheres-e-catadores-de-saloa-e-caetes-recebem-cartoes-de-alimentacao\/\" data-counter=\"right\"><\/script><\/li><\/ul>","protected":false},"author":4,"featured_media":8453,"comment_status":"open","ping_status":"open","sticky":false,"template":"","format":"standard","meta":[],"categories":[21,20],"tags":[],"_links":{"self":[{"href":"https:\/\/www.caritasne2.org.br\/site\/wp-json\/wp\/v2\/posts\/8447"}],"collection":[{"href":"https:\/\/www.caritasne2.org.br\/site\/wp-json\/wp\/v2\/posts"}],"about":[{"href":"https:\/\/www.caritasne2.org.br\/site\/wp-json\/wp\/v2\/types\/post"}],"author":[{"embeddable":true,"href":"https:\/\/www.caritasne2.org.br\/site\/wp-json\/wp\/v2\/users\/4"}],"replies":[{"embeddable":true,"href":"https:\/\/www.caritasne2.org.br\/site\/wp-json\/wp\/v2\/comments?post=8447"}],"version-history":[{"count":0,"href":"https:\/\/www.caritasne2.org.br\/site\/wp-json\/wp\/v2\/posts\/8447\/revisions"}],"wp:featuredmedia":[{"embeddable":true,"href":"https:\/\/www.caritasne2.org.br\/site\/wp-json\/wp\/v2\/media\/8453"}],"wp:attachment":[{"href":"https:\/\/www.caritasne2.org.br\/site\/wp-json\/wp\/v2\/media?parent=8447"}],"wp:term":[{"taxonomy":"category","embeddable":true,"href":"https:\/\/www.caritasne2.org.br\/site\/wp-json\/wp\/v2\/categories?post=8447"},{"taxonomy":"post_tag","embeddable":true,"href":"https:\/\/www.caritasne2.org.br\/site\/wp-json\/wp\/v2\/tags?post=8447"}],"curies":[{"name":"wp","href":"https:\/\/api.w.org\/{rel}","templated":true}]}}