{"id":8438,"date":"2021-09-07T10:30:53","date_gmt":"2021-09-07T13:30:53","guid":{"rendered":"http:\/\/www.caritasne2.org.br\/?p=8438"},"modified":"2021-09-05T20:28:34","modified_gmt":"2021-09-05T23:28:34","slug":"espaco-agroecologico-dona-mira-em-garanhuns-apresenta-experiencia-assessorada-pela-caritas-ne2","status":"publish","type":"post","link":"https:\/\/www.caritasne2.org.br\/site\/espaco-agroecologico-dona-mira-em-garanhuns-apresenta-experiencia-assessorada-pela-caritas-ne2\/","title":{"rendered":"Espa\u00e7o Agroecol\u00f3gico Dona Mira, em Garanhuns, apresenta experi\u00eancia assessorada pela C\u00e1ritas NE2"},"content":{"rendered":"<p>Com o intuito de fortalecer as a\u00e7\u00f5es junto aos povos e comunidades tradicionais, agentes C\u00e1ritas do Regional NE2, realizaram uma visita de monitoramento a comunidade Quilombola de Estivas, em Garanhuns, para conhecer a Unidade Demonstrativa Territorial (UDT), no Espa\u00e7o Agroecol\u00f3gico Dona Mira.<\/p>\n<p style=\"text-align: justify;\">A visita teve in\u00edcio com a presidente da C\u00e1ritas Diocesana de Garanhuns, Aparecida Nascimento, apresentando os participantes e na sequ\u00eancia houve apresenta\u00e7\u00e3o do grupo de dan\u00e7a afro \u201cNegras Unbutu\u201d.\u00a0 Em seguida a agricultora, Rosa da Silva, relatou a satisfa\u00e7\u00e3o em fazer parte do projeto de implementa\u00e7\u00e3o da UDT e do biodogestor, e o quanto esse projeto vem transformando sua vida principalmente agora com o aumento no valor do g\u00e1s de cozinha.<\/p>\n<p style=\"text-align: justify;\">Ela tamb\u00e9m pontuou que no in\u00edcio da implanta\u00e7\u00e3o n\u00e3o conseguia acreditar como as fezes de animais iriam virar g\u00e1s, e aquecer suas panelas para o preparo dos alimentos.\u00a0\u201cDepois do projeto pronto e todos os equipamentos instalados fiquei eternamente grata, e por onde passo falo da experi\u00eancia com as a\u00e7\u00f5es da C\u00e1ritas\u201d, declara.<\/p>\n<p style=\"text-align: justify;\">Finalizando o momento, a secret\u00e1ria executiva da C\u00e1ritas Regional NE2, Neilda Pereira, ressaltou a import\u00e2ncia da organiza\u00e7\u00e3o da comunidade para debater os temas de interesse coletivo, e o empenho e dedica\u00e7\u00e3o nas a\u00e7\u00f5es, e como a C\u00e1ritas Regional tem contribu\u00eddo para esse desenvolvimento. Em seguida conheceram os canteiros tipo mandala, viveiro de galinhas e a farm\u00e1cia viva, onde os residentes da \u00a0s\u00e9tima turma de sa\u00fade da Universidade de Pernambuco ( UPE), Campus Garanhuns, est\u00e3o participando ativamente do manejo e cultivo agroecol\u00f3gico.<\/p>\n<p style=\"text-align: justify;\">Segundo a assessoria t\u00e9cnica da C\u00e1ritas, \u201c participar de atividades como esta \u00e9 importante para mantermos um elo entre a comunidade, e a C\u00e1ritas. \u00c9 atrav\u00e9s dessas visitas que surgem novas oportunidades de projetos e o fortalecimento dos j\u00e1 executados e existentes&#8221;, conclui \u00c1vila Pontes.<\/p>\n<p>&nbsp;<\/p>\n<p><a href=\"http:\/\/www.caritasne2.org.br\/?attachment_id=8440\" rel=\"attachment wp-att-8440\"><img decoding=\"async\" loading=\"lazy\" class=\"aligncenter  wp-image-8440\" src=\"http:\/\/www.caritasne2.org.br\/wp-content\/uploads\/2021\/09\/20210821_143857.jpg\" alt=\"\" width=\"593\" height=\"333\" srcset=\"https:\/\/www.caritasne2.org.br\/site\/wp-content\/uploads\/2021\/09\/20210821_143857.jpg 4128w, https:\/\/www.caritasne2.org.br\/site\/wp-content\/uploads\/2021\/09\/20210821_143857-300x169.jpg 300w, https:\/\/www.caritasne2.org.br\/site\/wp-content\/uploads\/2021\/09\/20210821_143857-768x432.jpg 768w, https:\/\/www.caritasne2.org.br\/site\/wp-content\/uploads\/2021\/09\/20210821_143857-1024x576.jpg 1024w, https:\/\/www.caritasne2.org.br\/site\/wp-content\/uploads\/2021\/09\/20210821_143857-588x330.jpg 588w\" sizes=\"(max-width: 593px) 100vw, 593px\" \/><\/a><\/p>\n<p>&nbsp;<\/p>\n<p>&nbsp;<\/p>\n<p><a href=\"http:\/\/www.caritasne2.org.br\/?attachment_id=8439\" rel=\"attachment wp-att-8439\"><img decoding=\"async\" loading=\"lazy\" class=\"aligncenter  wp-image-8439\" src=\"http:\/\/www.caritasne2.org.br\/wp-content\/uploads\/2021\/09\/20210821_142800.jpg\" alt=\"\" width=\"557\" height=\"313\" srcset=\"https:\/\/www.caritasne2.org.br\/site\/wp-content\/uploads\/2021\/09\/20210821_142800.jpg 4128w, https:\/\/www.caritasne2.org.br\/site\/wp-content\/uploads\/2021\/09\/20210821_142800-300x169.jpg 300w, https:\/\/www.caritasne2.org.br\/site\/wp-content\/uploads\/2021\/09\/20210821_142800-768x432.jpg 768w, https:\/\/www.caritasne2.org.br\/site\/wp-content\/uploads\/2021\/09\/20210821_142800-1024x576.jpg 1024w, https:\/\/www.caritasne2.org.br\/site\/wp-content\/uploads\/2021\/09\/20210821_142800-588x330.jpg 588w\" sizes=\"(max-width: 557px) 100vw, 557px\" \/><\/a><\/p>\n<ul class=\"ssb_list_wrapper\"><li class=\"fb2\" style=\"width:135px\"><iframe src=\"\/\/www.facebook.com\/plugins\/like.php?href=https%3A%2F%2Fwww.caritasne2.org.br%2Fsite%2Fespaco-agroecologico-dona-mira-em-garanhuns-apresenta-experiencia-assessorada-pela-caritas-ne2%2F&amp;layout=button_count&amp;action=like&amp;show_faces=false&amp;share=true&amp;width=135&amp;height=21&amp;appId=307091639398582\" scrolling=\"no\" frameborder=\"0\" style=\"border:none; overflow:hidden;  width:150px; height:21px;\" allowTransparency=\"true\"><\/iframe><\/li><li class=\"twtr\" style=\"width:90px\"><a href=\"https:\/\/twitter.com\/share\" class=\"twitter-share-button\" data-url=\"https:\/\/www.caritasne2.org.br\/site\/espaco-agroecologico-dona-mira-em-garanhuns-apresenta-experiencia-assessorada-pela-caritas-ne2\/\">&nbsp;<\/a><script>!function(d,s,id){var js,fjs=d.getElementsByTagName(s)[0],p=\/^http:\/.test(d.location)?'http':'https';if(!d.getElementById(id)){js=d.createElement(s);js.id=id;js.src=p+':\/\/platform.twitter.com\/widgets.js';fjs.parentNode.insertBefore(js,fjs);}}(document, 'script', 'twitter-wjs');<\/script><\/li><li class=\"gplus\" style=\"width:68px\"><div class=\"g-plusone\" data-size=\"medium\" data-href=\"https:\/\/www.caritasne2.org.br\/site\/espaco-agroecologico-dona-mira-em-garanhuns-apresenta-experiencia-assessorada-pela-caritas-ne2\/\"><\/div><\/li><li class=\"ssb_linkedin\" style=\"width:64px\"><script src=\"\/\/platform.linkedin.com\/in.js\" type=\"text\/javascript\">lang: en_US<\/script><script type=\"IN\/Share\" data-url=\"https:\/\/www.caritasne2.org.br\/site\/espaco-agroecologico-dona-mira-em-garanhuns-apresenta-experiencia-assessorada-pela-caritas-ne2\/\" data-counter=\"right\"><\/script><\/li><\/ul>","protected":false},"excerpt":{"rendered":"<p>Com o intuito de fortalecer as a\u00e7\u00f5es junto aos povos e comunidades tradicionais, agentes C\u00e1ritas do Regional NE2, realizaram uma visita de monitoramento a comunidade Quilombola de Estivas, em Garanhuns, para conhecer a Unidade Demonstrativa Territorial (UDT), no Espa\u00e7o Agroecol\u00f3gico Dona Mira. A visita teve in\u00edcio com a presidente da C\u00e1ritas Diocesana de Garanhuns, Aparecida Nascimento, apresentando os participantes e na sequ\u00eancia houve apresenta\u00e7\u00e3o do [&hellip;]<\/p>\n<ul class=\"ssb_list_wrapper\"><li class=\"fb2\" style=\"width:135px\"><iframe src=\"\/\/www.facebook.com\/plugins\/like.php?href=https%3A%2F%2Fwww.caritasne2.org.br%2Fsite%2Fespaco-agroecologico-dona-mira-em-garanhuns-apresenta-experiencia-assessorada-pela-caritas-ne2%2F&amp;layout=button_count&amp;action=like&amp;show_faces=false&amp;share=true&amp;width=135&amp;height=21&amp;appId=307091639398582\" scrolling=\"no\" frameborder=\"0\" style=\"border:none; overflow:hidden;  width:150px; height:21px;\" allowTransparency=\"true\"><\/iframe><\/li><li class=\"twtr\" style=\"width:90px\"><a href=\"https:\/\/twitter.com\/share\" class=\"twitter-share-button\" data-url=\"https:\/\/www.caritasne2.org.br\/site\/espaco-agroecologico-dona-mira-em-garanhuns-apresenta-experiencia-assessorada-pela-caritas-ne2\/\">&nbsp;<\/a><script>!function(d,s,id){var js,fjs=d.getElementsByTagName(s)[0],p=\/^http:\/.test(d.location)?'http':'https';if(!d.getElementById(id)){js=d.createElement(s);js.id=id;js.src=p+':\/\/platform.twitter.com\/widgets.js';fjs.parentNode.insertBefore(js,fjs);}}(document, 'script', 'twitter-wjs');<\/script><\/li><li class=\"gplus\" style=\"width:68px\"><div class=\"g-plusone\" data-size=\"medium\" data-href=\"https:\/\/www.caritasne2.org.br\/site\/espaco-agroecologico-dona-mira-em-garanhuns-apresenta-experiencia-assessorada-pela-caritas-ne2\/\"><\/div><\/li><li class=\"ssb_linkedin\" style=\"width:64px\"><script src=\"\/\/platform.linkedin.com\/in.js\" type=\"text\/javascript\">lang: en_US<\/script><script type=\"IN\/Share\" data-url=\"https:\/\/www.caritasne2.org.br\/site\/espaco-agroecologico-dona-mira-em-garanhuns-apresenta-experiencia-assessorada-pela-caritas-ne2\/\" data-counter=\"right\"><\/script><\/li><\/ul>","protected":false},"author":4,"featured_media":8443,"comment_status":"open","ping_status":"open","sticky":false,"template":"","format":"standard","meta":[],"categories":[21,20],"tags":[],"_links":{"self":[{"href":"https:\/\/www.caritasne2.org.br\/site\/wp-json\/wp\/v2\/posts\/8438"}],"collection":[{"href":"https:\/\/www.caritasne2.org.br\/site\/wp-json\/wp\/v2\/posts"}],"about":[{"href":"https:\/\/www.caritasne2.org.br\/site\/wp-json\/wp\/v2\/types\/post"}],"author":[{"embeddable":true,"href":"https:\/\/www.caritasne2.org.br\/site\/wp-json\/wp\/v2\/users\/4"}],"replies":[{"embeddable":true,"href":"https:\/\/www.caritasne2.org.br\/site\/wp-json\/wp\/v2\/comments?post=8438"}],"version-history":[{"count":0,"href":"https:\/\/www.caritasne2.org.br\/site\/wp-json\/wp\/v2\/posts\/8438\/revisions"}],"wp:featuredmedia":[{"embeddable":true,"href":"https:\/\/www.caritasne2.org.br\/site\/wp-json\/wp\/v2\/media\/8443"}],"wp:attachment":[{"href":"https:\/\/www.caritasne2.org.br\/site\/wp-json\/wp\/v2\/media?parent=8438"}],"wp:term":[{"taxonomy":"category","embeddable":true,"href":"https:\/\/www.caritasne2.org.br\/site\/wp-json\/wp\/v2\/categories?post=8438"},{"taxonomy":"post_tag","embeddable":true,"href":"https:\/\/www.caritasne2.org.br\/site\/wp-json\/wp\/v2\/tags?post=8438"}],"curies":[{"name":"wp","href":"https:\/\/api.w.org\/{rel}","templated":true}]}}