{"id":8431,"date":"2021-09-05T19:47:33","date_gmt":"2021-09-05T22:47:33","guid":{"rendered":"http:\/\/www.caritasne2.org.br\/?p=8431"},"modified":"2021-09-05T20:10:41","modified_gmt":"2021-09-05T23:10:41","slug":"caritas-regionalne2-participa-de-mapeamento-nacional-sobre-assistencia-em-saude-mental-e-atencao-psicossocial-a-populacao-migrante-e-refugiada-no-brasil","status":"publish","type":"post","link":"https:\/\/www.caritasne2.org.br\/site\/caritas-regionalne2-participa-de-mapeamento-nacional-sobre-assistencia-em-saude-mental-e-atencao-psicossocial-a-populacao-migrante-e-refugiada-no-brasil\/","title":{"rendered":"C\u00e1ritas RegionalNE2 participa de mapeamento nacional sobre assist\u00eancia em sa\u00fade mental e aten\u00e7\u00e3o psicossocial \u00e0 popula\u00e7\u00e3o migrante e refugiada no Brasil"},"content":{"rendered":"<p style=\"text-align: justify;\">Em agosto a <em>Organiza\u00e7\u00e3o Internacional para as Migra\u00e7\u00f5es (<\/em>OIM) e o Minist\u00e9rio da Justi\u00e7a e Seguran\u00e7a P\u00fablica (MJSP), por meio da Coordena\u00e7\u00e3o-Geral do Comit\u00ea Nacional para os Refugiados (CG-Conare), lan\u00e7aram o Mapeamento sobre assist\u00eancia em sa\u00fade mental de migrantes e refugiados. A publica\u00e7\u00e3o \u201cAssist\u00eancia em Sa\u00fade Mental e Aten\u00e7\u00e3o Psicossocial \u00e0 Popula\u00e7\u00e3o Migrante e Refugiada no Brasil: a rede de apoio da sociedade civil\u201d tem como objetivo fornecer subs\u00eddios para o desenvolvimento de a\u00e7\u00f5es, capacita\u00e7\u00f5es e pol\u00edticas que visem aprimorar o acolhimento em Sa\u00fade Mental e Aten\u00e7\u00e3o Psicossocial (SMAPS).<\/p>\n<p style=\"text-align: justify;\">O material faz parte da Iniciativa de Reassentamento Sustent\u00e1vel e Vias Complementares (CRISP), com financiamento dos governos de Portugal e dos Estados Unidos da Am\u00e9rica, e vem sendo desenvolvido desde os meses de outubro a dezembro de 2020. A assessora regional de Migra\u00e7\u00e3o e Ref\u00fagio da CBNE2, Luciana Flor\u00eancio, participou dos encontros virtuais onde foram realizadas consultas e \u00a0aplica\u00e7\u00f5es de question\u00e1rios \u00e0s institui\u00e7\u00f5es que atuam com migrantes e refugiados,\u00a0 seguido de uma\u00a0 apresenta\u00e7\u00e3o das realidades das a\u00e7\u00f5es desenvolvidas pela Rede C\u00e1ritas nos quatro \u00a0estados de atua\u00e7\u00e3o &#8211; Alagoas , Para\u00edba, Rio Grande do Norte e Pernambuco.<\/p>\n<p style=\"text-align: justify;\">Integrante deste espa\u00e7o de articula\u00e7\u00e3o e incid\u00eancia ap\u00f3s colaborarmos\u00a0 com o\u00a0question\u00e1rio, participamos de uma oficina virtual\u00a0 onde as \u00a0organiza\u00e7\u00f5es foram selecionadas de acordo com a relev\u00e2ncia de seu trabalho com a tem\u00e1tica.\u00a0A CBNE2 tem dentre suas \u00e1reas de atua\u00e7\u00e3o a tem\u00e1tica de Migra\u00e7\u00e3o e Ref\u00fagio, que promove assessoria social \u00e0s fam\u00edlias migrantes sendo uma das organiza\u00e7\u00f5es da sociedade civil que prestam assist\u00eancia em Sa\u00fade Mental e Aten\u00e7\u00e3o Psicossocial \u00e0 popula\u00e7\u00e3o migrante refugiada no Brasil.<\/p>\n<p style=\"text-align: justify;\">A publica\u00e7\u00e3o faz parte da Iniciativa de Reassentamento Sustent\u00e1vel e Vias Complementares (CRISP), com financiamento dos governos de Portugal e dos Estados Unidos da Am\u00e9rica.<\/p>\n<p style=\"text-align: justify;\">Confira o relat\u00f3rio <a href=\"https:\/\/brazil.iom.int\/sites\/brazil\/files\/Publications\/AESM_final_online_2021.pdf\">aqui.\u00a0<\/a><\/p>\n<p style=\"text-align: justify;\"><a href=\"http:\/\/www.caritasne2.org.br\/caritas-regionalne2-participa-de-mapeamento-nacional-sobre-assistencia-em-saude-mental-e-atencao-psicossocial-a-populacao-migrante-e-refugiada-no-brasil\/mapeamento-oim-2\/\" rel=\"attachment wp-att-8432\"><img decoding=\"async\" loading=\"lazy\" class=\"aligncenter size-full wp-image-8432\" src=\"http:\/\/www.caritasne2.org.br\/wp-content\/uploads\/2021\/09\/MAPEAMENTO-oim-2.png\" alt=\"\" width=\"599\" height=\"837\" srcset=\"https:\/\/www.caritasne2.org.br\/site\/wp-content\/uploads\/2021\/09\/MAPEAMENTO-oim-2.png 599w, https:\/\/www.caritasne2.org.br\/site\/wp-content\/uploads\/2021\/09\/MAPEAMENTO-oim-2-215x300.png 215w\" sizes=\"(max-width: 599px) 100vw, 599px\" \/><\/a><\/p>\n<p>&nbsp;<\/p>\n<ul class=\"ssb_list_wrapper\"><li class=\"fb2\" style=\"width:135px\"><iframe src=\"\/\/www.facebook.com\/plugins\/like.php?href=https%3A%2F%2Fwww.caritasne2.org.br%2Fsite%2Fcaritas-regionalne2-participa-de-mapeamento-nacional-sobre-assistencia-em-saude-mental-e-atencao-psicossocial-a-populacao-migrante-e-refugiada-no-brasil%2F&amp;layout=button_count&amp;action=like&amp;show_faces=false&amp;share=true&amp;width=135&amp;height=21&amp;appId=307091639398582\" scrolling=\"no\" frameborder=\"0\" style=\"border:none; overflow:hidden;  width:150px; height:21px;\" allowTransparency=\"true\"><\/iframe><\/li><li class=\"twtr\" style=\"width:90px\"><a href=\"https:\/\/twitter.com\/share\" class=\"twitter-share-button\" data-url=\"https:\/\/www.caritasne2.org.br\/site\/caritas-regionalne2-participa-de-mapeamento-nacional-sobre-assistencia-em-saude-mental-e-atencao-psicossocial-a-populacao-migrante-e-refugiada-no-brasil\/\">&nbsp;<\/a><script>!function(d,s,id){var js,fjs=d.getElementsByTagName(s)[0],p=\/^http:\/.test(d.location)?'http':'https';if(!d.getElementById(id)){js=d.createElement(s);js.id=id;js.src=p+':\/\/platform.twitter.com\/widgets.js';fjs.parentNode.insertBefore(js,fjs);}}(document, 'script', 'twitter-wjs');<\/script><\/li><li class=\"gplus\" style=\"width:68px\"><div class=\"g-plusone\" data-size=\"medium\" data-href=\"https:\/\/www.caritasne2.org.br\/site\/caritas-regionalne2-participa-de-mapeamento-nacional-sobre-assistencia-em-saude-mental-e-atencao-psicossocial-a-populacao-migrante-e-refugiada-no-brasil\/\"><\/div><\/li><li class=\"ssb_linkedin\" style=\"width:64px\"><script src=\"\/\/platform.linkedin.com\/in.js\" type=\"text\/javascript\">lang: en_US<\/script><script type=\"IN\/Share\" data-url=\"https:\/\/www.caritasne2.org.br\/site\/caritas-regionalne2-participa-de-mapeamento-nacional-sobre-assistencia-em-saude-mental-e-atencao-psicossocial-a-populacao-migrante-e-refugiada-no-brasil\/\" data-counter=\"right\"><\/script><\/li><\/ul>","protected":false},"excerpt":{"rendered":"<p>Em agosto a Organiza\u00e7\u00e3o Internacional para as Migra\u00e7\u00f5es (OIM) e o Minist\u00e9rio da Justi\u00e7a e Seguran\u00e7a P\u00fablica (MJSP), por meio da Coordena\u00e7\u00e3o-Geral do Comit\u00ea Nacional para os Refugiados (CG-Conare), lan\u00e7aram o Mapeamento sobre assist\u00eancia em sa\u00fade mental de migrantes e refugiados. A publica\u00e7\u00e3o \u201cAssist\u00eancia em Sa\u00fade Mental e Aten\u00e7\u00e3o Psicossocial \u00e0 Popula\u00e7\u00e3o Migrante e Refugiada no Brasil: a rede de apoio da sociedade civil\u201d tem [&hellip;]<\/p>\n<ul class=\"ssb_list_wrapper\"><li class=\"fb2\" style=\"width:135px\"><iframe src=\"\/\/www.facebook.com\/plugins\/like.php?href=https%3A%2F%2Fwww.caritasne2.org.br%2Fsite%2Fcaritas-regionalne2-participa-de-mapeamento-nacional-sobre-assistencia-em-saude-mental-e-atencao-psicossocial-a-populacao-migrante-e-refugiada-no-brasil%2F&amp;layout=button_count&amp;action=like&amp;show_faces=false&amp;share=true&amp;width=135&amp;height=21&amp;appId=307091639398582\" scrolling=\"no\" frameborder=\"0\" style=\"border:none; overflow:hidden;  width:150px; height:21px;\" allowTransparency=\"true\"><\/iframe><\/li><li class=\"twtr\" style=\"width:90px\"><a href=\"https:\/\/twitter.com\/share\" class=\"twitter-share-button\" data-url=\"https:\/\/www.caritasne2.org.br\/site\/caritas-regionalne2-participa-de-mapeamento-nacional-sobre-assistencia-em-saude-mental-e-atencao-psicossocial-a-populacao-migrante-e-refugiada-no-brasil\/\">&nbsp;<\/a><script>!function(d,s,id){var js,fjs=d.getElementsByTagName(s)[0],p=\/^http:\/.test(d.location)?'http':'https';if(!d.getElementById(id)){js=d.createElement(s);js.id=id;js.src=p+':\/\/platform.twitter.com\/widgets.js';fjs.parentNode.insertBefore(js,fjs);}}(document, 'script', 'twitter-wjs');<\/script><\/li><li class=\"gplus\" style=\"width:68px\"><div class=\"g-plusone\" data-size=\"medium\" data-href=\"https:\/\/www.caritasne2.org.br\/site\/caritas-regionalne2-participa-de-mapeamento-nacional-sobre-assistencia-em-saude-mental-e-atencao-psicossocial-a-populacao-migrante-e-refugiada-no-brasil\/\"><\/div><\/li><li class=\"ssb_linkedin\" style=\"width:64px\"><script src=\"\/\/platform.linkedin.com\/in.js\" type=\"text\/javascript\">lang: en_US<\/script><script type=\"IN\/Share\" data-url=\"https:\/\/www.caritasne2.org.br\/site\/caritas-regionalne2-participa-de-mapeamento-nacional-sobre-assistencia-em-saude-mental-e-atencao-psicossocial-a-populacao-migrante-e-refugiada-no-brasil\/\" data-counter=\"right\"><\/script><\/li><\/ul>","protected":false},"author":4,"featured_media":8434,"comment_status":"open","ping_status":"open","sticky":false,"template":"","format":"standard","meta":[],"categories":[21,20],"tags":[],"_links":{"self":[{"href":"https:\/\/www.caritasne2.org.br\/site\/wp-json\/wp\/v2\/posts\/8431"}],"collection":[{"href":"https:\/\/www.caritasne2.org.br\/site\/wp-json\/wp\/v2\/posts"}],"about":[{"href":"https:\/\/www.caritasne2.org.br\/site\/wp-json\/wp\/v2\/types\/post"}],"author":[{"embeddable":true,"href":"https:\/\/www.caritasne2.org.br\/site\/wp-json\/wp\/v2\/users\/4"}],"replies":[{"embeddable":true,"href":"https:\/\/www.caritasne2.org.br\/site\/wp-json\/wp\/v2\/comments?post=8431"}],"version-history":[{"count":0,"href":"https:\/\/www.caritasne2.org.br\/site\/wp-json\/wp\/v2\/posts\/8431\/revisions"}],"wp:featuredmedia":[{"embeddable":true,"href":"https:\/\/www.caritasne2.org.br\/site\/wp-json\/wp\/v2\/media\/8434"}],"wp:attachment":[{"href":"https:\/\/www.caritasne2.org.br\/site\/wp-json\/wp\/v2\/media?parent=8431"}],"wp:term":[{"taxonomy":"category","embeddable":true,"href":"https:\/\/www.caritasne2.org.br\/site\/wp-json\/wp\/v2\/categories?post=8431"},{"taxonomy":"post_tag","embeddable":true,"href":"https:\/\/www.caritasne2.org.br\/site\/wp-json\/wp\/v2\/tags?post=8431"}],"curies":[{"name":"wp","href":"https:\/\/api.w.org\/{rel}","templated":true}]}}