{"id":8412,"date":"2021-09-01T10:35:55","date_gmt":"2021-09-01T13:35:55","guid":{"rendered":"http:\/\/www.caritasne2.org.br\/?p=8412"},"modified":"2021-09-01T10:35:56","modified_gmt":"2021-09-01T13:35:56","slug":"programa-de-migracao-e-refugio-da-caritas-regional-ne2-entrega-mais-de-100-cestas-de-alimentos-atraves-do-projeto-rafa","status":"publish","type":"post","link":"https:\/\/www.caritasne2.org.br\/site\/programa-de-migracao-e-refugio-da-caritas-regional-ne2-entrega-mais-de-100-cestas-de-alimentos-atraves-do-projeto-rafa\/","title":{"rendered":"Programa de Migra\u00e7\u00e3o e Ref\u00fagio da C\u00e1ritas Regional NE2 entrega mais de 100 cestas de alimentos atrav\u00e9s do Projeto RAFA"},"content":{"rendered":"<p style=\"font-weight: 400; text-align: center;\"><em>Durante a entrega, os migrantes participaram e responderam o Diagn\u00f3stico R\u00e1pido Urbano e Participativo (DRUP)<\/em><\/p>\n<p style=\"font-weight: 400; text-align: justify;\">\u201cN\u00e3o amemos com palavras, mas com obras\u201d. Essa frase proferida pelo Papa Francisco no primeiro dia Mundial dos Pobres em 2017 se encaixa bem no objetivo das a\u00e7\u00f5es realizadas dentro da A\u00e7\u00e3o Solid\u00e1ria Emergencial \u00c9 Tempo de Cuidar, da Igreja no Brasil, que dentre tantos, promove a bandeira em combate \u00e0 inseguran\u00e7a alimentar e \u00e0 vulnerabilidade social.<\/p>\n<p style=\"font-weight: 400; text-align: justify;\">E para fortalecer ainda mais esse direito, nos dias 24 e 25 de agosto, agentes C\u00e1ritas do Programa de Migra\u00e7\u00e3o e Ref\u00fagio do Regional NE2 realizaram atrav\u00e9s do Projeto RAFA &#8211; Rede de Amor, Fraternidade e Amizade,\u00a0entregas de mais de 100 cestas de alimentos para migrantes em situa\u00e7\u00e3o de vulnerabilidade social.<\/p>\n<p style=\"font-weight: 400; text-align: justify;\">\u00a0O\u00a0Convento da Gl\u00f3ria, localizado no Centro do Recife, sediou a entrega nestes dois dias\u00a0beneficiando 62 fam\u00edlias migrantes. Na ocasi\u00e3o, as fam\u00edlias migrantes tamb\u00e9m responderam o Diagn\u00f3stico R\u00e1pido Urbano e Participativo (DRUP), instrumental que mapeia e\u00a0coleta informa\u00e7\u00f5es para utiliza\u00e7\u00e3o em projetos de desenvolvimento, e tem como objetivo apontar: os problemas priorit\u00e1rios que afetam uma popula\u00e7\u00e3o, e as poss\u00edveis solu\u00e7\u00f5es dentro de uma comunidade.\u00a0\u00a0A doa\u00e7\u00e3o de cestas de alimentos \u00e9 uma iniciativa da CBNE2 em parceria com o Minist\u00e9rio da Justi\u00e7a.<\/p>\n<p style=\"text-align: justify;\">Os agentes C\u00e1ritas destacaram que na\u00a0pr\u00f3xima semana ser\u00e3o entregues mais 68 cestas de alimentos, totalizando 130 cestas distribu\u00eddas para fam\u00edlias que s\u00e3o assessoradas e acompanhadas pela C\u00e1ritas Regional NE2.<\/p>\n<p style=\"text-align: justify;\"><a href=\"http:\/\/www.caritasne2.org.br\/programa-de-migracao-e-refugio-da-caritas-regional-ne2-entrega-mais-de-100-cestas-de-alimentos-atraves-do-projeto-rafa\/whatsapp-image-2021-08-25-at-15-56-45\/\" rel=\"attachment wp-att-8414\"><img decoding=\"async\" loading=\"lazy\" class=\"aligncenter  wp-image-8414\" src=\"http:\/\/www.caritasne2.org.br\/wp-content\/uploads\/2021\/09\/WhatsApp-Image-2021-08-25-at-15.56.45.jpeg\" alt=\"\" width=\"672\" height=\"302\" srcset=\"https:\/\/www.caritasne2.org.br\/site\/wp-content\/uploads\/2021\/09\/WhatsApp-Image-2021-08-25-at-15.56.45.jpeg 1280w, https:\/\/www.caritasne2.org.br\/site\/wp-content\/uploads\/2021\/09\/WhatsApp-Image-2021-08-25-at-15.56.45-300x135.jpeg 300w, https:\/\/www.caritasne2.org.br\/site\/wp-content\/uploads\/2021\/09\/WhatsApp-Image-2021-08-25-at-15.56.45-768x346.jpeg 768w, https:\/\/www.caritasne2.org.br\/site\/wp-content\/uploads\/2021\/09\/WhatsApp-Image-2021-08-25-at-15.56.45-1024x461.jpeg 1024w\" sizes=\"(max-width: 672px) 100vw, 672px\" \/><\/a><\/p>\n<p style=\"text-align: justify;\"><a href=\"http:\/\/www.caritasne2.org.br\/programa-de-migracao-e-refugio-da-caritas-regional-ne2-entrega-mais-de-100-cestas-de-alimentos-atraves-do-projeto-rafa\/whatsapp-image-2021-08-25-at-15-46-35\/\" rel=\"attachment wp-att-8420\"><img decoding=\"async\" loading=\"lazy\" class=\"aligncenter  wp-image-8420\" src=\"http:\/\/www.caritasne2.org.br\/wp-content\/uploads\/2021\/09\/WhatsApp-Image-2021-08-25-at-15.46.35.jpeg\" alt=\"\" width=\"502\" height=\"377\" srcset=\"https:\/\/www.caritasne2.org.br\/site\/wp-content\/uploads\/2021\/09\/WhatsApp-Image-2021-08-25-at-15.46.35.jpeg 1600w, https:\/\/www.caritasne2.org.br\/site\/wp-content\/uploads\/2021\/09\/WhatsApp-Image-2021-08-25-at-15.46.35-300x225.jpeg 300w, https:\/\/www.caritasne2.org.br\/site\/wp-content\/uploads\/2021\/09\/WhatsApp-Image-2021-08-25-at-15.46.35-768x576.jpeg 768w, https:\/\/www.caritasne2.org.br\/site\/wp-content\/uploads\/2021\/09\/WhatsApp-Image-2021-08-25-at-15.46.35-1024x768.jpeg 1024w\" sizes=\"(max-width: 502px) 100vw, 502px\" \/><\/a><\/p>\n<p style=\"text-align: justify;\"><a href=\"http:\/\/www.caritasne2.org.br\/programa-de-migracao-e-refugio-da-caritas-regional-ne2-entrega-mais-de-100-cestas-de-alimentos-atraves-do-projeto-rafa\/whatsapp-image-2021-08-25-at-15-46-34\/\" rel=\"attachment wp-att-8421\"><img decoding=\"async\" loading=\"lazy\" class=\"aligncenter  wp-image-8421\" src=\"http:\/\/www.caritasne2.org.br\/wp-content\/uploads\/2021\/09\/WhatsApp-Image-2021-08-25-at-15.46.34.jpeg\" alt=\"\" width=\"565\" height=\"424\" srcset=\"https:\/\/www.caritasne2.org.br\/site\/wp-content\/uploads\/2021\/09\/WhatsApp-Image-2021-08-25-at-15.46.34.jpeg 1032w, https:\/\/www.caritasne2.org.br\/site\/wp-content\/uploads\/2021\/09\/WhatsApp-Image-2021-08-25-at-15.46.34-300x225.jpeg 300w, https:\/\/www.caritasne2.org.br\/site\/wp-content\/uploads\/2021\/09\/WhatsApp-Image-2021-08-25-at-15.46.34-768x576.jpeg 768w, https:\/\/www.caritasne2.org.br\/site\/wp-content\/uploads\/2021\/09\/WhatsApp-Image-2021-08-25-at-15.46.34-1024x768.jpeg 1024w\" sizes=\"(max-width: 565px) 100vw, 565px\" \/><\/a><\/p>\n<p style=\"text-align: justify;\">\n<ul class=\"ssb_list_wrapper\"><li class=\"fb2\" style=\"width:135px\"><iframe src=\"\/\/www.facebook.com\/plugins\/like.php?href=https%3A%2F%2Fwww.caritasne2.org.br%2Fsite%2Fprograma-de-migracao-e-refugio-da-caritas-regional-ne2-entrega-mais-de-100-cestas-de-alimentos-atraves-do-projeto-rafa%2F&amp;layout=button_count&amp;action=like&amp;show_faces=false&amp;share=true&amp;width=135&amp;height=21&amp;appId=307091639398582\" scrolling=\"no\" frameborder=\"0\" style=\"border:none; overflow:hidden;  width:150px; height:21px;\" allowTransparency=\"true\"><\/iframe><\/li><li class=\"twtr\" style=\"width:90px\"><a href=\"https:\/\/twitter.com\/share\" class=\"twitter-share-button\" data-url=\"https:\/\/www.caritasne2.org.br\/site\/programa-de-migracao-e-refugio-da-caritas-regional-ne2-entrega-mais-de-100-cestas-de-alimentos-atraves-do-projeto-rafa\/\">&nbsp;<\/a><script>!function(d,s,id){var js,fjs=d.getElementsByTagName(s)[0],p=\/^http:\/.test(d.location)?'http':'https';if(!d.getElementById(id)){js=d.createElement(s);js.id=id;js.src=p+':\/\/platform.twitter.com\/widgets.js';fjs.parentNode.insertBefore(js,fjs);}}(document, 'script', 'twitter-wjs');<\/script><\/li><li class=\"gplus\" style=\"width:68px\"><div class=\"g-plusone\" data-size=\"medium\" data-href=\"https:\/\/www.caritasne2.org.br\/site\/programa-de-migracao-e-refugio-da-caritas-regional-ne2-entrega-mais-de-100-cestas-de-alimentos-atraves-do-projeto-rafa\/\"><\/div><\/li><li class=\"ssb_linkedin\" style=\"width:64px\"><script src=\"\/\/platform.linkedin.com\/in.js\" type=\"text\/javascript\">lang: en_US<\/script><script type=\"IN\/Share\" data-url=\"https:\/\/www.caritasne2.org.br\/site\/programa-de-migracao-e-refugio-da-caritas-regional-ne2-entrega-mais-de-100-cestas-de-alimentos-atraves-do-projeto-rafa\/\" data-counter=\"right\"><\/script><\/li><\/ul>","protected":false},"excerpt":{"rendered":"<p>Durante a entrega, os migrantes participaram e responderam o Diagn\u00f3stico R\u00e1pido Urbano e Participativo (DRUP) \u201cN\u00e3o amemos com palavras, mas com obras\u201d. Essa frase proferida pelo Papa Francisco no primeiro dia Mundial dos Pobres em 2017 se encaixa bem no objetivo das a\u00e7\u00f5es realizadas dentro da A\u00e7\u00e3o Solid\u00e1ria Emergencial \u00c9 Tempo de Cuidar, da Igreja no Brasil, que dentre tantos, promove a bandeira em combate [&hellip;]<\/p>\n<ul class=\"ssb_list_wrapper\"><li class=\"fb2\" style=\"width:135px\"><iframe src=\"\/\/www.facebook.com\/plugins\/like.php?href=https%3A%2F%2Fwww.caritasne2.org.br%2Fsite%2Fprograma-de-migracao-e-refugio-da-caritas-regional-ne2-entrega-mais-de-100-cestas-de-alimentos-atraves-do-projeto-rafa%2F&amp;layout=button_count&amp;action=like&amp;show_faces=false&amp;share=true&amp;width=135&amp;height=21&amp;appId=307091639398582\" scrolling=\"no\" frameborder=\"0\" style=\"border:none; overflow:hidden;  width:150px; height:21px;\" allowTransparency=\"true\"><\/iframe><\/li><li class=\"twtr\" style=\"width:90px\"><a href=\"https:\/\/twitter.com\/share\" class=\"twitter-share-button\" data-url=\"https:\/\/www.caritasne2.org.br\/site\/programa-de-migracao-e-refugio-da-caritas-regional-ne2-entrega-mais-de-100-cestas-de-alimentos-atraves-do-projeto-rafa\/\">&nbsp;<\/a><script>!function(d,s,id){var js,fjs=d.getElementsByTagName(s)[0],p=\/^http:\/.test(d.location)?'http':'https';if(!d.getElementById(id)){js=d.createElement(s);js.id=id;js.src=p+':\/\/platform.twitter.com\/widgets.js';fjs.parentNode.insertBefore(js,fjs);}}(document, 'script', 'twitter-wjs');<\/script><\/li><li class=\"gplus\" style=\"width:68px\"><div class=\"g-plusone\" data-size=\"medium\" data-href=\"https:\/\/www.caritasne2.org.br\/site\/programa-de-migracao-e-refugio-da-caritas-regional-ne2-entrega-mais-de-100-cestas-de-alimentos-atraves-do-projeto-rafa\/\"><\/div><\/li><li class=\"ssb_linkedin\" style=\"width:64px\"><script src=\"\/\/platform.linkedin.com\/in.js\" type=\"text\/javascript\">lang: en_US<\/script><script type=\"IN\/Share\" data-url=\"https:\/\/www.caritasne2.org.br\/site\/programa-de-migracao-e-refugio-da-caritas-regional-ne2-entrega-mais-de-100-cestas-de-alimentos-atraves-do-projeto-rafa\/\" data-counter=\"right\"><\/script><\/li><\/ul>","protected":false},"author":4,"featured_media":8413,"comment_status":"open","ping_status":"open","sticky":false,"template":"","format":"standard","meta":[],"categories":[21,20],"tags":[],"_links":{"self":[{"href":"https:\/\/www.caritasne2.org.br\/site\/wp-json\/wp\/v2\/posts\/8412"}],"collection":[{"href":"https:\/\/www.caritasne2.org.br\/site\/wp-json\/wp\/v2\/posts"}],"about":[{"href":"https:\/\/www.caritasne2.org.br\/site\/wp-json\/wp\/v2\/types\/post"}],"author":[{"embeddable":true,"href":"https:\/\/www.caritasne2.org.br\/site\/wp-json\/wp\/v2\/users\/4"}],"replies":[{"embeddable":true,"href":"https:\/\/www.caritasne2.org.br\/site\/wp-json\/wp\/v2\/comments?post=8412"}],"version-history":[{"count":0,"href":"https:\/\/www.caritasne2.org.br\/site\/wp-json\/wp\/v2\/posts\/8412\/revisions"}],"wp:featuredmedia":[{"embeddable":true,"href":"https:\/\/www.caritasne2.org.br\/site\/wp-json\/wp\/v2\/media\/8413"}],"wp:attachment":[{"href":"https:\/\/www.caritasne2.org.br\/site\/wp-json\/wp\/v2\/media?parent=8412"}],"wp:term":[{"taxonomy":"category","embeddable":true,"href":"https:\/\/www.caritasne2.org.br\/site\/wp-json\/wp\/v2\/categories?post=8412"},{"taxonomy":"post_tag","embeddable":true,"href":"https:\/\/www.caritasne2.org.br\/site\/wp-json\/wp\/v2\/tags?post=8412"}],"curies":[{"name":"wp","href":"https:\/\/api.w.org\/{rel}","templated":true}]}}