{"id":8398,"date":"2021-08-31T14:09:41","date_gmt":"2021-08-31T17:09:41","guid":{"rendered":"http:\/\/www.caritasne2.org.br\/?p=8398"},"modified":"2021-08-31T14:30:49","modified_gmt":"2021-08-31T17:30:49","slug":"segunda-etapa-de-parceria-entre-caritas-regional-ne2-e-misereor-entrega-300-cartoes-de-alimentacao-a-familias-em-vulnerabilidade-social","status":"publish","type":"post","link":"https:\/\/www.caritasne2.org.br\/site\/segunda-etapa-de-parceria-entre-caritas-regional-ne2-e-misereor-entrega-300-cartoes-de-alimentacao-a-familias-em-vulnerabilidade-social\/","title":{"rendered":"Segunda etapa de parceria entre C\u00e1ritas Regional NE2 e Misereor entrega 300 cart\u00f5es de alimenta\u00e7\u00e3o a fam\u00edlias em vulnerabilidade social"},"content":{"rendered":"<p style=\"text-align: center;\">Os cart\u00f5es foram distribu\u00eddos \u00e0s fam\u00edlias que tiveram suas rendas afetadas durante a pandemia e que s\u00e3o assessoras nos quatro estados que comp\u00f5em a CBNE2<\/p>\n<p>Durante os meses de julho e agosto foi realizada a segunda etapa das entregas de cart\u00f5es de alimenta\u00e7\u00e3o para fam\u00edlias em situa\u00e7\u00e3o de vulnerabilidade social nos estados de Alagoas, Para\u00edba, Pernambuco e Rio Grande do Norte, que comp\u00f5em o Regional NE2. A iniciativa faz parte das a\u00e7\u00f5es da C\u00e1ritas Regional NE2 por meio do \u201cProjeto: Promo\u00e7\u00e3o e Defesa de Direitos na Perspectiva da Constru\u00e7\u00e3o da Sociedade do Bem Viver\u201d, em parceria com a institui\u00e7\u00e3o alem\u00e3, Misereor.<\/p>\n<p style=\"text-align: justify;\">Ao todo, foram entregues 300 cart\u00f5es de alimenta\u00e7\u00e3o nos quatro estados, atendendo, assim, as fam\u00edlias em situa\u00e7\u00e3o de vulnerabilidade social, contemplando seis munic\u00edpios destes estados: Caic\u00f3 (RN), Palmeira dos \u00cdndios (AL), Guarabira (PB), Pesqueira (PE), Garanhuns (PE) e Nazar\u00e9 da Mata (PE).<\/p>\n<p style=\"text-align: justify;\">Foi identificado que, com a chegada da pandemia, houve o aumento da pobreza e da fome no Brasil, sobretudo nestes munic\u00edpios que ficam na regi\u00e3o semi\u00e1rida, onde a escassez de \u00e1gua prejudicou a produ\u00e7\u00e3o de alimentos pelas fam\u00edlias de agricultores. Ent\u00e3o, para identificar essas fam\u00edlias, os grupos assessorados observaram, nos munic\u00edpios, grupos que tinham alguma renda na perspectiva da Economia Popular e Solid\u00e1ria, mas foram prejudicados pela recess\u00e3o econ\u00f4mica no per\u00edodo de pandemia, e tamb\u00e9m que s\u00e3o atingidos em outras situa\u00e7\u00f5es individuais de fome e vulnerabilidade. Ap\u00f3s a identifica\u00e7\u00e3o dessas, os cart\u00f5es foram entregues.<\/p>\n<p style=\"text-align: justify;\"><a href=\"http:\/\/www.caritasne2.org.br\/segunda-etapa-de-parceria-entre-caritas-regional-ne2-e-misereor-entrega-300-cartoes-de-alimentacao-a-familias-em-vulnerabilidade-social\/whatsapp-image-2021-08-20-at-06-27-17\/\" rel=\"attachment wp-att-8400\"><img decoding=\"async\" loading=\"lazy\" class=\"aligncenter wp-image-8400\" src=\"http:\/\/www.caritasne2.org.br\/wp-content\/uploads\/2021\/08\/WhatsApp-Image-2021-08-20-at-06.27.17.jpeg\" alt=\"\" width=\"599\" height=\"450\" srcset=\"https:\/\/www.caritasne2.org.br\/site\/wp-content\/uploads\/2021\/08\/WhatsApp-Image-2021-08-20-at-06.27.17.jpeg 1600w, https:\/\/www.caritasne2.org.br\/site\/wp-content\/uploads\/2021\/08\/WhatsApp-Image-2021-08-20-at-06.27.17-300x225.jpeg 300w, https:\/\/www.caritasne2.org.br\/site\/wp-content\/uploads\/2021\/08\/WhatsApp-Image-2021-08-20-at-06.27.17-768x576.jpeg 768w, https:\/\/www.caritasne2.org.br\/site\/wp-content\/uploads\/2021\/08\/WhatsApp-Image-2021-08-20-at-06.27.17-1024x768.jpeg 1024w\" sizes=\"(max-width: 599px) 100vw, 599px\" \/><\/a><\/p>\n<p style=\"text-align: justify;\">\n<p style=\"text-align: justify;\">\n<p style=\"text-align: justify;\"><a href=\"http:\/\/www.caritasne2.org.br\/segunda-etapa-de-parceria-entre-caritas-regional-ne2-e-misereor-entrega-300-cartoes-de-alimentacao-a-familias-em-vulnerabilidade-social\/whatsapp-image-2021-08-20-at-06-27-19\/\" rel=\"attachment wp-att-8403\"><img decoding=\"async\" loading=\"lazy\" class=\"aligncenter wp-image-8403\" src=\"http:\/\/www.caritasne2.org.br\/wp-content\/uploads\/2021\/08\/WhatsApp-Image-2021-08-20-at-06.27.19.jpeg\" alt=\"\" width=\"602\" height=\"803\" srcset=\"https:\/\/www.caritasne2.org.br\/site\/wp-content\/uploads\/2021\/08\/WhatsApp-Image-2021-08-20-at-06.27.19.jpeg 1200w, https:\/\/www.caritasne2.org.br\/site\/wp-content\/uploads\/2021\/08\/WhatsApp-Image-2021-08-20-at-06.27.19-225x300.jpeg 225w, https:\/\/www.caritasne2.org.br\/site\/wp-content\/uploads\/2021\/08\/WhatsApp-Image-2021-08-20-at-06.27.19-768x1024.jpeg 768w\" sizes=\"(max-width: 602px) 100vw, 602px\" \/><\/a><\/p>\n<p style=\"text-align: justify;\"><a href=\"http:\/\/www.caritasne2.org.br\/segunda-etapa-de-parceria-entre-caritas-regional-ne2-e-misereor-entrega-300-cartoes-de-alimentacao-a-familias-em-vulnerabilidade-social\/whatsapp-image-2021-08-20-at-06-27-28\/\" rel=\"attachment wp-att-8404\"><img decoding=\"async\" loading=\"lazy\" class=\"aligncenter wp-image-8404\" src=\"http:\/\/www.caritasne2.org.br\/wp-content\/uploads\/2021\/08\/WhatsApp-Image-2021-08-20-at-06.27.28.jpeg\" alt=\"\" width=\"597\" height=\"447\" srcset=\"https:\/\/www.caritasne2.org.br\/site\/wp-content\/uploads\/2021\/08\/WhatsApp-Image-2021-08-20-at-06.27.28.jpeg 1600w, https:\/\/www.caritasne2.org.br\/site\/wp-content\/uploads\/2021\/08\/WhatsApp-Image-2021-08-20-at-06.27.28-300x225.jpeg 300w, https:\/\/www.caritasne2.org.br\/site\/wp-content\/uploads\/2021\/08\/WhatsApp-Image-2021-08-20-at-06.27.28-768x576.jpeg 768w, https:\/\/www.caritasne2.org.br\/site\/wp-content\/uploads\/2021\/08\/WhatsApp-Image-2021-08-20-at-06.27.28-1024x768.jpeg 1024w\" sizes=\"(max-width: 597px) 100vw, 597px\" \/><\/a><\/p>\n<p style=\"text-align: justify;\"><a href=\"http:\/\/www.caritasne2.org.br\/segunda-etapa-de-parceria-entre-caritas-regional-ne2-e-misereor-entrega-300-cartoes-de-alimentacao-a-familias-em-vulnerabilidade-social\/whatsapp-image-2021-08-31-at-14-27-51\/\" rel=\"attachment wp-att-8408\"><img decoding=\"async\" loading=\"lazy\" class=\"aligncenter  wp-image-8408\" src=\"http:\/\/www.caritasne2.org.br\/wp-content\/uploads\/2021\/08\/WhatsApp-Image-2021-08-31-at-14.27.51.jpeg\" alt=\"\" width=\"593\" height=\"445\" srcset=\"https:\/\/www.caritasne2.org.br\/site\/wp-content\/uploads\/2021\/08\/WhatsApp-Image-2021-08-31-at-14.27.51.jpeg 1032w, https:\/\/www.caritasne2.org.br\/site\/wp-content\/uploads\/2021\/08\/WhatsApp-Image-2021-08-31-at-14.27.51-300x225.jpeg 300w, https:\/\/www.caritasne2.org.br\/site\/wp-content\/uploads\/2021\/08\/WhatsApp-Image-2021-08-31-at-14.27.51-768x576.jpeg 768w, https:\/\/www.caritasne2.org.br\/site\/wp-content\/uploads\/2021\/08\/WhatsApp-Image-2021-08-31-at-14.27.51-1024x768.jpeg 1024w\" sizes=\"(max-width: 593px) 100vw, 593px\" \/><\/a><\/p>\n<p style=\"text-align: justify;\"><a href=\"http:\/\/www.caritasne2.org.br\/segunda-etapa-de-parceria-entre-caritas-regional-ne2-e-misereor-entrega-300-cartoes-de-alimentacao-a-familias-em-vulnerabilidade-social\/whatsapp-image-2021-08-31-at-14-26-00\/\" rel=\"attachment wp-att-8409\"><img decoding=\"async\" loading=\"lazy\" class=\"aligncenter  wp-image-8409\" src=\"http:\/\/www.caritasne2.org.br\/wp-content\/uploads\/2021\/08\/WhatsApp-Image-2021-08-31-at-14.26.00.jpeg\" alt=\"\" width=\"595\" height=\"446\" srcset=\"https:\/\/www.caritasne2.org.br\/site\/wp-content\/uploads\/2021\/08\/WhatsApp-Image-2021-08-31-at-14.26.00.jpeg 1280w, https:\/\/www.caritasne2.org.br\/site\/wp-content\/uploads\/2021\/08\/WhatsApp-Image-2021-08-31-at-14.26.00-300x225.jpeg 300w, https:\/\/www.caritasne2.org.br\/site\/wp-content\/uploads\/2021\/08\/WhatsApp-Image-2021-08-31-at-14.26.00-768x576.jpeg 768w, https:\/\/www.caritasne2.org.br\/site\/wp-content\/uploads\/2021\/08\/WhatsApp-Image-2021-08-31-at-14.26.00-1024x768.jpeg 1024w\" sizes=\"(max-width: 595px) 100vw, 595px\" \/><\/a><\/p>\n<ul class=\"ssb_list_wrapper\"><li class=\"fb2\" style=\"width:135px\"><iframe src=\"\/\/www.facebook.com\/plugins\/like.php?href=https%3A%2F%2Fwww.caritasne2.org.br%2Fsite%2Fsegunda-etapa-de-parceria-entre-caritas-regional-ne2-e-misereor-entrega-300-cartoes-de-alimentacao-a-familias-em-vulnerabilidade-social%2F&amp;layout=button_count&amp;action=like&amp;show_faces=false&amp;share=true&amp;width=135&amp;height=21&amp;appId=307091639398582\" scrolling=\"no\" frameborder=\"0\" style=\"border:none; overflow:hidden;  width:150px; height:21px;\" allowTransparency=\"true\"><\/iframe><\/li><li class=\"twtr\" style=\"width:90px\"><a href=\"https:\/\/twitter.com\/share\" class=\"twitter-share-button\" data-url=\"https:\/\/www.caritasne2.org.br\/site\/segunda-etapa-de-parceria-entre-caritas-regional-ne2-e-misereor-entrega-300-cartoes-de-alimentacao-a-familias-em-vulnerabilidade-social\/\">&nbsp;<\/a><script>!function(d,s,id){var js,fjs=d.getElementsByTagName(s)[0],p=\/^http:\/.test(d.location)?'http':'https';if(!d.getElementById(id)){js=d.createElement(s);js.id=id;js.src=p+':\/\/platform.twitter.com\/widgets.js';fjs.parentNode.insertBefore(js,fjs);}}(document, 'script', 'twitter-wjs');<\/script><\/li><li class=\"gplus\" style=\"width:68px\"><div class=\"g-plusone\" data-size=\"medium\" data-href=\"https:\/\/www.caritasne2.org.br\/site\/segunda-etapa-de-parceria-entre-caritas-regional-ne2-e-misereor-entrega-300-cartoes-de-alimentacao-a-familias-em-vulnerabilidade-social\/\"><\/div><\/li><li class=\"ssb_linkedin\" style=\"width:64px\"><script src=\"\/\/platform.linkedin.com\/in.js\" type=\"text\/javascript\">lang: en_US<\/script><script type=\"IN\/Share\" data-url=\"https:\/\/www.caritasne2.org.br\/site\/segunda-etapa-de-parceria-entre-caritas-regional-ne2-e-misereor-entrega-300-cartoes-de-alimentacao-a-familias-em-vulnerabilidade-social\/\" data-counter=\"right\"><\/script><\/li><\/ul>","protected":false},"excerpt":{"rendered":"<p>Os cart\u00f5es foram distribu\u00eddos \u00e0s fam\u00edlias que tiveram suas rendas afetadas durante a pandemia e que s\u00e3o assessoras nos quatro estados que comp\u00f5em a CBNE2 Durante os meses de julho e agosto foi realizada a segunda etapa das entregas de cart\u00f5es de alimenta\u00e7\u00e3o para fam\u00edlias em situa\u00e7\u00e3o de vulnerabilidade social nos estados de Alagoas, Para\u00edba, Pernambuco e Rio Grande do Norte, que comp\u00f5em o Regional [&hellip;]<\/p>\n<ul class=\"ssb_list_wrapper\"><li class=\"fb2\" style=\"width:135px\"><iframe src=\"\/\/www.facebook.com\/plugins\/like.php?href=https%3A%2F%2Fwww.caritasne2.org.br%2Fsite%2Fsegunda-etapa-de-parceria-entre-caritas-regional-ne2-e-misereor-entrega-300-cartoes-de-alimentacao-a-familias-em-vulnerabilidade-social%2F&amp;layout=button_count&amp;action=like&amp;show_faces=false&amp;share=true&amp;width=135&amp;height=21&amp;appId=307091639398582\" scrolling=\"no\" frameborder=\"0\" style=\"border:none; overflow:hidden;  width:150px; height:21px;\" allowTransparency=\"true\"><\/iframe><\/li><li class=\"twtr\" style=\"width:90px\"><a href=\"https:\/\/twitter.com\/share\" class=\"twitter-share-button\" data-url=\"https:\/\/www.caritasne2.org.br\/site\/segunda-etapa-de-parceria-entre-caritas-regional-ne2-e-misereor-entrega-300-cartoes-de-alimentacao-a-familias-em-vulnerabilidade-social\/\">&nbsp;<\/a><script>!function(d,s,id){var js,fjs=d.getElementsByTagName(s)[0],p=\/^http:\/.test(d.location)?'http':'https';if(!d.getElementById(id)){js=d.createElement(s);js.id=id;js.src=p+':\/\/platform.twitter.com\/widgets.js';fjs.parentNode.insertBefore(js,fjs);}}(document, 'script', 'twitter-wjs');<\/script><\/li><li class=\"gplus\" style=\"width:68px\"><div class=\"g-plusone\" data-size=\"medium\" data-href=\"https:\/\/www.caritasne2.org.br\/site\/segunda-etapa-de-parceria-entre-caritas-regional-ne2-e-misereor-entrega-300-cartoes-de-alimentacao-a-familias-em-vulnerabilidade-social\/\"><\/div><\/li><li class=\"ssb_linkedin\" style=\"width:64px\"><script src=\"\/\/platform.linkedin.com\/in.js\" type=\"text\/javascript\">lang: en_US<\/script><script type=\"IN\/Share\" data-url=\"https:\/\/www.caritasne2.org.br\/site\/segunda-etapa-de-parceria-entre-caritas-regional-ne2-e-misereor-entrega-300-cartoes-de-alimentacao-a-familias-em-vulnerabilidade-social\/\" data-counter=\"right\"><\/script><\/li><\/ul>","protected":false},"author":4,"featured_media":8399,"comment_status":"open","ping_status":"open","sticky":false,"template":"","format":"standard","meta":[],"categories":[21,20],"tags":[],"_links":{"self":[{"href":"https:\/\/www.caritasne2.org.br\/site\/wp-json\/wp\/v2\/posts\/8398"}],"collection":[{"href":"https:\/\/www.caritasne2.org.br\/site\/wp-json\/wp\/v2\/posts"}],"about":[{"href":"https:\/\/www.caritasne2.org.br\/site\/wp-json\/wp\/v2\/types\/post"}],"author":[{"embeddable":true,"href":"https:\/\/www.caritasne2.org.br\/site\/wp-json\/wp\/v2\/users\/4"}],"replies":[{"embeddable":true,"href":"https:\/\/www.caritasne2.org.br\/site\/wp-json\/wp\/v2\/comments?post=8398"}],"version-history":[{"count":0,"href":"https:\/\/www.caritasne2.org.br\/site\/wp-json\/wp\/v2\/posts\/8398\/revisions"}],"wp:featuredmedia":[{"embeddable":true,"href":"https:\/\/www.caritasne2.org.br\/site\/wp-json\/wp\/v2\/media\/8399"}],"wp:attachment":[{"href":"https:\/\/www.caritasne2.org.br\/site\/wp-json\/wp\/v2\/media?parent=8398"}],"wp:term":[{"taxonomy":"category","embeddable":true,"href":"https:\/\/www.caritasne2.org.br\/site\/wp-json\/wp\/v2\/categories?post=8398"},{"taxonomy":"post_tag","embeddable":true,"href":"https:\/\/www.caritasne2.org.br\/site\/wp-json\/wp\/v2\/tags?post=8398"}],"curies":[{"name":"wp","href":"https:\/\/api.w.org\/{rel}","templated":true}]}}