{"id":8389,"date":"2021-08-25T11:08:07","date_gmt":"2021-08-25T14:08:07","guid":{"rendered":"http:\/\/www.caritasne2.org.br\/?p=8389"},"modified":"2021-08-25T11:08:07","modified_gmt":"2021-08-25T14:08:07","slug":"assembleia-eletiva-define-nova-diretoria-para-caritas-diocesana-de-garanhuns","status":"publish","type":"post","link":"https:\/\/www.caritasne2.org.br\/site\/assembleia-eletiva-define-nova-diretoria-para-caritas-diocesana-de-garanhuns\/","title":{"rendered":"Assembleia eletiva define nova diretoria para C\u00e1ritas Diocesana de Garanhuns"},"content":{"rendered":"<p style=\"font-weight: 400; text-align: center;\"><em>Estiveram presentes agentes da C\u00e1ritas Regional NE2, representantes de entidades membros, pastorais, ONGs e institui\u00e7\u00f5es sociais, como tamb\u00e9m a secret\u00e1ria executiva regional da CBNE2, Neilda Pereira<\/em><\/p>\n<p style=\"font-weight: 400;\">\n<p style=\"font-weight: 400;\">Na manh\u00e3 do dia 21 de agosto, aconteceu a Assembleia Eletiva da nova diretoria da C\u00e1ritas Diocesana de Garanhuns, aprova\u00e7\u00e3o das altera\u00e7\u00f5es estatut\u00e1rias, presta\u00e7\u00e3o de contas, e linha do tempo das a\u00e7\u00f5es no territ\u00f3rio diocesano. O encontro aconteceu no sal\u00e3o Paroquial da Catedral de Santo Ant\u00f4nio\u2013 Centro \u2013 Garanhuns \u2013PE.<\/p>\n<p style=\"font-weight: 400;\">Estiveram presentes agentes da C\u00e1ritas Regional NE2, assim como, representantes de entidades membros, pastorais, ONGs e institui\u00e7\u00f5es sociais, como tamb\u00e9m a secret\u00e1ria executiva regional da CBNE2, Neilda Pereira.<\/p>\n<p style=\"font-weight: 400;\">O momento eletivo aconteceu com os participantes ap\u00f3s a espiritualidade e leitura do Evangelho, conduzido pelo Padre Rivaldo, Aparecida Nascimento, Jos\u00e9 Edson e \u00c1vila Pontes, ambos da diocese em Garanhuns. Houve a apresenta\u00e7\u00e3o da pauta dos trabalhos, em seguida a leitura das altera\u00e7\u00f5es estatut\u00e1rias, abrindo assim para d\u00favidas e sugest\u00f5es.<\/p>\n<p style=\"font-weight: 400;\">Ap\u00f3s a leitura, a assembleia aprovou as altera\u00e7\u00f5es, foi apresentado a linha do tempo das a\u00e7\u00f5es da C\u00e1ritas na Diocese, e em seguida a presta\u00e7\u00e3o de contas. Por fim foram apresentados os membros da atual diretoria, ficando da seguinte maneira:<\/p>\n<p style=\"font-weight: 400;\">Aparecida Nascimento &#8211;\u00a0<strong>Presidenta<\/strong><\/p>\n<p style=\"font-weight: 400;\">Jos\u00e9 Edson &#8211;\u00a0<strong>Vice-Presidente<\/strong><\/p>\n<p style=\"font-weight: 400;\">Ailton J\u00fanior &#8211;\u00a0<strong>1\u00ba Secret\u00e1rio<\/strong><\/p>\n<p style=\"font-weight: 400;\">Beatrys da Silva-<strong>2\u00ba<\/strong>\u00a0<strong>Secret\u00e1rio<\/strong><\/p>\n<p style=\"font-weight: 400;\">Marilda Alves &#8211;<strong>1\u00ba Tesoureira<\/strong><\/p>\n<p style=\"font-weight: 400;\">Karen Moreira<strong>-2\u00ba<\/strong>\u00a0<strong>Tesoureira<\/strong><\/p>\n<p style=\"font-weight: 400;\">\n<p style=\"font-weight: 400;\">Jose Romilson\u00a0<strong>-Conselho Fiscal<\/strong><\/p>\n<p style=\"font-weight: 400;\">Hildevan da Silva<strong>&#8211; Conselho Fiscal<\/strong><\/p>\n<p style=\"font-weight: 400;\">Jose Valter<strong>&#8211; Conselho Fiscal<\/strong><\/p>\n<p style=\"font-weight: 400;\">Maria Jos\u00e9 (Rita) \u2013 Suplente\u00a0<strong>\u2013 Conselho Fiscal<\/strong><\/p>\n<p style=\"font-weight: 400;\">Andr\u00e9 Luis Florentino \u2013 Suplente\u00a0<strong>\u2013 Conselho Fiscal<\/strong><\/p>\n<p style=\"font-weight: 400;\">Eronita da Costa \u2013 Suplente\u00a0<strong>\u2013 Conselho Fiscal<\/strong><\/p>\n<p style=\"font-weight: 400;\">\n<p style=\"font-weight: 400;\"><a href=\"http:\/\/www.caritasne2.org.br\/assembleia-eletiva-define-nova-diretoria-para-caritas-diocesana-de-garanhuns\/20210821_102553\/\" rel=\"attachment wp-att-8390\"><img decoding=\"async\" loading=\"lazy\" class=\"aligncenter  wp-image-8390\" src=\"http:\/\/www.caritasne2.org.br\/wp-content\/uploads\/2021\/08\/20210821_102553.jpg\" alt=\"\" width=\"634\" height=\"357\" srcset=\"https:\/\/www.caritasne2.org.br\/site\/wp-content\/uploads\/2021\/08\/20210821_102553.jpg 4128w, https:\/\/www.caritasne2.org.br\/site\/wp-content\/uploads\/2021\/08\/20210821_102553-300x169.jpg 300w, https:\/\/www.caritasne2.org.br\/site\/wp-content\/uploads\/2021\/08\/20210821_102553-768x432.jpg 768w, https:\/\/www.caritasne2.org.br\/site\/wp-content\/uploads\/2021\/08\/20210821_102553-1024x576.jpg 1024w, https:\/\/www.caritasne2.org.br\/site\/wp-content\/uploads\/2021\/08\/20210821_102553-588x330.jpg 588w\" sizes=\"(max-width: 634px) 100vw, 634px\" \/><\/a><\/p>\n<p style=\"font-weight: 400;\"><a href=\"http:\/\/www.caritasne2.org.br\/assembleia-eletiva-define-nova-diretoria-para-caritas-diocesana-de-garanhuns\/20210821_120524\/\" rel=\"attachment wp-att-8391\"><img decoding=\"async\" loading=\"lazy\" class=\"aligncenter  wp-image-8391\" src=\"http:\/\/www.caritasne2.org.br\/wp-content\/uploads\/2021\/08\/20210821_120524.jpg\" alt=\"\" width=\"626\" height=\"352\" srcset=\"https:\/\/www.caritasne2.org.br\/site\/wp-content\/uploads\/2021\/08\/20210821_120524.jpg 4128w, https:\/\/www.caritasne2.org.br\/site\/wp-content\/uploads\/2021\/08\/20210821_120524-300x169.jpg 300w, https:\/\/www.caritasne2.org.br\/site\/wp-content\/uploads\/2021\/08\/20210821_120524-768x432.jpg 768w, https:\/\/www.caritasne2.org.br\/site\/wp-content\/uploads\/2021\/08\/20210821_120524-1024x576.jpg 1024w, https:\/\/www.caritasne2.org.br\/site\/wp-content\/uploads\/2021\/08\/20210821_120524-588x330.jpg 588w\" sizes=\"(max-width: 626px) 100vw, 626px\" \/><\/a><\/p>\n<p style=\"font-weight: 400;\"><a href=\"http:\/\/www.caritasne2.org.br\/assembleia-eletiva-define-nova-diretoria-para-caritas-diocesana-de-garanhuns\/20210821_120558\/\" rel=\"attachment wp-att-8392\"><img decoding=\"async\" loading=\"lazy\" class=\"aligncenter  wp-image-8392\" src=\"http:\/\/www.caritasne2.org.br\/wp-content\/uploads\/2021\/08\/20210821_120558.jpg\" alt=\"\" width=\"624\" height=\"351\" srcset=\"https:\/\/www.caritasne2.org.br\/site\/wp-content\/uploads\/2021\/08\/20210821_120558.jpg 4128w, https:\/\/www.caritasne2.org.br\/site\/wp-content\/uploads\/2021\/08\/20210821_120558-300x169.jpg 300w, https:\/\/www.caritasne2.org.br\/site\/wp-content\/uploads\/2021\/08\/20210821_120558-768x432.jpg 768w, https:\/\/www.caritasne2.org.br\/site\/wp-content\/uploads\/2021\/08\/20210821_120558-1024x576.jpg 1024w, https:\/\/www.caritasne2.org.br\/site\/wp-content\/uploads\/2021\/08\/20210821_120558-588x330.jpg 588w\" sizes=\"(max-width: 624px) 100vw, 624px\" \/><\/a><\/p>\n<p style=\"font-weight: 400;\"><a href=\"http:\/\/www.caritasne2.org.br\/assembleia-eletiva-define-nova-diretoria-para-caritas-diocesana-de-garanhuns\/20210821_123158\/\" rel=\"attachment wp-att-8393\"><img decoding=\"async\" loading=\"lazy\" class=\"aligncenter  wp-image-8393\" src=\"http:\/\/www.caritasne2.org.br\/wp-content\/uploads\/2021\/08\/20210821_123158.jpg\" alt=\"\" width=\"615\" height=\"346\" srcset=\"https:\/\/www.caritasne2.org.br\/site\/wp-content\/uploads\/2021\/08\/20210821_123158.jpg 4128w, https:\/\/www.caritasne2.org.br\/site\/wp-content\/uploads\/2021\/08\/20210821_123158-300x169.jpg 300w, https:\/\/www.caritasne2.org.br\/site\/wp-content\/uploads\/2021\/08\/20210821_123158-768x432.jpg 768w, https:\/\/www.caritasne2.org.br\/site\/wp-content\/uploads\/2021\/08\/20210821_123158-1024x576.jpg 1024w, https:\/\/www.caritasne2.org.br\/site\/wp-content\/uploads\/2021\/08\/20210821_123158-588x330.jpg 588w\" sizes=\"(max-width: 615px) 100vw, 615px\" \/><\/a><\/p>\n<ul class=\"ssb_list_wrapper\"><li class=\"fb2\" style=\"width:135px\"><iframe src=\"\/\/www.facebook.com\/plugins\/like.php?href=https%3A%2F%2Fwww.caritasne2.org.br%2Fsite%2Fassembleia-eletiva-define-nova-diretoria-para-caritas-diocesana-de-garanhuns%2F&amp;layout=button_count&amp;action=like&amp;show_faces=false&amp;share=true&amp;width=135&amp;height=21&amp;appId=307091639398582\" scrolling=\"no\" frameborder=\"0\" style=\"border:none; overflow:hidden;  width:150px; height:21px;\" allowTransparency=\"true\"><\/iframe><\/li><li class=\"twtr\" style=\"width:90px\"><a href=\"https:\/\/twitter.com\/share\" class=\"twitter-share-button\" data-url=\"https:\/\/www.caritasne2.org.br\/site\/assembleia-eletiva-define-nova-diretoria-para-caritas-diocesana-de-garanhuns\/\">&nbsp;<\/a><script>!function(d,s,id){var js,fjs=d.getElementsByTagName(s)[0],p=\/^http:\/.test(d.location)?'http':'https';if(!d.getElementById(id)){js=d.createElement(s);js.id=id;js.src=p+':\/\/platform.twitter.com\/widgets.js';fjs.parentNode.insertBefore(js,fjs);}}(document, 'script', 'twitter-wjs');<\/script><\/li><li class=\"gplus\" style=\"width:68px\"><div class=\"g-plusone\" data-size=\"medium\" data-href=\"https:\/\/www.caritasne2.org.br\/site\/assembleia-eletiva-define-nova-diretoria-para-caritas-diocesana-de-garanhuns\/\"><\/div><\/li><li class=\"ssb_linkedin\" style=\"width:64px\"><script src=\"\/\/platform.linkedin.com\/in.js\" type=\"text\/javascript\">lang: en_US<\/script><script type=\"IN\/Share\" data-url=\"https:\/\/www.caritasne2.org.br\/site\/assembleia-eletiva-define-nova-diretoria-para-caritas-diocesana-de-garanhuns\/\" data-counter=\"right\"><\/script><\/li><\/ul>","protected":false},"excerpt":{"rendered":"<p>Estiveram presentes agentes da C\u00e1ritas Regional NE2, representantes de entidades membros, pastorais, ONGs e institui\u00e7\u00f5es sociais, como tamb\u00e9m a secret\u00e1ria executiva regional da CBNE2, Neilda Pereira Na manh\u00e3 do dia 21 de agosto, aconteceu a Assembleia Eletiva da nova diretoria da C\u00e1ritas Diocesana de Garanhuns, aprova\u00e7\u00e3o das altera\u00e7\u00f5es estatut\u00e1rias, presta\u00e7\u00e3o de contas, e linha do tempo das a\u00e7\u00f5es no territ\u00f3rio diocesano. O encontro aconteceu no [&hellip;]<\/p>\n<ul class=\"ssb_list_wrapper\"><li class=\"fb2\" style=\"width:135px\"><iframe src=\"\/\/www.facebook.com\/plugins\/like.php?href=https%3A%2F%2Fwww.caritasne2.org.br%2Fsite%2Fassembleia-eletiva-define-nova-diretoria-para-caritas-diocesana-de-garanhuns%2F&amp;layout=button_count&amp;action=like&amp;show_faces=false&amp;share=true&amp;width=135&amp;height=21&amp;appId=307091639398582\" scrolling=\"no\" frameborder=\"0\" style=\"border:none; overflow:hidden;  width:150px; height:21px;\" allowTransparency=\"true\"><\/iframe><\/li><li class=\"twtr\" style=\"width:90px\"><a href=\"https:\/\/twitter.com\/share\" class=\"twitter-share-button\" data-url=\"https:\/\/www.caritasne2.org.br\/site\/assembleia-eletiva-define-nova-diretoria-para-caritas-diocesana-de-garanhuns\/\">&nbsp;<\/a><script>!function(d,s,id){var js,fjs=d.getElementsByTagName(s)[0],p=\/^http:\/.test(d.location)?'http':'https';if(!d.getElementById(id)){js=d.createElement(s);js.id=id;js.src=p+':\/\/platform.twitter.com\/widgets.js';fjs.parentNode.insertBefore(js,fjs);}}(document, 'script', 'twitter-wjs');<\/script><\/li><li class=\"gplus\" style=\"width:68px\"><div class=\"g-plusone\" data-size=\"medium\" data-href=\"https:\/\/www.caritasne2.org.br\/site\/assembleia-eletiva-define-nova-diretoria-para-caritas-diocesana-de-garanhuns\/\"><\/div><\/li><li class=\"ssb_linkedin\" style=\"width:64px\"><script src=\"\/\/platform.linkedin.com\/in.js\" type=\"text\/javascript\">lang: en_US<\/script><script type=\"IN\/Share\" data-url=\"https:\/\/www.caritasne2.org.br\/site\/assembleia-eletiva-define-nova-diretoria-para-caritas-diocesana-de-garanhuns\/\" data-counter=\"right\"><\/script><\/li><\/ul>","protected":false},"author":4,"featured_media":8394,"comment_status":"open","ping_status":"open","sticky":false,"template":"","format":"standard","meta":[],"categories":[21,20],"tags":[],"_links":{"self":[{"href":"https:\/\/www.caritasne2.org.br\/site\/wp-json\/wp\/v2\/posts\/8389"}],"collection":[{"href":"https:\/\/www.caritasne2.org.br\/site\/wp-json\/wp\/v2\/posts"}],"about":[{"href":"https:\/\/www.caritasne2.org.br\/site\/wp-json\/wp\/v2\/types\/post"}],"author":[{"embeddable":true,"href":"https:\/\/www.caritasne2.org.br\/site\/wp-json\/wp\/v2\/users\/4"}],"replies":[{"embeddable":true,"href":"https:\/\/www.caritasne2.org.br\/site\/wp-json\/wp\/v2\/comments?post=8389"}],"version-history":[{"count":0,"href":"https:\/\/www.caritasne2.org.br\/site\/wp-json\/wp\/v2\/posts\/8389\/revisions"}],"wp:featuredmedia":[{"embeddable":true,"href":"https:\/\/www.caritasne2.org.br\/site\/wp-json\/wp\/v2\/media\/8394"}],"wp:attachment":[{"href":"https:\/\/www.caritasne2.org.br\/site\/wp-json\/wp\/v2\/media?parent=8389"}],"wp:term":[{"taxonomy":"category","embeddable":true,"href":"https:\/\/www.caritasne2.org.br\/site\/wp-json\/wp\/v2\/categories?post=8389"},{"taxonomy":"post_tag","embeddable":true,"href":"https:\/\/www.caritasne2.org.br\/site\/wp-json\/wp\/v2\/tags?post=8389"}],"curies":[{"name":"wp","href":"https:\/\/api.w.org\/{rel}","templated":true}]}}