{"id":8380,"date":"2021-08-24T09:07:45","date_gmt":"2021-08-24T12:07:45","guid":{"rendered":"http:\/\/www.caritasne2.org.br\/?p=8380"},"modified":"2021-08-24T09:07:45","modified_gmt":"2021-08-24T12:07:45","slug":"caritas-regional-ne2-realiza-visitas-de-acompanhamento-do-projeto-aguas-para-educar-no-rio-grande-do-norte","status":"publish","type":"post","link":"https:\/\/www.caritasne2.org.br\/site\/caritas-regional-ne2-realiza-visitas-de-acompanhamento-do-projeto-aguas-para-educar-no-rio-grande-do-norte\/","title":{"rendered":"C\u00e1ritas Regional NE2 realiza visitas de acompanhamento do Projeto \u00c1guas para Educar no Rio Grande do Norte"},"content":{"rendered":"<p style=\"text-align: center;\"><em>O projeto \u00e9 uma\u00a0 realiza\u00e7\u00e3o da C\u00e1ritas Brasileira Regional NE2, em parceria com a Coca Cola Brasil\u00a0 e o Banco Nacional do Desenvolvimento Econ\u00f4mico e Social (BNDES), e est\u00e1 sendo executado no no estado do Rio Grande do Norte atrav\u00e9s da C\u00e1ritas Diocesana de Caic\u00f3<\/em><\/p>\n<p>No \u00faltimo dia 17 de agosto, agentes da C\u00e1ritas Diocesana de Caic\u00f3 realizaram visitas de acompanhamento do Projeto \u201c\u00c1guas para Educar\u201d nos munic\u00edpios de Serrinha dos Pintos, Pil\u00f5es e Alexandria, territ\u00f3rio do Alto Oeste- que\u00a0comp\u00f5em a\u00a0 Diocese de Mossor\u00f3. Durante as visitas, foi realizado planejamento administrativo e estudo das \u00e1reas em que ser\u00e3o implantadas as tecnologias de reuso de \u00e1guas cinzas. \u00c1guas cinzas s\u00e3o qualquer \u00e1gua residual, ou seja, n\u00e3o-industrial, originada a partir de processos dom\u00e9sticos como lavagem de lou\u00e7a e roupa, banho, etc.<\/p>\n<p>Ao todo\u00a0 05 (cinco) escolas rurais, nos 03 (tr\u00eas) munic\u00edpios ser\u00e3o contempladas com o projeto que t\u00eam como objetivo a conscientiza\u00e7\u00e3o sobre o reuso da \u00e1gua, para alunos, pais e professores, assim como assegurar a seguran\u00e7a alimentar e nutricional, al\u00e9m de efetivar a implementa\u00e7\u00e3o de cisternas nas escolas. Na oportunidade, foram realizados di\u00e1logos com os gestores municipais de educa\u00e7\u00e3o para o in\u00edcio do processo de educa\u00e7\u00e3o contextualizada com toda a equipe t\u00e9cnica das escolas, alunos e toda a comunidade escolar.<\/p>\n<p>O projeto \u00e9 uma\u00a0 realiza\u00e7\u00e3o da C\u00e1ritas Brasileira Regional NE2, em parceria com a Coca Cola Brasil\u00a0 e o Banco Nacional do Desenvolvimento Econ\u00f4mico e Social (BNDES), e est\u00e1 sendo executado no no estado do Rio Grande do Norte atrav\u00e9s da C\u00e1ritas Diocesana de Caic\u00f3, que busca implementar forma\u00e7\u00f5es para fortalecer o cuidado com a casa comum.<\/p>\n<p><a href=\"http:\/\/www.caritasne2.org.br\/caritas-regional-ne2-realiza-visitas-de-acompanhamento-do-projeto-aguas-para-educar-no-rio-grande-do-norte\/whatsapp-image-2021-08-20-at-08-47-28-1\/\" rel=\"attachment wp-att-8382\"><img decoding=\"async\" loading=\"lazy\" class=\"aligncenter  wp-image-8382\" src=\"http:\/\/www.caritasne2.org.br\/wp-content\/uploads\/2021\/08\/WhatsApp-Image-2021-08-20-at-08.47.28-1.jpeg\" alt=\"\" width=\"638\" height=\"478\" srcset=\"https:\/\/www.caritasne2.org.br\/site\/wp-content\/uploads\/2021\/08\/WhatsApp-Image-2021-08-20-at-08.47.28-1.jpeg 1600w, https:\/\/www.caritasne2.org.br\/site\/wp-content\/uploads\/2021\/08\/WhatsApp-Image-2021-08-20-at-08.47.28-1-300x225.jpeg 300w, https:\/\/www.caritasne2.org.br\/site\/wp-content\/uploads\/2021\/08\/WhatsApp-Image-2021-08-20-at-08.47.28-1-768x576.jpeg 768w, https:\/\/www.caritasne2.org.br\/site\/wp-content\/uploads\/2021\/08\/WhatsApp-Image-2021-08-20-at-08.47.28-1-1024x768.jpeg 1024w\" sizes=\"(max-width: 638px) 100vw, 638px\" \/><\/a><\/p>\n<p><a href=\"http:\/\/www.caritasne2.org.br\/caritas-regional-ne2-realiza-visitas-de-acompanhamento-do-projeto-aguas-para-educar-no-rio-grande-do-norte\/whatsapp-image-2021-08-20-at-08-47-28\/\" rel=\"attachment wp-att-8383\"><img decoding=\"async\" loading=\"lazy\" class=\"aligncenter  wp-image-8383\" src=\"http:\/\/www.caritasne2.org.br\/wp-content\/uploads\/2021\/08\/WhatsApp-Image-2021-08-20-at-08.47.28.jpeg\" alt=\"\" width=\"628\" height=\"471\" srcset=\"https:\/\/www.caritasne2.org.br\/site\/wp-content\/uploads\/2021\/08\/WhatsApp-Image-2021-08-20-at-08.47.28.jpeg 1600w, https:\/\/www.caritasne2.org.br\/site\/wp-content\/uploads\/2021\/08\/WhatsApp-Image-2021-08-20-at-08.47.28-300x225.jpeg 300w, https:\/\/www.caritasne2.org.br\/site\/wp-content\/uploads\/2021\/08\/WhatsApp-Image-2021-08-20-at-08.47.28-768x576.jpeg 768w, https:\/\/www.caritasne2.org.br\/site\/wp-content\/uploads\/2021\/08\/WhatsApp-Image-2021-08-20-at-08.47.28-1024x768.jpeg 1024w\" sizes=\"(max-width: 628px) 100vw, 628px\" \/><\/a><\/p>\n<p><a href=\"http:\/\/www.caritasne2.org.br\/caritas-regional-ne2-realiza-visitas-de-acompanhamento-do-projeto-aguas-para-educar-no-rio-grande-do-norte\/whatsapp-image-2021-08-20-at-08-47-27-1\/\" rel=\"attachment wp-att-8384\"><img decoding=\"async\" loading=\"lazy\" class=\"aligncenter  wp-image-8384\" src=\"http:\/\/www.caritasne2.org.br\/wp-content\/uploads\/2021\/08\/WhatsApp-Image-2021-08-20-at-08.47.27-1.jpeg\" alt=\"\" width=\"626\" height=\"835\" srcset=\"https:\/\/www.caritasne2.org.br\/site\/wp-content\/uploads\/2021\/08\/WhatsApp-Image-2021-08-20-at-08.47.27-1.jpeg 960w, https:\/\/www.caritasne2.org.br\/site\/wp-content\/uploads\/2021\/08\/WhatsApp-Image-2021-08-20-at-08.47.27-1-225x300.jpeg 225w, https:\/\/www.caritasne2.org.br\/site\/wp-content\/uploads\/2021\/08\/WhatsApp-Image-2021-08-20-at-08.47.27-1-768x1024.jpeg 768w\" sizes=\"(max-width: 626px) 100vw, 626px\" \/><\/a><\/p>\n<ul class=\"ssb_list_wrapper\"><li class=\"fb2\" style=\"width:135px\"><iframe src=\"\/\/www.facebook.com\/plugins\/like.php?href=https%3A%2F%2Fwww.caritasne2.org.br%2Fsite%2Fcaritas-regional-ne2-realiza-visitas-de-acompanhamento-do-projeto-aguas-para-educar-no-rio-grande-do-norte%2F&amp;layout=button_count&amp;action=like&amp;show_faces=false&amp;share=true&amp;width=135&amp;height=21&amp;appId=307091639398582\" scrolling=\"no\" frameborder=\"0\" style=\"border:none; overflow:hidden;  width:150px; height:21px;\" allowTransparency=\"true\"><\/iframe><\/li><li class=\"twtr\" style=\"width:90px\"><a href=\"https:\/\/twitter.com\/share\" class=\"twitter-share-button\" data-url=\"https:\/\/www.caritasne2.org.br\/site\/caritas-regional-ne2-realiza-visitas-de-acompanhamento-do-projeto-aguas-para-educar-no-rio-grande-do-norte\/\">&nbsp;<\/a><script>!function(d,s,id){var js,fjs=d.getElementsByTagName(s)[0],p=\/^http:\/.test(d.location)?'http':'https';if(!d.getElementById(id)){js=d.createElement(s);js.id=id;js.src=p+':\/\/platform.twitter.com\/widgets.js';fjs.parentNode.insertBefore(js,fjs);}}(document, 'script', 'twitter-wjs');<\/script><\/li><li class=\"gplus\" style=\"width:68px\"><div class=\"g-plusone\" data-size=\"medium\" data-href=\"https:\/\/www.caritasne2.org.br\/site\/caritas-regional-ne2-realiza-visitas-de-acompanhamento-do-projeto-aguas-para-educar-no-rio-grande-do-norte\/\"><\/div><\/li><li class=\"ssb_linkedin\" style=\"width:64px\"><script src=\"\/\/platform.linkedin.com\/in.js\" type=\"text\/javascript\">lang: en_US<\/script><script type=\"IN\/Share\" data-url=\"https:\/\/www.caritasne2.org.br\/site\/caritas-regional-ne2-realiza-visitas-de-acompanhamento-do-projeto-aguas-para-educar-no-rio-grande-do-norte\/\" data-counter=\"right\"><\/script><\/li><\/ul>","protected":false},"excerpt":{"rendered":"<p>O projeto \u00e9 uma\u00a0 realiza\u00e7\u00e3o da C\u00e1ritas Brasileira Regional NE2, em parceria com a Coca Cola Brasil\u00a0 e o Banco Nacional do Desenvolvimento Econ\u00f4mico e Social (BNDES), e est\u00e1 sendo executado no no estado do Rio Grande do Norte atrav\u00e9s da C\u00e1ritas Diocesana de Caic\u00f3 No \u00faltimo dia 17 de agosto, agentes da C\u00e1ritas Diocesana de Caic\u00f3 realizaram visitas de acompanhamento do Projeto \u201c\u00c1guas para [&hellip;]<\/p>\n<ul class=\"ssb_list_wrapper\"><li class=\"fb2\" style=\"width:135px\"><iframe src=\"\/\/www.facebook.com\/plugins\/like.php?href=https%3A%2F%2Fwww.caritasne2.org.br%2Fsite%2Fcaritas-regional-ne2-realiza-visitas-de-acompanhamento-do-projeto-aguas-para-educar-no-rio-grande-do-norte%2F&amp;layout=button_count&amp;action=like&amp;show_faces=false&amp;share=true&amp;width=135&amp;height=21&amp;appId=307091639398582\" scrolling=\"no\" frameborder=\"0\" style=\"border:none; overflow:hidden;  width:150px; height:21px;\" allowTransparency=\"true\"><\/iframe><\/li><li class=\"twtr\" style=\"width:90px\"><a href=\"https:\/\/twitter.com\/share\" class=\"twitter-share-button\" data-url=\"https:\/\/www.caritasne2.org.br\/site\/caritas-regional-ne2-realiza-visitas-de-acompanhamento-do-projeto-aguas-para-educar-no-rio-grande-do-norte\/\">&nbsp;<\/a><script>!function(d,s,id){var js,fjs=d.getElementsByTagName(s)[0],p=\/^http:\/.test(d.location)?'http':'https';if(!d.getElementById(id)){js=d.createElement(s);js.id=id;js.src=p+':\/\/platform.twitter.com\/widgets.js';fjs.parentNode.insertBefore(js,fjs);}}(document, 'script', 'twitter-wjs');<\/script><\/li><li class=\"gplus\" style=\"width:68px\"><div class=\"g-plusone\" data-size=\"medium\" data-href=\"https:\/\/www.caritasne2.org.br\/site\/caritas-regional-ne2-realiza-visitas-de-acompanhamento-do-projeto-aguas-para-educar-no-rio-grande-do-norte\/\"><\/div><\/li><li class=\"ssb_linkedin\" style=\"width:64px\"><script src=\"\/\/platform.linkedin.com\/in.js\" type=\"text\/javascript\">lang: en_US<\/script><script type=\"IN\/Share\" data-url=\"https:\/\/www.caritasne2.org.br\/site\/caritas-regional-ne2-realiza-visitas-de-acompanhamento-do-projeto-aguas-para-educar-no-rio-grande-do-norte\/\" data-counter=\"right\"><\/script><\/li><\/ul>","protected":false},"author":4,"featured_media":8381,"comment_status":"open","ping_status":"open","sticky":false,"template":"","format":"standard","meta":[],"categories":[21,20],"tags":[],"_links":{"self":[{"href":"https:\/\/www.caritasne2.org.br\/site\/wp-json\/wp\/v2\/posts\/8380"}],"collection":[{"href":"https:\/\/www.caritasne2.org.br\/site\/wp-json\/wp\/v2\/posts"}],"about":[{"href":"https:\/\/www.caritasne2.org.br\/site\/wp-json\/wp\/v2\/types\/post"}],"author":[{"embeddable":true,"href":"https:\/\/www.caritasne2.org.br\/site\/wp-json\/wp\/v2\/users\/4"}],"replies":[{"embeddable":true,"href":"https:\/\/www.caritasne2.org.br\/site\/wp-json\/wp\/v2\/comments?post=8380"}],"version-history":[{"count":0,"href":"https:\/\/www.caritasne2.org.br\/site\/wp-json\/wp\/v2\/posts\/8380\/revisions"}],"wp:featuredmedia":[{"embeddable":true,"href":"https:\/\/www.caritasne2.org.br\/site\/wp-json\/wp\/v2\/media\/8381"}],"wp:attachment":[{"href":"https:\/\/www.caritasne2.org.br\/site\/wp-json\/wp\/v2\/media?parent=8380"}],"wp:term":[{"taxonomy":"category","embeddable":true,"href":"https:\/\/www.caritasne2.org.br\/site\/wp-json\/wp\/v2\/categories?post=8380"},{"taxonomy":"post_tag","embeddable":true,"href":"https:\/\/www.caritasne2.org.br\/site\/wp-json\/wp\/v2\/tags?post=8380"}],"curies":[{"name":"wp","href":"https:\/\/api.w.org\/{rel}","templated":true}]}}