{"id":8366,"date":"2021-08-20T11:52:21","date_gmt":"2021-08-20T14:52:21","guid":{"rendered":"http:\/\/www.caritasne2.org.br\/?p=8366"},"modified":"2021-08-20T12:12:13","modified_gmt":"2021-08-20T15:12:13","slug":"feira-da-agricultura-familiar-fortalece-economia-solidaria-para-familias-da-paraiba","status":"publish","type":"post","link":"https:\/\/www.caritasne2.org.br\/site\/feira-da-agricultura-familiar-fortalece-economia-solidaria-para-familias-da-paraiba\/","title":{"rendered":"Feira da agricultura familiar fortalece economia solid\u00e1ria para fam\u00edlias da Para\u00edba"},"content":{"rendered":"<p style=\"text-align: center;\"><em>Muitas fam\u00edlias s\u00e3o acompanhadas e monitoradas pela C\u00e1ritas Diocesana em Guarabira, que faz um trabalho de incentivo e fomento\u00a0 a autonomia financeira dos agricultores<\/em><\/p>\n<p>A Feira de Agricultura Familiar, na cidade de Cacimba de Dentro, localizada no estado da Para\u00edba, j\u00e1 virou tradi\u00e7\u00e3o h\u00e1 seis anos. Foi no ano de 2015 que ela deu os primeiros passos, e hoje re\u00fane 12 fam\u00edlias que comercializam os pr\u00f3prios alimentos cultivados em suas casas.<\/p>\n<p>Todas as sextas-feiras, das 6h30 \u00e0s 11h, a feira vem marcando presen\u00e7a na cidade, trazendo diversos produtos da regi\u00e3o, e melhor, confeccionados pelas pr\u00f3prias fam\u00edlias que comercializam. Durante a feira, os consumidores podem comprar produtos diretamente dos agricultores, como legumes sem nenhum agrot\u00f3xicos.<\/p>\n<p>Muitas fam\u00edlias s\u00e3o assessoradas pela C\u00e1ritas Diocesana de Guarabira, que faz um trabalho de incentivo e fomento\u00a0 a autonomia financeira dos agricultores.<em>\u00a0<\/em>Entre os produtos est\u00e3o: verduras, legumes e frutas t\u00edpicas da regi\u00e3o, tapiocas, beiju, bolos diversos, mel de abelha, moleira, doces, tempero caseiro completo, \u00f3leos, lambedor, feij\u00e3o, fava, ovos de capoeira, entre outros. Apesar de tanta diversidade e qualidade nos produtos, as fam\u00edlias encontraram certa dificuldade durante a pandemia. Tiveram que se reinventar para manter as vendas.<\/p>\n<p>\u201cO caminho que encontramos para manter a comercializa\u00e7\u00e3o foi abrir uma Quitanda da agricultura familiar para comercializa\u00e7\u00e3o dos produtos. Outra sa\u00edda foi a entrega da produ\u00e7\u00e3o a domic\u00edlio\u201d, afirmou membro de uma das fam\u00edlias.<\/p>\n<p>Hoje mais fortalecidas, encontram na agricultura familiar um meio para o sustento de suas fam\u00edlias. \u201cA feira trouxe benef\u00edcios para minha fam\u00edlia em rela\u00e7\u00e3o a alimenta\u00e7\u00e3o de boa qualidade, sem contar que a pr\u00f3pria horta \u00e9 cuidada pela fam\u00edlia, ajudando na renda familiar. Nos sentimos felizes em fazer parte da feira, levando a produ\u00e7\u00e3o sem agrot\u00f3xicos para comercializa\u00e7\u00e3o\u201d, disse Maria L\u00facia e Jos\u00e9 Constantino, do Sitio Cara\u00fabas.<\/p>\n<p><a href=\"http:\/\/www.caritasne2.org.br\/feira-da-agricultura-familiar-fortalece-economia-solidaria-para-familias-da-paraiba\/whatsapp-image-2021-08-20-at-11-47-28-2\/\" rel=\"attachment wp-att-8368\"><img decoding=\"async\" loading=\"lazy\" class=\"aligncenter wp-image-8368\" src=\"http:\/\/www.caritasne2.org.br\/wp-content\/uploads\/2021\/08\/WhatsApp-Image-2021-08-20-at-11.47.28-2.jpeg\" alt=\"\" width=\"645\" height=\"363\" srcset=\"https:\/\/www.caritasne2.org.br\/site\/wp-content\/uploads\/2021\/08\/WhatsApp-Image-2021-08-20-at-11.47.28-2.jpeg 1032w, https:\/\/www.caritasne2.org.br\/site\/wp-content\/uploads\/2021\/08\/WhatsApp-Image-2021-08-20-at-11.47.28-2-300x169.jpeg 300w, https:\/\/www.caritasne2.org.br\/site\/wp-content\/uploads\/2021\/08\/WhatsApp-Image-2021-08-20-at-11.47.28-2-768x432.jpeg 768w, https:\/\/www.caritasne2.org.br\/site\/wp-content\/uploads\/2021\/08\/WhatsApp-Image-2021-08-20-at-11.47.28-2-1024x576.jpeg 1024w, https:\/\/www.caritasne2.org.br\/site\/wp-content\/uploads\/2021\/08\/WhatsApp-Image-2021-08-20-at-11.47.28-2-588x330.jpeg 588w\" sizes=\"(max-width: 645px) 100vw, 645px\" \/><\/a><\/p>\n<p><a href=\"http:\/\/www.caritasne2.org.br\/feira-da-agricultura-familiar-fortalece-economia-solidaria-para-familias-da-paraiba\/whatsapp-image-2021-08-20-at-11-47-28\/\" rel=\"attachment wp-att-8369\"><img decoding=\"async\" loading=\"lazy\" class=\"aligncenter wp-image-8369\" src=\"http:\/\/www.caritasne2.org.br\/wp-content\/uploads\/2021\/08\/WhatsApp-Image-2021-08-20-at-11.47.28.jpeg\" alt=\"\" width=\"643\" height=\"482\" srcset=\"https:\/\/www.caritasne2.org.br\/site\/wp-content\/uploads\/2021\/08\/WhatsApp-Image-2021-08-20-at-11.47.28.jpeg 1600w, https:\/\/www.caritasne2.org.br\/site\/wp-content\/uploads\/2021\/08\/WhatsApp-Image-2021-08-20-at-11.47.28-300x225.jpeg 300w, https:\/\/www.caritasne2.org.br\/site\/wp-content\/uploads\/2021\/08\/WhatsApp-Image-2021-08-20-at-11.47.28-768x576.jpeg 768w, https:\/\/www.caritasne2.org.br\/site\/wp-content\/uploads\/2021\/08\/WhatsApp-Image-2021-08-20-at-11.47.28-1024x768.jpeg 1024w\" sizes=\"(max-width: 643px) 100vw, 643px\" \/><\/a><\/p>\n<p><a href=\"http:\/\/www.caritasne2.org.br\/feira-da-agricultura-familiar-fortalece-economia-solidaria-para-familias-da-paraiba\/whatsapp-image-2021-08-20-at-11-47-27-4\/\" rel=\"attachment wp-att-8370\"><img decoding=\"async\" loading=\"lazy\" class=\"aligncenter wp-image-8370\" src=\"http:\/\/www.caritasne2.org.br\/wp-content\/uploads\/2021\/08\/WhatsApp-Image-2021-08-20-at-11.47.27-4.jpeg\" alt=\"\" width=\"640\" height=\"480\" srcset=\"https:\/\/www.caritasne2.org.br\/site\/wp-content\/uploads\/2021\/08\/WhatsApp-Image-2021-08-20-at-11.47.27-4.jpeg 1600w, https:\/\/www.caritasne2.org.br\/site\/wp-content\/uploads\/2021\/08\/WhatsApp-Image-2021-08-20-at-11.47.27-4-300x225.jpeg 300w, https:\/\/www.caritasne2.org.br\/site\/wp-content\/uploads\/2021\/08\/WhatsApp-Image-2021-08-20-at-11.47.27-4-768x576.jpeg 768w, https:\/\/www.caritasne2.org.br\/site\/wp-content\/uploads\/2021\/08\/WhatsApp-Image-2021-08-20-at-11.47.27-4-1024x768.jpeg 1024w\" sizes=\"(max-width: 640px) 100vw, 640px\" \/><\/a><\/p>\n<p><a href=\"http:\/\/www.caritasne2.org.br\/feira-da-agricultura-familiar-fortalece-economia-solidaria-para-familias-da-paraiba\/whatsapp-image-2021-08-20-at-11-47-27-3\/\" rel=\"attachment wp-att-8371\"><img decoding=\"async\" loading=\"lazy\" class=\"aligncenter wp-image-8371\" src=\"http:\/\/www.caritasne2.org.br\/wp-content\/uploads\/2021\/08\/WhatsApp-Image-2021-08-20-at-11.47.27-3.jpeg\" alt=\"\" width=\"642\" height=\"482\" srcset=\"https:\/\/www.caritasne2.org.br\/site\/wp-content\/uploads\/2021\/08\/WhatsApp-Image-2021-08-20-at-11.47.27-3.jpeg 1600w, https:\/\/www.caritasne2.org.br\/site\/wp-content\/uploads\/2021\/08\/WhatsApp-Image-2021-08-20-at-11.47.27-3-300x225.jpeg 300w, https:\/\/www.caritasne2.org.br\/site\/wp-content\/uploads\/2021\/08\/WhatsApp-Image-2021-08-20-at-11.47.27-3-768x576.jpeg 768w, https:\/\/www.caritasne2.org.br\/site\/wp-content\/uploads\/2021\/08\/WhatsApp-Image-2021-08-20-at-11.47.27-3-1024x768.jpeg 1024w\" sizes=\"(max-width: 642px) 100vw, 642px\" \/><\/a><\/p>\n<p><a href=\"http:\/\/www.caritasne2.org.br\/feira-da-agricultura-familiar-fortalece-economia-solidaria-para-familias-da-paraiba\/whatsapp-image-2021-08-20-at-11-47-27-2\/\" rel=\"attachment wp-att-8372\"><img decoding=\"async\" loading=\"lazy\" class=\"aligncenter wp-image-8372\" src=\"http:\/\/www.caritasne2.org.br\/wp-content\/uploads\/2021\/08\/WhatsApp-Image-2021-08-20-at-11.47.27-2.jpeg\" alt=\"\" width=\"643\" height=\"482\" srcset=\"https:\/\/www.caritasne2.org.br\/site\/wp-content\/uploads\/2021\/08\/WhatsApp-Image-2021-08-20-at-11.47.27-2.jpeg 1032w, https:\/\/www.caritasne2.org.br\/site\/wp-content\/uploads\/2021\/08\/WhatsApp-Image-2021-08-20-at-11.47.27-2-300x225.jpeg 300w, https:\/\/www.caritasne2.org.br\/site\/wp-content\/uploads\/2021\/08\/WhatsApp-Image-2021-08-20-at-11.47.27-2-768x576.jpeg 768w, https:\/\/www.caritasne2.org.br\/site\/wp-content\/uploads\/2021\/08\/WhatsApp-Image-2021-08-20-at-11.47.27-2-1024x768.jpeg 1024w\" sizes=\"(max-width: 643px) 100vw, 643px\" \/><\/a><\/p>\n<p><a href=\"http:\/\/www.caritasne2.org.br\/feira-da-agricultura-familiar-fortalece-economia-solidaria-para-familias-da-paraiba\/whatsapp-image-2021-08-20-at-11-47-27-1\/\" rel=\"attachment wp-att-8373\"><img decoding=\"async\" loading=\"lazy\" class=\"aligncenter wp-image-8373\" src=\"http:\/\/www.caritasne2.org.br\/wp-content\/uploads\/2021\/08\/WhatsApp-Image-2021-08-20-at-11.47.27-1.jpeg\" alt=\"\" width=\"641\" height=\"481\" srcset=\"https:\/\/www.caritasne2.org.br\/site\/wp-content\/uploads\/2021\/08\/WhatsApp-Image-2021-08-20-at-11.47.27-1.jpeg 1032w, https:\/\/www.caritasne2.org.br\/site\/wp-content\/uploads\/2021\/08\/WhatsApp-Image-2021-08-20-at-11.47.27-1-300x225.jpeg 300w, https:\/\/www.caritasne2.org.br\/site\/wp-content\/uploads\/2021\/08\/WhatsApp-Image-2021-08-20-at-11.47.27-1-768x576.jpeg 768w, https:\/\/www.caritasne2.org.br\/site\/wp-content\/uploads\/2021\/08\/WhatsApp-Image-2021-08-20-at-11.47.27-1-1024x768.jpeg 1024w\" sizes=\"(max-width: 641px) 100vw, 641px\" \/><\/a><\/p>\n<ul class=\"ssb_list_wrapper\"><li class=\"fb2\" style=\"width:135px\"><iframe src=\"\/\/www.facebook.com\/plugins\/like.php?href=https%3A%2F%2Fwww.caritasne2.org.br%2Fsite%2Ffeira-da-agricultura-familiar-fortalece-economia-solidaria-para-familias-da-paraiba%2F&amp;layout=button_count&amp;action=like&amp;show_faces=false&amp;share=true&amp;width=135&amp;height=21&amp;appId=307091639398582\" scrolling=\"no\" frameborder=\"0\" style=\"border:none; overflow:hidden;  width:150px; height:21px;\" allowTransparency=\"true\"><\/iframe><\/li><li class=\"twtr\" style=\"width:90px\"><a href=\"https:\/\/twitter.com\/share\" class=\"twitter-share-button\" data-url=\"https:\/\/www.caritasne2.org.br\/site\/feira-da-agricultura-familiar-fortalece-economia-solidaria-para-familias-da-paraiba\/\">&nbsp;<\/a><script>!function(d,s,id){var js,fjs=d.getElementsByTagName(s)[0],p=\/^http:\/.test(d.location)?'http':'https';if(!d.getElementById(id)){js=d.createElement(s);js.id=id;js.src=p+':\/\/platform.twitter.com\/widgets.js';fjs.parentNode.insertBefore(js,fjs);}}(document, 'script', 'twitter-wjs');<\/script><\/li><li class=\"gplus\" style=\"width:68px\"><div class=\"g-plusone\" data-size=\"medium\" data-href=\"https:\/\/www.caritasne2.org.br\/site\/feira-da-agricultura-familiar-fortalece-economia-solidaria-para-familias-da-paraiba\/\"><\/div><\/li><li class=\"ssb_linkedin\" style=\"width:64px\"><script src=\"\/\/platform.linkedin.com\/in.js\" type=\"text\/javascript\">lang: en_US<\/script><script type=\"IN\/Share\" data-url=\"https:\/\/www.caritasne2.org.br\/site\/feira-da-agricultura-familiar-fortalece-economia-solidaria-para-familias-da-paraiba\/\" data-counter=\"right\"><\/script><\/li><\/ul>","protected":false},"excerpt":{"rendered":"<p>Muitas fam\u00edlias s\u00e3o acompanhadas e monitoradas pela C\u00e1ritas Diocesana em Guarabira, que faz um trabalho de incentivo e fomento\u00a0 a autonomia financeira dos agricultores A Feira de Agricultura Familiar, na cidade de Cacimba de Dentro, localizada no estado da Para\u00edba, j\u00e1 virou tradi\u00e7\u00e3o h\u00e1 seis anos. Foi no ano de 2015 que ela deu os primeiros passos, e hoje re\u00fane 12 fam\u00edlias que comercializam os [&hellip;]<\/p>\n<ul class=\"ssb_list_wrapper\"><li class=\"fb2\" style=\"width:135px\"><iframe src=\"\/\/www.facebook.com\/plugins\/like.php?href=https%3A%2F%2Fwww.caritasne2.org.br%2Fsite%2Ffeira-da-agricultura-familiar-fortalece-economia-solidaria-para-familias-da-paraiba%2F&amp;layout=button_count&amp;action=like&amp;show_faces=false&amp;share=true&amp;width=135&amp;height=21&amp;appId=307091639398582\" scrolling=\"no\" frameborder=\"0\" style=\"border:none; overflow:hidden;  width:150px; height:21px;\" allowTransparency=\"true\"><\/iframe><\/li><li class=\"twtr\" style=\"width:90px\"><a href=\"https:\/\/twitter.com\/share\" class=\"twitter-share-button\" data-url=\"https:\/\/www.caritasne2.org.br\/site\/feira-da-agricultura-familiar-fortalece-economia-solidaria-para-familias-da-paraiba\/\">&nbsp;<\/a><script>!function(d,s,id){var js,fjs=d.getElementsByTagName(s)[0],p=\/^http:\/.test(d.location)?'http':'https';if(!d.getElementById(id)){js=d.createElement(s);js.id=id;js.src=p+':\/\/platform.twitter.com\/widgets.js';fjs.parentNode.insertBefore(js,fjs);}}(document, 'script', 'twitter-wjs');<\/script><\/li><li class=\"gplus\" style=\"width:68px\"><div class=\"g-plusone\" data-size=\"medium\" data-href=\"https:\/\/www.caritasne2.org.br\/site\/feira-da-agricultura-familiar-fortalece-economia-solidaria-para-familias-da-paraiba\/\"><\/div><\/li><li class=\"ssb_linkedin\" style=\"width:64px\"><script src=\"\/\/platform.linkedin.com\/in.js\" type=\"text\/javascript\">lang: en_US<\/script><script type=\"IN\/Share\" data-url=\"https:\/\/www.caritasne2.org.br\/site\/feira-da-agricultura-familiar-fortalece-economia-solidaria-para-familias-da-paraiba\/\" data-counter=\"right\"><\/script><\/li><\/ul>","protected":false},"author":4,"featured_media":8367,"comment_status":"open","ping_status":"open","sticky":false,"template":"","format":"standard","meta":[],"categories":[21,20],"tags":[],"_links":{"self":[{"href":"https:\/\/www.caritasne2.org.br\/site\/wp-json\/wp\/v2\/posts\/8366"}],"collection":[{"href":"https:\/\/www.caritasne2.org.br\/site\/wp-json\/wp\/v2\/posts"}],"about":[{"href":"https:\/\/www.caritasne2.org.br\/site\/wp-json\/wp\/v2\/types\/post"}],"author":[{"embeddable":true,"href":"https:\/\/www.caritasne2.org.br\/site\/wp-json\/wp\/v2\/users\/4"}],"replies":[{"embeddable":true,"href":"https:\/\/www.caritasne2.org.br\/site\/wp-json\/wp\/v2\/comments?post=8366"}],"version-history":[{"count":0,"href":"https:\/\/www.caritasne2.org.br\/site\/wp-json\/wp\/v2\/posts\/8366\/revisions"}],"wp:featuredmedia":[{"embeddable":true,"href":"https:\/\/www.caritasne2.org.br\/site\/wp-json\/wp\/v2\/media\/8367"}],"wp:attachment":[{"href":"https:\/\/www.caritasne2.org.br\/site\/wp-json\/wp\/v2\/media?parent=8366"}],"wp:term":[{"taxonomy":"category","embeddable":true,"href":"https:\/\/www.caritasne2.org.br\/site\/wp-json\/wp\/v2\/categories?post=8366"},{"taxonomy":"post_tag","embeddable":true,"href":"https:\/\/www.caritasne2.org.br\/site\/wp-json\/wp\/v2\/tags?post=8366"}],"curies":[{"name":"wp","href":"https:\/\/api.w.org\/{rel}","templated":true}]}}