{"id":8353,"date":"2021-08-19T16:26:42","date_gmt":"2021-08-19T19:26:42","guid":{"rendered":"http:\/\/www.caritasne2.org.br\/?p=8353"},"modified":"2021-08-19T18:46:59","modified_gmt":"2021-08-19T21:46:59","slug":"caritas-regional-ne2-lanca-edital-de-selecao-para-psicologoa","status":"publish","type":"post","link":"https:\/\/www.caritasne2.org.br\/site\/caritas-regional-ne2-lanca-edital-de-selecao-para-psicologoa\/","title":{"rendered":"C\u00e1ritas Regional NE2 lan\u00e7a edital de sele\u00e7\u00e3o para  psic\u00f3logo(a)"},"content":{"rendered":"<p>A C\u00e1ritas Brasileira NE2, organismo da Confer\u00eancia Nacional dos Bispos do Brasil (CNBB), com atua\u00e7\u00e3o nos Estados de Alagoas, Para\u00edba, Pernambuco e Rio Grande do Norte, torna p\u00fablico Edital de Sele\u00e7\u00e3o\u00a0 Modalidade sele\u00e7\u00e3o de Curr\u00edculo e Entrevista N\u00ba 006\/2021 para presta\u00e7\u00e3o de servi\u00e7o de 01 (um) profissional da \u00e1rea de psicologia, para a vaga na lota\u00e7\u00e3o da sede da C\u00e1ritas Brasileira NE2, escrit\u00f3rio situado a Rua Monte Castelo, 176, Boa Vista, Recife &#8211; Pernambuco.<\/p>\n<p>Os interessados podem enviar curr\u00edculo at\u00e9 24 de Agosto de 2021, atrav\u00e9s do endere\u00e7o eletr\u00f4nico caritasne2@caritas.org.br.<\/p>\n<p>Confira edital completo\u00a0<a href=\"http:\/\/www.caritasne2.org.br\/wp-content\/uploads\/2021\/08\/Edital-Sele\u00e7\u00e3o-N\u00ba-006_2021-Presta\u00e7\u00e3o-de-Servi\u00e7os-_-Psicologia.pdf\">clicando aqui.<\/a><\/p>\n<p>&nbsp;<\/p>\n<ul class=\"ssb_list_wrapper\"><li class=\"fb2\" style=\"width:135px\"><iframe src=\"\/\/www.facebook.com\/plugins\/like.php?href=https%3A%2F%2Fwww.caritasne2.org.br%2Fsite%2Fcaritas-regional-ne2-lanca-edital-de-selecao-para-psicologoa%2F&amp;layout=button_count&amp;action=like&amp;show_faces=false&amp;share=true&amp;width=135&amp;height=21&amp;appId=307091639398582\" scrolling=\"no\" frameborder=\"0\" style=\"border:none; overflow:hidden;  width:150px; height:21px;\" allowTransparency=\"true\"><\/iframe><\/li><li class=\"twtr\" style=\"width:90px\"><a href=\"https:\/\/twitter.com\/share\" class=\"twitter-share-button\" data-url=\"https:\/\/www.caritasne2.org.br\/site\/caritas-regional-ne2-lanca-edital-de-selecao-para-psicologoa\/\">&nbsp;<\/a><script>!function(d,s,id){var js,fjs=d.getElementsByTagName(s)[0],p=\/^http:\/.test(d.location)?'http':'https';if(!d.getElementById(id)){js=d.createElement(s);js.id=id;js.src=p+':\/\/platform.twitter.com\/widgets.js';fjs.parentNode.insertBefore(js,fjs);}}(document, 'script', 'twitter-wjs');<\/script><\/li><li class=\"gplus\" style=\"width:68px\"><div class=\"g-plusone\" data-size=\"medium\" data-href=\"https:\/\/www.caritasne2.org.br\/site\/caritas-regional-ne2-lanca-edital-de-selecao-para-psicologoa\/\"><\/div><\/li><li class=\"ssb_linkedin\" style=\"width:64px\"><script src=\"\/\/platform.linkedin.com\/in.js\" type=\"text\/javascript\">lang: en_US<\/script><script type=\"IN\/Share\" data-url=\"https:\/\/www.caritasne2.org.br\/site\/caritas-regional-ne2-lanca-edital-de-selecao-para-psicologoa\/\" data-counter=\"right\"><\/script><\/li><\/ul>","protected":false},"excerpt":{"rendered":"<p>A C\u00e1ritas Brasileira NE2, organismo da Confer\u00eancia Nacional dos Bispos do Brasil (CNBB), com atua\u00e7\u00e3o nos Estados de Alagoas, Para\u00edba, Pernambuco e Rio Grande do Norte, torna p\u00fablico Edital de Sele\u00e7\u00e3o\u00a0 Modalidade sele\u00e7\u00e3o de Curr\u00edculo e Entrevista N\u00ba 006\/2021 para presta\u00e7\u00e3o de servi\u00e7o de 01 (um) profissional da \u00e1rea de psicologia, para a vaga na lota\u00e7\u00e3o da sede da C\u00e1ritas Brasileira NE2, escrit\u00f3rio situado a [&hellip;]<\/p>\n<ul class=\"ssb_list_wrapper\"><li class=\"fb2\" style=\"width:135px\"><iframe src=\"\/\/www.facebook.com\/plugins\/like.php?href=https%3A%2F%2Fwww.caritasne2.org.br%2Fsite%2Fcaritas-regional-ne2-lanca-edital-de-selecao-para-psicologoa%2F&amp;layout=button_count&amp;action=like&amp;show_faces=false&amp;share=true&amp;width=135&amp;height=21&amp;appId=307091639398582\" scrolling=\"no\" frameborder=\"0\" style=\"border:none; overflow:hidden;  width:150px; height:21px;\" allowTransparency=\"true\"><\/iframe><\/li><li class=\"twtr\" style=\"width:90px\"><a href=\"https:\/\/twitter.com\/share\" class=\"twitter-share-button\" data-url=\"https:\/\/www.caritasne2.org.br\/site\/caritas-regional-ne2-lanca-edital-de-selecao-para-psicologoa\/\">&nbsp;<\/a><script>!function(d,s,id){var js,fjs=d.getElementsByTagName(s)[0],p=\/^http:\/.test(d.location)?'http':'https';if(!d.getElementById(id)){js=d.createElement(s);js.id=id;js.src=p+':\/\/platform.twitter.com\/widgets.js';fjs.parentNode.insertBefore(js,fjs);}}(document, 'script', 'twitter-wjs');<\/script><\/li><li class=\"gplus\" style=\"width:68px\"><div class=\"g-plusone\" data-size=\"medium\" data-href=\"https:\/\/www.caritasne2.org.br\/site\/caritas-regional-ne2-lanca-edital-de-selecao-para-psicologoa\/\"><\/div><\/li><li class=\"ssb_linkedin\" style=\"width:64px\"><script src=\"\/\/platform.linkedin.com\/in.js\" type=\"text\/javascript\">lang: en_US<\/script><script type=\"IN\/Share\" data-url=\"https:\/\/www.caritasne2.org.br\/site\/caritas-regional-ne2-lanca-edital-de-selecao-para-psicologoa\/\" data-counter=\"right\"><\/script><\/li><\/ul>","protected":false},"author":4,"featured_media":8357,"comment_status":"open","ping_status":"open","sticky":false,"template":"","format":"standard","meta":[],"categories":[21,20],"tags":[],"_links":{"self":[{"href":"https:\/\/www.caritasne2.org.br\/site\/wp-json\/wp\/v2\/posts\/8353"}],"collection":[{"href":"https:\/\/www.caritasne2.org.br\/site\/wp-json\/wp\/v2\/posts"}],"about":[{"href":"https:\/\/www.caritasne2.org.br\/site\/wp-json\/wp\/v2\/types\/post"}],"author":[{"embeddable":true,"href":"https:\/\/www.caritasne2.org.br\/site\/wp-json\/wp\/v2\/users\/4"}],"replies":[{"embeddable":true,"href":"https:\/\/www.caritasne2.org.br\/site\/wp-json\/wp\/v2\/comments?post=8353"}],"version-history":[{"count":0,"href":"https:\/\/www.caritasne2.org.br\/site\/wp-json\/wp\/v2\/posts\/8353\/revisions"}],"wp:featuredmedia":[{"embeddable":true,"href":"https:\/\/www.caritasne2.org.br\/site\/wp-json\/wp\/v2\/media\/8357"}],"wp:attachment":[{"href":"https:\/\/www.caritasne2.org.br\/site\/wp-json\/wp\/v2\/media?parent=8353"}],"wp:term":[{"taxonomy":"category","embeddable":true,"href":"https:\/\/www.caritasne2.org.br\/site\/wp-json\/wp\/v2\/categories?post=8353"},{"taxonomy":"post_tag","embeddable":true,"href":"https:\/\/www.caritasne2.org.br\/site\/wp-json\/wp\/v2\/tags?post=8353"}],"curies":[{"name":"wp","href":"https:\/\/api.w.org\/{rel}","templated":true}]}}