{"id":8344,"date":"2021-08-16T11:21:50","date_gmt":"2021-08-16T14:21:50","guid":{"rendered":"http:\/\/www.caritasne2.org.br\/?p=8344"},"modified":"2021-08-16T11:21:51","modified_gmt":"2021-08-16T14:21:51","slug":"caritas-ne2-participa-de-seminario-em-homenagem-ao-dia-da-juventude-promovido-pela-caritas-arquidiocesana-de-olinda-e-recife","status":"publish","type":"post","link":"https:\/\/www.caritasne2.org.br\/site\/caritas-ne2-participa-de-seminario-em-homenagem-ao-dia-da-juventude-promovido-pela-caritas-arquidiocesana-de-olinda-e-recife\/","title":{"rendered":"C\u00e1ritas NE2 participa de semin\u00e1rio em homenagem ao Dia da Juventude promovido pela C\u00e1ritas Arquidiocesana de Olinda e Recife"},"content":{"rendered":"<p style=\"text-align: justify;\">Comemorando o Dia Internacional das Juventudes, a C\u00e1ritas Regional Nordeste 2, representada pela assessora regional Bruna Suianne, participou na \u00faltima quinta-feira (12) do Semin\u00e1rio sobre Juventudes, participa\u00e7\u00e3o social e mercado de trabalho, promovido pela C\u00e1ritas Arquidiocesana de Olinda e Recife.<\/p>\n<p style=\"text-align: justify;\">A atividade contou com a participa\u00e7\u00e3o de jovens da Ilha de Itamarac\u00e1, que integram o Projeto Inclus\u00e3o, F\u00e9 e Pol\u00edtica, desenvolvido desde 2019 nos munic\u00edpios de Itapissuma e Ilha de Itamarac\u00e1, e que tem como objetivo ampliar as possibilidades de jovens e adultos de inser\u00e7\u00e3o no mercado de trabalho.<\/p>\n<p style=\"text-align: justify;\">No encontro, que tamb\u00e9m contou com a presen\u00e7a de Daniel Francisco, representante do F\u00f3rum de Juventudes de Pernambuco (FOJUPE), foram debatidas quest\u00f5es sobre direitos das juventudes, participa\u00e7\u00e3o em espa\u00e7os de incid\u00eancia pol\u00edtica e economia popular e solid\u00e1ria como uma alternativa a quest\u00e3o do desemprego e desigualdades sociais refor\u00e7adas com a chegada da pandemia.<\/p>\n<p style=\"text-align: justify;\"><a href=\"http:\/\/www.caritasne2.org.br\/caritas-ne2-participa-de-seminario-em-homenagem-ao-dia-da-juventude-promovido-pela-caritas-arquidiocesana-de-olinda-e-recife\/caor1\/\" rel=\"attachment wp-att-8345\"><img decoding=\"async\" loading=\"lazy\" class=\"aligncenter  wp-image-8345\" src=\"http:\/\/www.caritasne2.org.br\/wp-content\/uploads\/2021\/08\/caor1.png\" alt=\"\" width=\"640\" height=\"607\" srcset=\"https:\/\/www.caritasne2.org.br\/site\/wp-content\/uploads\/2021\/08\/caor1.png 815w, https:\/\/www.caritasne2.org.br\/site\/wp-content\/uploads\/2021\/08\/caor1-300x285.png 300w, https:\/\/www.caritasne2.org.br\/site\/wp-content\/uploads\/2021\/08\/caor1-768x728.png 768w\" sizes=\"(max-width: 640px) 100vw, 640px\" \/><\/a><\/p>\n<p style=\"text-align: justify;\"><a href=\"http:\/\/www.caritasne2.org.br\/caritas-ne2-participa-de-seminario-em-homenagem-ao-dia-da-juventude-promovido-pela-caritas-arquidiocesana-de-olinda-e-recife\/caor3\/\" rel=\"attachment wp-att-8346\"><img decoding=\"async\" loading=\"lazy\" class=\"aligncenter  wp-image-8346\" src=\"http:\/\/www.caritasne2.org.br\/wp-content\/uploads\/2021\/08\/caor3.png\" alt=\"\" width=\"644\" height=\"616\" srcset=\"https:\/\/www.caritasne2.org.br\/site\/wp-content\/uploads\/2021\/08\/caor3.png 811w, https:\/\/www.caritasne2.org.br\/site\/wp-content\/uploads\/2021\/08\/caor3-300x287.png 300w, https:\/\/www.caritasne2.org.br\/site\/wp-content\/uploads\/2021\/08\/caor3-768x735.png 768w\" sizes=\"(max-width: 644px) 100vw, 644px\" \/><\/a><\/p>\n<p style=\"text-align: justify;\"><a href=\"http:\/\/www.caritasne2.org.br\/caritas-ne2-participa-de-seminario-em-homenagem-ao-dia-da-juventude-promovido-pela-caritas-arquidiocesana-de-olinda-e-recife\/caor4\/\" rel=\"attachment wp-att-8347\"><img decoding=\"async\" loading=\"lazy\" class=\"aligncenter  wp-image-8347\" src=\"http:\/\/www.caritasne2.org.br\/wp-content\/uploads\/2021\/08\/caor4.png\" alt=\"\" width=\"642\" height=\"605\" srcset=\"https:\/\/www.caritasne2.org.br\/site\/wp-content\/uploads\/2021\/08\/caor4.png 813w, https:\/\/www.caritasne2.org.br\/site\/wp-content\/uploads\/2021\/08\/caor4-300x283.png 300w, https:\/\/www.caritasne2.org.br\/site\/wp-content\/uploads\/2021\/08\/caor4-768x724.png 768w\" sizes=\"(max-width: 642px) 100vw, 642px\" \/><\/a><\/p>\n<ul class=\"ssb_list_wrapper\"><li class=\"fb2\" style=\"width:135px\"><iframe src=\"\/\/www.facebook.com\/plugins\/like.php?href=https%3A%2F%2Fwww.caritasne2.org.br%2Fsite%2Fcaritas-ne2-participa-de-seminario-em-homenagem-ao-dia-da-juventude-promovido-pela-caritas-arquidiocesana-de-olinda-e-recife%2F&amp;layout=button_count&amp;action=like&amp;show_faces=false&amp;share=true&amp;width=135&amp;height=21&amp;appId=307091639398582\" scrolling=\"no\" frameborder=\"0\" style=\"border:none; overflow:hidden;  width:150px; height:21px;\" allowTransparency=\"true\"><\/iframe><\/li><li class=\"twtr\" style=\"width:90px\"><a href=\"https:\/\/twitter.com\/share\" class=\"twitter-share-button\" data-url=\"https:\/\/www.caritasne2.org.br\/site\/caritas-ne2-participa-de-seminario-em-homenagem-ao-dia-da-juventude-promovido-pela-caritas-arquidiocesana-de-olinda-e-recife\/\">&nbsp;<\/a><script>!function(d,s,id){var js,fjs=d.getElementsByTagName(s)[0],p=\/^http:\/.test(d.location)?'http':'https';if(!d.getElementById(id)){js=d.createElement(s);js.id=id;js.src=p+':\/\/platform.twitter.com\/widgets.js';fjs.parentNode.insertBefore(js,fjs);}}(document, 'script', 'twitter-wjs');<\/script><\/li><li class=\"gplus\" style=\"width:68px\"><div class=\"g-plusone\" data-size=\"medium\" data-href=\"https:\/\/www.caritasne2.org.br\/site\/caritas-ne2-participa-de-seminario-em-homenagem-ao-dia-da-juventude-promovido-pela-caritas-arquidiocesana-de-olinda-e-recife\/\"><\/div><\/li><li class=\"ssb_linkedin\" style=\"width:64px\"><script src=\"\/\/platform.linkedin.com\/in.js\" type=\"text\/javascript\">lang: en_US<\/script><script type=\"IN\/Share\" data-url=\"https:\/\/www.caritasne2.org.br\/site\/caritas-ne2-participa-de-seminario-em-homenagem-ao-dia-da-juventude-promovido-pela-caritas-arquidiocesana-de-olinda-e-recife\/\" data-counter=\"right\"><\/script><\/li><\/ul>","protected":false},"excerpt":{"rendered":"<p>Comemorando o Dia Internacional das Juventudes, a C\u00e1ritas Regional Nordeste 2, representada pela assessora regional Bruna Suianne, participou na \u00faltima quinta-feira (12) do Semin\u00e1rio sobre Juventudes, participa\u00e7\u00e3o social e mercado de trabalho, promovido pela C\u00e1ritas Arquidiocesana de Olinda e Recife. A atividade contou com a participa\u00e7\u00e3o de jovens da Ilha de Itamarac\u00e1, que integram o Projeto Inclus\u00e3o, F\u00e9 e Pol\u00edtica, desenvolvido desde 2019 nos munic\u00edpios [&hellip;]<\/p>\n<ul class=\"ssb_list_wrapper\"><li class=\"fb2\" style=\"width:135px\"><iframe src=\"\/\/www.facebook.com\/plugins\/like.php?href=https%3A%2F%2Fwww.caritasne2.org.br%2Fsite%2Fcaritas-ne2-participa-de-seminario-em-homenagem-ao-dia-da-juventude-promovido-pela-caritas-arquidiocesana-de-olinda-e-recife%2F&amp;layout=button_count&amp;action=like&amp;show_faces=false&amp;share=true&amp;width=135&amp;height=21&amp;appId=307091639398582\" scrolling=\"no\" frameborder=\"0\" style=\"border:none; overflow:hidden;  width:150px; height:21px;\" allowTransparency=\"true\"><\/iframe><\/li><li class=\"twtr\" style=\"width:90px\"><a href=\"https:\/\/twitter.com\/share\" class=\"twitter-share-button\" data-url=\"https:\/\/www.caritasne2.org.br\/site\/caritas-ne2-participa-de-seminario-em-homenagem-ao-dia-da-juventude-promovido-pela-caritas-arquidiocesana-de-olinda-e-recife\/\">&nbsp;<\/a><script>!function(d,s,id){var js,fjs=d.getElementsByTagName(s)[0],p=\/^http:\/.test(d.location)?'http':'https';if(!d.getElementById(id)){js=d.createElement(s);js.id=id;js.src=p+':\/\/platform.twitter.com\/widgets.js';fjs.parentNode.insertBefore(js,fjs);}}(document, 'script', 'twitter-wjs');<\/script><\/li><li class=\"gplus\" style=\"width:68px\"><div class=\"g-plusone\" data-size=\"medium\" data-href=\"https:\/\/www.caritasne2.org.br\/site\/caritas-ne2-participa-de-seminario-em-homenagem-ao-dia-da-juventude-promovido-pela-caritas-arquidiocesana-de-olinda-e-recife\/\"><\/div><\/li><li class=\"ssb_linkedin\" style=\"width:64px\"><script src=\"\/\/platform.linkedin.com\/in.js\" type=\"text\/javascript\">lang: en_US<\/script><script type=\"IN\/Share\" data-url=\"https:\/\/www.caritasne2.org.br\/site\/caritas-ne2-participa-de-seminario-em-homenagem-ao-dia-da-juventude-promovido-pela-caritas-arquidiocesana-de-olinda-e-recife\/\" data-counter=\"right\"><\/script><\/li><\/ul>","protected":false},"author":4,"featured_media":8350,"comment_status":"open","ping_status":"open","sticky":false,"template":"","format":"standard","meta":[],"categories":[21,20],"tags":[],"_links":{"self":[{"href":"https:\/\/www.caritasne2.org.br\/site\/wp-json\/wp\/v2\/posts\/8344"}],"collection":[{"href":"https:\/\/www.caritasne2.org.br\/site\/wp-json\/wp\/v2\/posts"}],"about":[{"href":"https:\/\/www.caritasne2.org.br\/site\/wp-json\/wp\/v2\/types\/post"}],"author":[{"embeddable":true,"href":"https:\/\/www.caritasne2.org.br\/site\/wp-json\/wp\/v2\/users\/4"}],"replies":[{"embeddable":true,"href":"https:\/\/www.caritasne2.org.br\/site\/wp-json\/wp\/v2\/comments?post=8344"}],"version-history":[{"count":0,"href":"https:\/\/www.caritasne2.org.br\/site\/wp-json\/wp\/v2\/posts\/8344\/revisions"}],"wp:featuredmedia":[{"embeddable":true,"href":"https:\/\/www.caritasne2.org.br\/site\/wp-json\/wp\/v2\/media\/8350"}],"wp:attachment":[{"href":"https:\/\/www.caritasne2.org.br\/site\/wp-json\/wp\/v2\/media?parent=8344"}],"wp:term":[{"taxonomy":"category","embeddable":true,"href":"https:\/\/www.caritasne2.org.br\/site\/wp-json\/wp\/v2\/categories?post=8344"},{"taxonomy":"post_tag","embeddable":true,"href":"https:\/\/www.caritasne2.org.br\/site\/wp-json\/wp\/v2\/tags?post=8344"}],"curies":[{"name":"wp","href":"https:\/\/api.w.org\/{rel}","templated":true}]}}