{"id":8331,"date":"2021-08-12T09:17:04","date_gmt":"2021-08-12T12:17:04","guid":{"rendered":"http:\/\/www.caritasne2.org.br\/?p=8331"},"modified":"2021-08-12T09:17:04","modified_gmt":"2021-08-12T12:17:04","slug":"caritas-regional-nordeste-2-participa-de-visita-em-territorio-afetado-por-impactos-dos-parques-eolicos","status":"publish","type":"post","link":"https:\/\/www.caritasne2.org.br\/site\/caritas-regional-nordeste-2-participa-de-visita-em-territorio-afetado-por-impactos-dos-parques-eolicos\/","title":{"rendered":"C\u00e1ritas Regional Nordeste 2 participa de visita em territ\u00f3rio afetado por impactos dos parques e\u00f3licos"},"content":{"rendered":"<p style=\"text-align: center;\"><em>A visita ocorreu no munic\u00edpio de Caet\u00e9s e contou com a presen\u00e7a de comitiva de parlamentares da Assembleia Legislativa de Pernambuco<\/em><strong>\u00a0<\/strong><\/p>\n<p style=\"text-align: justify;\">Na \u00faltima sexta-feira, 06, a C\u00e1ritas Regional Nordeste 2 participou de uma visita ao munic\u00edpio de Caet\u00e9s, Agreste Pernambucano, com o objetivo de conhecer as supostas \u201ca\u00e7\u00f5es de compensa\u00e7\u00e3o\u201d das empresas que t\u00eam implementado parques e\u00f3licos no estado e os impactos causados nas fam\u00edlias agricultoras e suas propriedades.<\/p>\n<p style=\"font-weight: 400; text-align: justify;\">Participaram da visita o articulador regional da CBNE2, Israel J\u00fanior, Walmar Juc\u00e1, assessor jur\u00eddico no Projeto Promo\u00e7\u00e3o e Defesa de Direitos na perspectiva da constru\u00e7\u00e3o de\u00a0sociedades\u00a0do Bem-Viver; parlamentares da Assembleia Legislativa de Pernambuco (Alepe), bem como representantes da Federa\u00e7\u00e3o dos Trabalhadores Rurais Agricultores e Agricultoras Familiares do Estado de Pernambuco\u00a0 (FETAPE), dos Sindicatos de Garanhuns e Caet\u00e9s, do Instituto Agron\u00f4mico de Pernambuco (IPA),\u00a0 e da Turma de Resid\u00eancia Multidisciplinar.<\/p>\n<p style=\"font-weight: 400; text-align: justify;\">Durante a visita, o grupo conheceu estruturas que foram doadas como compensa\u00e7\u00e3o pela empresa respons\u00e1vel \u00e0 comunidade afetada, entre eles,\u00a0um parque de divers\u00f5es que foi constru\u00eddo pela empresa ap\u00f3s a chegada do parque e\u00f3lico, e que atualmente\u00a0encontra-se\u00a0abandonado e sem uso, visto que a \u00e1rea \u00e9 um risco para crian\u00e7as por estar embaixo dos fios de transmiss\u00e3o de energia.\u00a0\u00a0Uma outra a\u00e7\u00e3o de compensa\u00e7\u00e3o est\u00e1 relacionada \u00e0 capta\u00e7\u00e3o de \u00e1gua atrav\u00e9s de po\u00e7os. Contudo, o munic\u00edpio de Caet\u00e9s n\u00e3o tem \u00e1gua de subsolo, e o resultado \u00e9 que os po\u00e7os n\u00e3o encontraram \u00e1gua com qualidade e quantidades suficientes para o consumo das\u00a0fam\u00edlias.<\/p>\n<p style=\"font-weight: 400; text-align: justify;\">A comunidade tamb\u00e9m fez um relato para o coletivo sobre os principais danos causados ap\u00f3s a instala\u00e7\u00e3o das torres, destacando principalmente os ru\u00eddos sistem\u00e1ticos produzidos pelos aero geradores que causam diversos problemas como: rachadura nas casas, ansiedade, depress\u00e3o, dificuldades de audi\u00e7\u00e3o, aborto animal, redu\u00e7\u00e3o da produ\u00e7\u00e3o leiteira, diminui\u00e7\u00e3o na produ\u00e7\u00e3o de ovos, dificuldade para aposentadoria rural, entre outros.<\/p>\n<p style=\"font-weight: 400; text-align: justify;\">Outra forma de compensa\u00e7\u00e3o pelos danos foi a prote\u00e7\u00e3o ac\u00fastica em algumas resid\u00eancias, por\u00e9m as casas mais afetadas, por estarem fora do contrato de arrendamento, acabaram ficando sem o benef\u00edcio e sentindo\u00a0diretamente\u00a0os impactos no seu cotidiano. &#8220;O problema principal \u00e9 que muitas pessoas est\u00e3o adoecendo, com depress\u00e3o, ansiedade, surdez, noites mal dormidas, que causam irrita\u00e7\u00e3o e comprometem a produtividade. Em decorr\u00eancia desses fatos, os pre\u00e7os das propriedades pr\u00f3ximas \u00e0s torres de aerogeradores despencaram. Mesmo quem quer vender n\u00e3o encontra compradores e quando encontra o pre\u00e7o \u00e9 insignificante&#8221;, refor\u00e7a Walmar Juc\u00e1.<\/p>\n<p style=\"text-align: justify;\">Um encaminhamento importante da visita foi a declara\u00e7\u00e3o dos parlamentares de que iriam apresentar um projeto de lei para proibir a instala\u00e7\u00e3o de torres a cerca de 500 metros das casas. Esse projeto de lei, que j\u00e1 est\u00e1 em tramita\u00e7\u00e3o na Comiss\u00e3o de Constitui\u00e7\u00e3o, Legisla\u00e7\u00e3o e Justi\u00e7a da Alepe, conta com as contribui\u00e7\u00f5es de diversos atores que militam na quest\u00e3o da energia e\u00f3lica.<\/p>\n<p style=\"text-align: justify;\"><a href=\"http:\/\/www.caritasne2.org.br\/caritas-regional-nordeste-2-participa-de-visita-em-territorio-afetado-por-impactos-dos-parques-eolicos\/whatsapp-image-2021-08-11-at-11-13-02\/\" rel=\"attachment wp-att-8332\"><img decoding=\"async\" loading=\"lazy\" class=\"aligncenter  wp-image-8332\" src=\"http:\/\/www.caritasne2.org.br\/wp-content\/uploads\/2021\/08\/WhatsApp-Image-2021-08-11-at-11.13.02.jpeg\" alt=\"\" width=\"550\" height=\"413\" srcset=\"https:\/\/www.caritasne2.org.br\/site\/wp-content\/uploads\/2021\/08\/WhatsApp-Image-2021-08-11-at-11.13.02.jpeg 1280w, https:\/\/www.caritasne2.org.br\/site\/wp-content\/uploads\/2021\/08\/WhatsApp-Image-2021-08-11-at-11.13.02-300x225.jpeg 300w, https:\/\/www.caritasne2.org.br\/site\/wp-content\/uploads\/2021\/08\/WhatsApp-Image-2021-08-11-at-11.13.02-768x576.jpeg 768w, https:\/\/www.caritasne2.org.br\/site\/wp-content\/uploads\/2021\/08\/WhatsApp-Image-2021-08-11-at-11.13.02-1024x768.jpeg 1024w\" sizes=\"(max-width: 550px) 100vw, 550px\" \/><\/a><\/p>\n<p style=\"text-align: justify;\"><a href=\"http:\/\/www.caritasne2.org.br\/caritas-regional-nordeste-2-participa-de-visita-em-territorio-afetado-por-impactos-dos-parques-eolicos\/whatsapp-image-2021-08-11-at-11-14-55-4\/\" rel=\"attachment wp-att-8333\"><img decoding=\"async\" loading=\"lazy\" class=\"aligncenter  wp-image-8333\" src=\"http:\/\/www.caritasne2.org.br\/wp-content\/uploads\/2021\/08\/WhatsApp-Image-2021-08-11-at-11.14.55-4.jpeg\" alt=\"\" width=\"549\" height=\"412\" srcset=\"https:\/\/www.caritasne2.org.br\/site\/wp-content\/uploads\/2021\/08\/WhatsApp-Image-2021-08-11-at-11.14.55-4.jpeg 1600w, https:\/\/www.caritasne2.org.br\/site\/wp-content\/uploads\/2021\/08\/WhatsApp-Image-2021-08-11-at-11.14.55-4-300x225.jpeg 300w, https:\/\/www.caritasne2.org.br\/site\/wp-content\/uploads\/2021\/08\/WhatsApp-Image-2021-08-11-at-11.14.55-4-768x576.jpeg 768w, https:\/\/www.caritasne2.org.br\/site\/wp-content\/uploads\/2021\/08\/WhatsApp-Image-2021-08-11-at-11.14.55-4-1024x768.jpeg 1024w\" sizes=\"(max-width: 549px) 100vw, 549px\" \/><\/a><\/p>\n<p style=\"text-align: justify;\"><a href=\"http:\/\/www.caritasne2.org.br\/caritas-regional-nordeste-2-participa-de-visita-em-territorio-afetado-por-impactos-dos-parques-eolicos\/whatsapp-image-2021-08-11-at-11-14-56\/\" rel=\"attachment wp-att-8335\"><img decoding=\"async\" loading=\"lazy\" class=\"aligncenter  wp-image-8335\" src=\"http:\/\/www.caritasne2.org.br\/wp-content\/uploads\/2021\/08\/WhatsApp-Image-2021-08-11-at-11.14.56.jpeg\" alt=\"\" width=\"547\" height=\"410\" srcset=\"https:\/\/www.caritasne2.org.br\/site\/wp-content\/uploads\/2021\/08\/WhatsApp-Image-2021-08-11-at-11.14.56.jpeg 1600w, https:\/\/www.caritasne2.org.br\/site\/wp-content\/uploads\/2021\/08\/WhatsApp-Image-2021-08-11-at-11.14.56-300x225.jpeg 300w, https:\/\/www.caritasne2.org.br\/site\/wp-content\/uploads\/2021\/08\/WhatsApp-Image-2021-08-11-at-11.14.56-768x576.jpeg 768w, https:\/\/www.caritasne2.org.br\/site\/wp-content\/uploads\/2021\/08\/WhatsApp-Image-2021-08-11-at-11.14.56-1024x768.jpeg 1024w\" sizes=\"(max-width: 547px) 100vw, 547px\" \/><\/a><\/p>\n<p style=\"text-align: justify;\"><a href=\"http:\/\/www.caritasne2.org.br\/caritas-regional-nordeste-2-participa-de-visita-em-territorio-afetado-por-impactos-dos-parques-eolicos\/whatsapp-image-2021-08-11-at-11-14-54-2\/\" rel=\"attachment wp-att-8336\"><img decoding=\"async\" loading=\"lazy\" class=\"aligncenter  wp-image-8336\" src=\"http:\/\/www.caritasne2.org.br\/wp-content\/uploads\/2021\/08\/WhatsApp-Image-2021-08-11-at-11.14.54-2.jpeg\" alt=\"\" width=\"552\" height=\"414\" srcset=\"https:\/\/www.caritasne2.org.br\/site\/wp-content\/uploads\/2021\/08\/WhatsApp-Image-2021-08-11-at-11.14.54-2.jpeg 1280w, https:\/\/www.caritasne2.org.br\/site\/wp-content\/uploads\/2021\/08\/WhatsApp-Image-2021-08-11-at-11.14.54-2-300x225.jpeg 300w, https:\/\/www.caritasne2.org.br\/site\/wp-content\/uploads\/2021\/08\/WhatsApp-Image-2021-08-11-at-11.14.54-2-768x576.jpeg 768w, https:\/\/www.caritasne2.org.br\/site\/wp-content\/uploads\/2021\/08\/WhatsApp-Image-2021-08-11-at-11.14.54-2-1024x768.jpeg 1024w\" sizes=\"(max-width: 552px) 100vw, 552px\" \/><\/a><\/p>\n<p style=\"text-align: justify;\"><a href=\"http:\/\/www.caritasne2.org.br\/caritas-regional-nordeste-2-participa-de-visita-em-territorio-afetado-por-impactos-dos-parques-eolicos\/whatsapp-image-2021-08-11-at-11-14-54-1\/\" rel=\"attachment wp-att-8337\"><img decoding=\"async\" loading=\"lazy\" class=\"aligncenter  wp-image-8337\" src=\"http:\/\/www.caritasne2.org.br\/wp-content\/uploads\/2021\/08\/WhatsApp-Image-2021-08-11-at-11.14.54-1.jpeg\" alt=\"\" width=\"544\" height=\"408\" srcset=\"https:\/\/www.caritasne2.org.br\/site\/wp-content\/uploads\/2021\/08\/WhatsApp-Image-2021-08-11-at-11.14.54-1.jpeg 1280w, https:\/\/www.caritasne2.org.br\/site\/wp-content\/uploads\/2021\/08\/WhatsApp-Image-2021-08-11-at-11.14.54-1-300x225.jpeg 300w, https:\/\/www.caritasne2.org.br\/site\/wp-content\/uploads\/2021\/08\/WhatsApp-Image-2021-08-11-at-11.14.54-1-768x576.jpeg 768w, https:\/\/www.caritasne2.org.br\/site\/wp-content\/uploads\/2021\/08\/WhatsApp-Image-2021-08-11-at-11.14.54-1-1024x768.jpeg 1024w\" sizes=\"(max-width: 544px) 100vw, 544px\" \/><\/a><\/p>\n<p style=\"text-align: justify;\"><a href=\"http:\/\/www.caritasne2.org.br\/caritas-regional-nordeste-2-participa-de-visita-em-territorio-afetado-por-impactos-dos-parques-eolicos\/whatsapp-image-2021-08-11-at-11-14-53\/\" rel=\"attachment wp-att-8338\"><img decoding=\"async\" loading=\"lazy\" class=\"aligncenter  wp-image-8338\" src=\"http:\/\/www.caritasne2.org.br\/wp-content\/uploads\/2021\/08\/WhatsApp-Image-2021-08-11-at-11.14.53.jpeg\" alt=\"\" width=\"552\" height=\"414\" srcset=\"https:\/\/www.caritasne2.org.br\/site\/wp-content\/uploads\/2021\/08\/WhatsApp-Image-2021-08-11-at-11.14.53.jpeg 1280w, https:\/\/www.caritasne2.org.br\/site\/wp-content\/uploads\/2021\/08\/WhatsApp-Image-2021-08-11-at-11.14.53-300x225.jpeg 300w, https:\/\/www.caritasne2.org.br\/site\/wp-content\/uploads\/2021\/08\/WhatsApp-Image-2021-08-11-at-11.14.53-768x576.jpeg 768w, https:\/\/www.caritasne2.org.br\/site\/wp-content\/uploads\/2021\/08\/WhatsApp-Image-2021-08-11-at-11.14.53-1024x768.jpeg 1024w\" sizes=\"(max-width: 552px) 100vw, 552px\" \/><\/a><\/p>\n<ul class=\"ssb_list_wrapper\"><li class=\"fb2\" style=\"width:135px\"><iframe src=\"\/\/www.facebook.com\/plugins\/like.php?href=https%3A%2F%2Fwww.caritasne2.org.br%2Fsite%2Fcaritas-regional-nordeste-2-participa-de-visita-em-territorio-afetado-por-impactos-dos-parques-eolicos%2F&amp;layout=button_count&amp;action=like&amp;show_faces=false&amp;share=true&amp;width=135&amp;height=21&amp;appId=307091639398582\" scrolling=\"no\" frameborder=\"0\" style=\"border:none; overflow:hidden;  width:150px; height:21px;\" allowTransparency=\"true\"><\/iframe><\/li><li class=\"twtr\" style=\"width:90px\"><a href=\"https:\/\/twitter.com\/share\" class=\"twitter-share-button\" data-url=\"https:\/\/www.caritasne2.org.br\/site\/caritas-regional-nordeste-2-participa-de-visita-em-territorio-afetado-por-impactos-dos-parques-eolicos\/\">&nbsp;<\/a><script>!function(d,s,id){var js,fjs=d.getElementsByTagName(s)[0],p=\/^http:\/.test(d.location)?'http':'https';if(!d.getElementById(id)){js=d.createElement(s);js.id=id;js.src=p+':\/\/platform.twitter.com\/widgets.js';fjs.parentNode.insertBefore(js,fjs);}}(document, 'script', 'twitter-wjs');<\/script><\/li><li class=\"gplus\" style=\"width:68px\"><div class=\"g-plusone\" data-size=\"medium\" data-href=\"https:\/\/www.caritasne2.org.br\/site\/caritas-regional-nordeste-2-participa-de-visita-em-territorio-afetado-por-impactos-dos-parques-eolicos\/\"><\/div><\/li><li class=\"ssb_linkedin\" style=\"width:64px\"><script src=\"\/\/platform.linkedin.com\/in.js\" type=\"text\/javascript\">lang: en_US<\/script><script type=\"IN\/Share\" data-url=\"https:\/\/www.caritasne2.org.br\/site\/caritas-regional-nordeste-2-participa-de-visita-em-territorio-afetado-por-impactos-dos-parques-eolicos\/\" data-counter=\"right\"><\/script><\/li><\/ul>","protected":false},"excerpt":{"rendered":"<p>A visita ocorreu no munic\u00edpio de Caet\u00e9s e contou com a presen\u00e7a de comitiva de parlamentares da Assembleia Legislativa de Pernambuco\u00a0 Na \u00faltima sexta-feira, 06, a C\u00e1ritas Regional Nordeste 2 participou de uma visita ao munic\u00edpio de Caet\u00e9s, Agreste Pernambucano, com o objetivo de conhecer as supostas \u201ca\u00e7\u00f5es de compensa\u00e7\u00e3o\u201d das empresas que t\u00eam implementado parques e\u00f3licos no estado e os impactos causados nas fam\u00edlias [&hellip;]<\/p>\n<ul class=\"ssb_list_wrapper\"><li class=\"fb2\" style=\"width:135px\"><iframe src=\"\/\/www.facebook.com\/plugins\/like.php?href=https%3A%2F%2Fwww.caritasne2.org.br%2Fsite%2Fcaritas-regional-nordeste-2-participa-de-visita-em-territorio-afetado-por-impactos-dos-parques-eolicos%2F&amp;layout=button_count&amp;action=like&amp;show_faces=false&amp;share=true&amp;width=135&amp;height=21&amp;appId=307091639398582\" scrolling=\"no\" frameborder=\"0\" style=\"border:none; overflow:hidden;  width:150px; height:21px;\" allowTransparency=\"true\"><\/iframe><\/li><li class=\"twtr\" style=\"width:90px\"><a href=\"https:\/\/twitter.com\/share\" class=\"twitter-share-button\" data-url=\"https:\/\/www.caritasne2.org.br\/site\/caritas-regional-nordeste-2-participa-de-visita-em-territorio-afetado-por-impactos-dos-parques-eolicos\/\">&nbsp;<\/a><script>!function(d,s,id){var js,fjs=d.getElementsByTagName(s)[0],p=\/^http:\/.test(d.location)?'http':'https';if(!d.getElementById(id)){js=d.createElement(s);js.id=id;js.src=p+':\/\/platform.twitter.com\/widgets.js';fjs.parentNode.insertBefore(js,fjs);}}(document, 'script', 'twitter-wjs');<\/script><\/li><li class=\"gplus\" style=\"width:68px\"><div class=\"g-plusone\" data-size=\"medium\" data-href=\"https:\/\/www.caritasne2.org.br\/site\/caritas-regional-nordeste-2-participa-de-visita-em-territorio-afetado-por-impactos-dos-parques-eolicos\/\"><\/div><\/li><li class=\"ssb_linkedin\" style=\"width:64px\"><script src=\"\/\/platform.linkedin.com\/in.js\" type=\"text\/javascript\">lang: en_US<\/script><script type=\"IN\/Share\" data-url=\"https:\/\/www.caritasne2.org.br\/site\/caritas-regional-nordeste-2-participa-de-visita-em-territorio-afetado-por-impactos-dos-parques-eolicos\/\" data-counter=\"right\"><\/script><\/li><\/ul>","protected":false},"author":4,"featured_media":8339,"comment_status":"open","ping_status":"open","sticky":false,"template":"","format":"standard","meta":[],"categories":[21,20],"tags":[],"_links":{"self":[{"href":"https:\/\/www.caritasne2.org.br\/site\/wp-json\/wp\/v2\/posts\/8331"}],"collection":[{"href":"https:\/\/www.caritasne2.org.br\/site\/wp-json\/wp\/v2\/posts"}],"about":[{"href":"https:\/\/www.caritasne2.org.br\/site\/wp-json\/wp\/v2\/types\/post"}],"author":[{"embeddable":true,"href":"https:\/\/www.caritasne2.org.br\/site\/wp-json\/wp\/v2\/users\/4"}],"replies":[{"embeddable":true,"href":"https:\/\/www.caritasne2.org.br\/site\/wp-json\/wp\/v2\/comments?post=8331"}],"version-history":[{"count":0,"href":"https:\/\/www.caritasne2.org.br\/site\/wp-json\/wp\/v2\/posts\/8331\/revisions"}],"wp:featuredmedia":[{"embeddable":true,"href":"https:\/\/www.caritasne2.org.br\/site\/wp-json\/wp\/v2\/media\/8339"}],"wp:attachment":[{"href":"https:\/\/www.caritasne2.org.br\/site\/wp-json\/wp\/v2\/media?parent=8331"}],"wp:term":[{"taxonomy":"category","embeddable":true,"href":"https:\/\/www.caritasne2.org.br\/site\/wp-json\/wp\/v2\/categories?post=8331"},{"taxonomy":"post_tag","embeddable":true,"href":"https:\/\/www.caritasne2.org.br\/site\/wp-json\/wp\/v2\/tags?post=8331"}],"curies":[{"name":"wp","href":"https:\/\/api.w.org\/{rel}","templated":true}]}}