{"id":8318,"date":"2021-08-10T11:36:55","date_gmt":"2021-08-10T14:36:55","guid":{"rendered":"http:\/\/www.caritasne2.org.br\/?p=8318"},"modified":"2021-08-10T11:42:05","modified_gmt":"2021-08-10T14:42:05","slug":"caritas-regional-ne2-participa-de-planejamento-estrategico-do-centro-de-referencia-e-formacao-da-crianca-e-adolescente-surdos-crefas","status":"publish","type":"post","link":"https:\/\/www.caritasne2.org.br\/site\/caritas-regional-ne2-participa-de-planejamento-estrategico-do-centro-de-referencia-e-formacao-da-crianca-e-adolescente-surdos-crefas\/","title":{"rendered":"C\u00e1ritas Regional NE2 participa de Planejamento Estrat\u00e9gico do Centro de Refer\u00eancia e Forma\u00e7\u00e3o da Crian\u00e7a e Adolescente Surdos- CREFAS"},"content":{"rendered":"<p style=\"text-align: center;\"><em>Durante o planejamento, a equipe focou na mobiliza\u00e7\u00e3o e capta\u00e7\u00e3o de recursos, para garantir a sustentabilidade da institui\u00e7\u00e3o\u00a0<\/em><\/p>\n<p style=\"text-align: justify;\">Visando o fortalecimento e sustentabilidade do Centro, na \u00faltima semana, a C\u00e1ritas Regional NE2 participou do processo de planejamento estrat\u00e9gico no Centro de Refer\u00eancia e Forma\u00e7\u00e3o da Crian\u00e7a e Adolescente Surdos- CREFAS. Acompanhando o planejamento, o assessor regional de Mobiliza\u00e7\u00e3o e Recursos, C\u00e9lio Meira, ao longo de 3 dias somou com a equipe para organizar a coordena\u00e7\u00e3o do centro com atividades programadas para o per\u00edodo de 3 anos. Durante o planejamento, a equipe focou na mobiliza\u00e7\u00e3o e capta\u00e7\u00e3o de recursos, para garantir a sustentabilidade da institui\u00e7\u00e3o durante o per\u00edodo estipulado.<\/p>\n<p style=\"text-align: justify;\">Al\u00e9m da CBNE2, participaram dessa atividade o bispo diocesano de Nazar\u00e9 da Mata, Dom Francisco de Assis Dantas de Lucena, membros do conselho diretor do centro, volunt\u00e1rios (as), e uma representante dos jovens surdos(as). O CREFAS \u00e9 um espa\u00e7o de integra\u00e7\u00e3o e forma\u00e7\u00e3o para atender a popula\u00e7\u00e3o de surdos\/as localizado na cidade de Nazar\u00e9 da Mata, com atividades voltadas para aulas de portugu\u00eas, matem\u00e1tica, Libras, inform\u00e1tica, artes, esportes e qualifica\u00e7\u00e3o profissional (com cursos de artesanato e culin\u00e1ria).<\/p>\n<p style=\"text-align: justify;\">Surgido h\u00e1 15 anos a partir de uma parceria entre a C\u00e1ritas Brasileira Nordeste 2, C\u00e1ritas Su\u00ed\u00e7a e Associa\u00e7\u00e3o das mulheres de Nazar\u00e9 da Mata ( Anuman), visa a preocupa\u00e7\u00e3o coletiva no cuidado com a popula\u00e7\u00e3o surda na regi\u00e3o e proximidade, atualmente \u00e9 gerida e coordenada pela Diocese de Nazar\u00e9 da Mata.<\/p>\n<p style=\"text-align: justify;\"><a href=\"http:\/\/www.caritasne2.org.br\/caritas-regional-ne2-participa-de-planejamento-estrategico-do-centro-de-referencia-e-formacao-da-crianca-e-adolescente-surdos-crefas\/whatsapp-image-2021-08-10-at-11-28-45-2\/\" rel=\"attachment wp-att-8320\"><img decoding=\"async\" loading=\"lazy\" class=\"aligncenter wp-image-8320\" src=\"http:\/\/www.caritasne2.org.br\/wp-content\/uploads\/2021\/08\/WhatsApp-Image-2021-08-10-at-11.28.45-2.jpeg\" alt=\"\" width=\"622\" height=\"350\" srcset=\"https:\/\/www.caritasne2.org.br\/site\/wp-content\/uploads\/2021\/08\/WhatsApp-Image-2021-08-10-at-11.28.45-2.jpeg 1600w, https:\/\/www.caritasne2.org.br\/site\/wp-content\/uploads\/2021\/08\/WhatsApp-Image-2021-08-10-at-11.28.45-2-300x169.jpeg 300w, https:\/\/www.caritasne2.org.br\/site\/wp-content\/uploads\/2021\/08\/WhatsApp-Image-2021-08-10-at-11.28.45-2-768x432.jpeg 768w, https:\/\/www.caritasne2.org.br\/site\/wp-content\/uploads\/2021\/08\/WhatsApp-Image-2021-08-10-at-11.28.45-2-1024x576.jpeg 1024w, https:\/\/www.caritasne2.org.br\/site\/wp-content\/uploads\/2021\/08\/WhatsApp-Image-2021-08-10-at-11.28.45-2-588x330.jpeg 588w\" sizes=\"(max-width: 622px) 100vw, 622px\" \/><\/a><\/p>\n<p style=\"text-align: justify;\"><a href=\"http:\/\/www.caritasne2.org.br\/caritas-regional-ne2-participa-de-planejamento-estrategico-do-centro-de-referencia-e-formacao-da-crianca-e-adolescente-surdos-crefas\/whatsapp-image-2021-08-10-at-11-28-45\/\" rel=\"attachment wp-att-8322\"><img decoding=\"async\" loading=\"lazy\" class=\"aligncenter wp-image-8322\" src=\"http:\/\/www.caritasne2.org.br\/wp-content\/uploads\/2021\/08\/WhatsApp-Image-2021-08-10-at-11.28.45.jpeg\" alt=\"\" width=\"629\" height=\"471\" srcset=\"https:\/\/www.caritasne2.org.br\/site\/wp-content\/uploads\/2021\/08\/WhatsApp-Image-2021-08-10-at-11.28.45.jpeg 1600w, https:\/\/www.caritasne2.org.br\/site\/wp-content\/uploads\/2021\/08\/WhatsApp-Image-2021-08-10-at-11.28.45-300x225.jpeg 300w, https:\/\/www.caritasne2.org.br\/site\/wp-content\/uploads\/2021\/08\/WhatsApp-Image-2021-08-10-at-11.28.45-768x576.jpeg 768w, https:\/\/www.caritasne2.org.br\/site\/wp-content\/uploads\/2021\/08\/WhatsApp-Image-2021-08-10-at-11.28.45-1024x768.jpeg 1024w\" sizes=\"(max-width: 629px) 100vw, 629px\" \/><\/a><\/p>\n<p style=\"text-align: justify;\">\n<ul class=\"ssb_list_wrapper\"><li class=\"fb2\" style=\"width:135px\"><iframe src=\"\/\/www.facebook.com\/plugins\/like.php?href=https%3A%2F%2Fwww.caritasne2.org.br%2Fsite%2Fcaritas-regional-ne2-participa-de-planejamento-estrategico-do-centro-de-referencia-e-formacao-da-crianca-e-adolescente-surdos-crefas%2F&amp;layout=button_count&amp;action=like&amp;show_faces=false&amp;share=true&amp;width=135&amp;height=21&amp;appId=307091639398582\" scrolling=\"no\" frameborder=\"0\" style=\"border:none; overflow:hidden;  width:150px; height:21px;\" allowTransparency=\"true\"><\/iframe><\/li><li class=\"twtr\" style=\"width:90px\"><a href=\"https:\/\/twitter.com\/share\" class=\"twitter-share-button\" data-url=\"https:\/\/www.caritasne2.org.br\/site\/caritas-regional-ne2-participa-de-planejamento-estrategico-do-centro-de-referencia-e-formacao-da-crianca-e-adolescente-surdos-crefas\/\">&nbsp;<\/a><script>!function(d,s,id){var js,fjs=d.getElementsByTagName(s)[0],p=\/^http:\/.test(d.location)?'http':'https';if(!d.getElementById(id)){js=d.createElement(s);js.id=id;js.src=p+':\/\/platform.twitter.com\/widgets.js';fjs.parentNode.insertBefore(js,fjs);}}(document, 'script', 'twitter-wjs');<\/script><\/li><li class=\"gplus\" style=\"width:68px\"><div class=\"g-plusone\" data-size=\"medium\" data-href=\"https:\/\/www.caritasne2.org.br\/site\/caritas-regional-ne2-participa-de-planejamento-estrategico-do-centro-de-referencia-e-formacao-da-crianca-e-adolescente-surdos-crefas\/\"><\/div><\/li><li class=\"ssb_linkedin\" style=\"width:64px\"><script src=\"\/\/platform.linkedin.com\/in.js\" type=\"text\/javascript\">lang: en_US<\/script><script type=\"IN\/Share\" data-url=\"https:\/\/www.caritasne2.org.br\/site\/caritas-regional-ne2-participa-de-planejamento-estrategico-do-centro-de-referencia-e-formacao-da-crianca-e-adolescente-surdos-crefas\/\" data-counter=\"right\"><\/script><\/li><\/ul>","protected":false},"excerpt":{"rendered":"<p>Durante o planejamento, a equipe focou na mobiliza\u00e7\u00e3o e capta\u00e7\u00e3o de recursos, para garantir a sustentabilidade da institui\u00e7\u00e3o\u00a0 Visando o fortalecimento e sustentabilidade do Centro, na \u00faltima semana, a C\u00e1ritas Regional NE2 participou do processo de planejamento estrat\u00e9gico no Centro de Refer\u00eancia e Forma\u00e7\u00e3o da Crian\u00e7a e Adolescente Surdos- CREFAS. Acompanhando o planejamento, o assessor regional de Mobiliza\u00e7\u00e3o e Recursos, C\u00e9lio Meira, ao longo de [&hellip;]<\/p>\n<ul class=\"ssb_list_wrapper\"><li class=\"fb2\" style=\"width:135px\"><iframe src=\"\/\/www.facebook.com\/plugins\/like.php?href=https%3A%2F%2Fwww.caritasne2.org.br%2Fsite%2Fcaritas-regional-ne2-participa-de-planejamento-estrategico-do-centro-de-referencia-e-formacao-da-crianca-e-adolescente-surdos-crefas%2F&amp;layout=button_count&amp;action=like&amp;show_faces=false&amp;share=true&amp;width=135&amp;height=21&amp;appId=307091639398582\" scrolling=\"no\" frameborder=\"0\" style=\"border:none; overflow:hidden;  width:150px; height:21px;\" allowTransparency=\"true\"><\/iframe><\/li><li class=\"twtr\" style=\"width:90px\"><a href=\"https:\/\/twitter.com\/share\" class=\"twitter-share-button\" data-url=\"https:\/\/www.caritasne2.org.br\/site\/caritas-regional-ne2-participa-de-planejamento-estrategico-do-centro-de-referencia-e-formacao-da-crianca-e-adolescente-surdos-crefas\/\">&nbsp;<\/a><script>!function(d,s,id){var js,fjs=d.getElementsByTagName(s)[0],p=\/^http:\/.test(d.location)?'http':'https';if(!d.getElementById(id)){js=d.createElement(s);js.id=id;js.src=p+':\/\/platform.twitter.com\/widgets.js';fjs.parentNode.insertBefore(js,fjs);}}(document, 'script', 'twitter-wjs');<\/script><\/li><li class=\"gplus\" style=\"width:68px\"><div class=\"g-plusone\" data-size=\"medium\" data-href=\"https:\/\/www.caritasne2.org.br\/site\/caritas-regional-ne2-participa-de-planejamento-estrategico-do-centro-de-referencia-e-formacao-da-crianca-e-adolescente-surdos-crefas\/\"><\/div><\/li><li class=\"ssb_linkedin\" style=\"width:64px\"><script src=\"\/\/platform.linkedin.com\/in.js\" type=\"text\/javascript\">lang: en_US<\/script><script type=\"IN\/Share\" data-url=\"https:\/\/www.caritasne2.org.br\/site\/caritas-regional-ne2-participa-de-planejamento-estrategico-do-centro-de-referencia-e-formacao-da-crianca-e-adolescente-surdos-crefas\/\" data-counter=\"right\"><\/script><\/li><\/ul>","protected":false},"author":4,"featured_media":8325,"comment_status":"open","ping_status":"open","sticky":false,"template":"","format":"standard","meta":[],"categories":[21,20],"tags":[],"_links":{"self":[{"href":"https:\/\/www.caritasne2.org.br\/site\/wp-json\/wp\/v2\/posts\/8318"}],"collection":[{"href":"https:\/\/www.caritasne2.org.br\/site\/wp-json\/wp\/v2\/posts"}],"about":[{"href":"https:\/\/www.caritasne2.org.br\/site\/wp-json\/wp\/v2\/types\/post"}],"author":[{"embeddable":true,"href":"https:\/\/www.caritasne2.org.br\/site\/wp-json\/wp\/v2\/users\/4"}],"replies":[{"embeddable":true,"href":"https:\/\/www.caritasne2.org.br\/site\/wp-json\/wp\/v2\/comments?post=8318"}],"version-history":[{"count":0,"href":"https:\/\/www.caritasne2.org.br\/site\/wp-json\/wp\/v2\/posts\/8318\/revisions"}],"wp:featuredmedia":[{"embeddable":true,"href":"https:\/\/www.caritasne2.org.br\/site\/wp-json\/wp\/v2\/media\/8325"}],"wp:attachment":[{"href":"https:\/\/www.caritasne2.org.br\/site\/wp-json\/wp\/v2\/media?parent=8318"}],"wp:term":[{"taxonomy":"category","embeddable":true,"href":"https:\/\/www.caritasne2.org.br\/site\/wp-json\/wp\/v2\/categories?post=8318"},{"taxonomy":"post_tag","embeddable":true,"href":"https:\/\/www.caritasne2.org.br\/site\/wp-json\/wp\/v2\/tags?post=8318"}],"curies":[{"name":"wp","href":"https:\/\/api.w.org\/{rel}","templated":true}]}}