{"id":8307,"date":"2021-08-09T12:38:35","date_gmt":"2021-08-09T15:38:35","guid":{"rendered":"http:\/\/www.caritasne2.org.br\/?p=8307"},"modified":"2021-08-09T13:15:33","modified_gmt":"2021-08-09T16:15:33","slug":"caritas-diocesana-de-guarabira-entrega-cartoes-de-alimentacao-a-familias-em-vulnerabilidade-social-no-estado-da-paraiba","status":"publish","type":"post","link":"https:\/\/www.caritasne2.org.br\/site\/caritas-diocesana-de-guarabira-entrega-cartoes-de-alimentacao-a-familias-em-vulnerabilidade-social-no-estado-da-paraiba\/","title":{"rendered":"C\u00e1ritas Diocesana de Guarabira entrega cart\u00f5es de alimenta\u00e7\u00e3o a fam\u00edlias em vulnerabilidade social no estado da Para\u00edba"},"content":{"rendered":"<p style=\"font-weight: 400; text-align: center;\"><em>A entrega foi feita a fam\u00edlias que trabalham na perspectiva da Economia Popular<\/em><em>\u00a0<\/em><em>e\u00a0tiveram sua renda<\/em><em>\u00a0prejudicada pela pandemia<\/em><\/p>\n<p style=\"font-weight: 400; text-align: justify;\">Durante o m\u00eas de julho e agosto foram realizadas entregas de 50 cart\u00f5es de alimenta\u00e7\u00e3o para fam\u00edlias em situa\u00e7\u00e3o de vulnerabilidade social na Para\u00edba. A iniciativa faz parte das a\u00e7\u00f5es da C\u00e1ritas Regional NE2 atrav\u00e9s da C\u00e1ritas Diocesana de Guarabira por meio do Projeto: Promo\u00e7\u00e3o e Defesa de Direitos na Perspectiva da Constru\u00e7\u00e3o da Sociedade do Bem Viver,\u00a0parceria com a institui\u00e7\u00e3o alem\u00e3, Misereor.<\/p>\n<p style=\"font-weight: 400; text-align: justify;\">O objetivo desta a\u00e7\u00e3o emergencial \u00e9 colaborar com fam\u00edlias que trabalham na perspectiva da Economia Popular e tiveram suas rendas afetadas pela pandemia, onde o agravamento da fome e pobreza se alastrou e a escassez de \u00e1gua prejudicou a produ\u00e7\u00e3o de alimentos de agricultores (as) familiares.\u00a0A distribui\u00e7\u00e3o dos cart\u00f5es aconteceu\u00a0nos munic\u00edpios de Guarabira, em Tacima,\u00a0Tacima de Dentro\u00a0e em Casserengue .<\/p>\n<p style=\"font-weight: 400; text-align: justify;\">As fam\u00edlias assessoradas foram definidas nos\u00a0munic\u00edpios\u00a0atrav\u00e9s de um levantamento que observou a dimens\u00e3o dos danos prejudiciais que geraram a recess\u00e3o econ\u00f4mica no per\u00edodo de pandemia e onde foram identificados os estabelecimentos comerciais que recebiam a bandeira do cart\u00e3o que foi entregue. Tamb\u00e9m foram\u00a0contemplados\u00a0os atingidos em outras situa\u00e7\u00f5es individuais de fome e vulnerabilidade,\u00a0onde os cart\u00f5es ajudar\u00e3o essas fam\u00edlias de forma mais emergencial.<\/p>\n<p style=\"font-weight: 400; text-align: justify;\"><a href=\"http:\/\/www.caritasne2.org.br\/caritas-diocesana-de-guarabira-entrega-cartoes-de-alimentacao-a-familias-em-vulnerabilidade-social-no-estado-da-paraiba\/whatsapp-image-2021-08-04-at-10-38-44-2\/\" rel=\"attachment wp-att-8308\"><img decoding=\"async\" loading=\"lazy\" class=\"aligncenter wp-image-8308\" src=\"http:\/\/www.caritasne2.org.br\/wp-content\/uploads\/2021\/08\/WhatsApp-Image-2021-08-04-at-10.38.44-2.jpeg\" alt=\"\" width=\"676\" height=\"508\" srcset=\"https:\/\/www.caritasne2.org.br\/site\/wp-content\/uploads\/2021\/08\/WhatsApp-Image-2021-08-04-at-10.38.44-2.jpeg 1024w, https:\/\/www.caritasne2.org.br\/site\/wp-content\/uploads\/2021\/08\/WhatsApp-Image-2021-08-04-at-10.38.44-2-300x225.jpeg 300w, https:\/\/www.caritasne2.org.br\/site\/wp-content\/uploads\/2021\/08\/WhatsApp-Image-2021-08-04-at-10.38.44-2-768x576.jpeg 768w\" sizes=\"(max-width: 676px) 100vw, 676px\" \/><\/a><\/p>\n<p style=\"font-weight: 400; text-align: justify;\"><a href=\"http:\/\/www.caritasne2.org.br\/caritas-diocesana-de-guarabira-entrega-cartoes-de-alimentacao-a-familias-em-vulnerabilidade-social-no-estado-da-paraiba\/whatsapp-image-2021-08-04-at-10-38-43-1\/\" rel=\"attachment wp-att-8309\"><img decoding=\"async\" loading=\"lazy\" class=\"aligncenter wp-image-8309\" src=\"http:\/\/www.caritasne2.org.br\/wp-content\/uploads\/2021\/08\/WhatsApp-Image-2021-08-04-at-10.38.43-1.jpeg\" alt=\"\" width=\"668\" height=\"501\" srcset=\"https:\/\/www.caritasne2.org.br\/site\/wp-content\/uploads\/2021\/08\/WhatsApp-Image-2021-08-04-at-10.38.43-1.jpeg 1024w, https:\/\/www.caritasne2.org.br\/site\/wp-content\/uploads\/2021\/08\/WhatsApp-Image-2021-08-04-at-10.38.43-1-300x225.jpeg 300w, https:\/\/www.caritasne2.org.br\/site\/wp-content\/uploads\/2021\/08\/WhatsApp-Image-2021-08-04-at-10.38.43-1-768x576.jpeg 768w\" sizes=\"(max-width: 668px) 100vw, 668px\" \/><\/a><\/p>\n<p style=\"font-weight: 400; text-align: justify;\"><a href=\"http:\/\/www.caritasne2.org.br\/caritas-diocesana-de-guarabira-entrega-cartoes-de-alimentacao-a-familias-em-vulnerabilidade-social-no-estado-da-paraiba\/whatsapp-image-2021-08-04-at-10-38-43\/\" rel=\"attachment wp-att-8310\"><img decoding=\"async\" loading=\"lazy\" class=\"aligncenter wp-image-8310\" src=\"http:\/\/www.caritasne2.org.br\/wp-content\/uploads\/2021\/08\/WhatsApp-Image-2021-08-04-at-10.38.43.jpeg\" alt=\"\" width=\"664\" height=\"885\" srcset=\"https:\/\/www.caritasne2.org.br\/site\/wp-content\/uploads\/2021\/08\/WhatsApp-Image-2021-08-04-at-10.38.43.jpeg 1200w, https:\/\/www.caritasne2.org.br\/site\/wp-content\/uploads\/2021\/08\/WhatsApp-Image-2021-08-04-at-10.38.43-225x300.jpeg 225w, https:\/\/www.caritasne2.org.br\/site\/wp-content\/uploads\/2021\/08\/WhatsApp-Image-2021-08-04-at-10.38.43-768x1024.jpeg 768w\" sizes=\"(max-width: 664px) 100vw, 664px\" \/><\/a><\/p>\n<p style=\"font-weight: 400; text-align: justify;\"><a href=\"http:\/\/www.caritasne2.org.br\/caritas-diocesana-de-guarabira-entrega-cartoes-de-alimentacao-a-familias-em-vulnerabilidade-social-no-estado-da-paraiba\/whatsapp-image-2021-08-04-at-10-38-44-1\/\" rel=\"attachment wp-att-8311\"><img decoding=\"async\" loading=\"lazy\" class=\"aligncenter wp-image-8311\" src=\"http:\/\/www.caritasne2.org.br\/wp-content\/uploads\/2021\/08\/WhatsApp-Image-2021-08-04-at-10.38.44-1.jpeg\" alt=\"\" width=\"663\" height=\"497\" srcset=\"https:\/\/www.caritasne2.org.br\/site\/wp-content\/uploads\/2021\/08\/WhatsApp-Image-2021-08-04-at-10.38.44-1.jpeg 1024w, https:\/\/www.caritasne2.org.br\/site\/wp-content\/uploads\/2021\/08\/WhatsApp-Image-2021-08-04-at-10.38.44-1-300x225.jpeg 300w, https:\/\/www.caritasne2.org.br\/site\/wp-content\/uploads\/2021\/08\/WhatsApp-Image-2021-08-04-at-10.38.44-1-768x576.jpeg 768w\" sizes=\"(max-width: 663px) 100vw, 663px\" \/><\/a><\/p>\n<ul class=\"ssb_list_wrapper\"><li class=\"fb2\" style=\"width:135px\"><iframe src=\"\/\/www.facebook.com\/plugins\/like.php?href=https%3A%2F%2Fwww.caritasne2.org.br%2Fsite%2Fcaritas-diocesana-de-guarabira-entrega-cartoes-de-alimentacao-a-familias-em-vulnerabilidade-social-no-estado-da-paraiba%2F&amp;layout=button_count&amp;action=like&amp;show_faces=false&amp;share=true&amp;width=135&amp;height=21&amp;appId=307091639398582\" scrolling=\"no\" frameborder=\"0\" style=\"border:none; overflow:hidden;  width:150px; height:21px;\" allowTransparency=\"true\"><\/iframe><\/li><li class=\"twtr\" style=\"width:90px\"><a href=\"https:\/\/twitter.com\/share\" class=\"twitter-share-button\" data-url=\"https:\/\/www.caritasne2.org.br\/site\/caritas-diocesana-de-guarabira-entrega-cartoes-de-alimentacao-a-familias-em-vulnerabilidade-social-no-estado-da-paraiba\/\">&nbsp;<\/a><script>!function(d,s,id){var js,fjs=d.getElementsByTagName(s)[0],p=\/^http:\/.test(d.location)?'http':'https';if(!d.getElementById(id)){js=d.createElement(s);js.id=id;js.src=p+':\/\/platform.twitter.com\/widgets.js';fjs.parentNode.insertBefore(js,fjs);}}(document, 'script', 'twitter-wjs');<\/script><\/li><li class=\"gplus\" style=\"width:68px\"><div class=\"g-plusone\" data-size=\"medium\" data-href=\"https:\/\/www.caritasne2.org.br\/site\/caritas-diocesana-de-guarabira-entrega-cartoes-de-alimentacao-a-familias-em-vulnerabilidade-social-no-estado-da-paraiba\/\"><\/div><\/li><li class=\"ssb_linkedin\" style=\"width:64px\"><script src=\"\/\/platform.linkedin.com\/in.js\" type=\"text\/javascript\">lang: en_US<\/script><script type=\"IN\/Share\" data-url=\"https:\/\/www.caritasne2.org.br\/site\/caritas-diocesana-de-guarabira-entrega-cartoes-de-alimentacao-a-familias-em-vulnerabilidade-social-no-estado-da-paraiba\/\" data-counter=\"right\"><\/script><\/li><\/ul>","protected":false},"excerpt":{"rendered":"<p>A entrega foi feita a fam\u00edlias que trabalham na perspectiva da Economia Popular\u00a0e\u00a0tiveram sua renda\u00a0prejudicada pela pandemia Durante o m\u00eas de julho e agosto foram realizadas entregas de 50 cart\u00f5es de alimenta\u00e7\u00e3o para fam\u00edlias em situa\u00e7\u00e3o de vulnerabilidade social na Para\u00edba. A iniciativa faz parte das a\u00e7\u00f5es da C\u00e1ritas Regional NE2 atrav\u00e9s da C\u00e1ritas Diocesana de Guarabira por meio do Projeto: Promo\u00e7\u00e3o e Defesa de [&hellip;]<\/p>\n<ul class=\"ssb_list_wrapper\"><li class=\"fb2\" style=\"width:135px\"><iframe src=\"\/\/www.facebook.com\/plugins\/like.php?href=https%3A%2F%2Fwww.caritasne2.org.br%2Fsite%2Fcaritas-diocesana-de-guarabira-entrega-cartoes-de-alimentacao-a-familias-em-vulnerabilidade-social-no-estado-da-paraiba%2F&amp;layout=button_count&amp;action=like&amp;show_faces=false&amp;share=true&amp;width=135&amp;height=21&amp;appId=307091639398582\" scrolling=\"no\" frameborder=\"0\" style=\"border:none; overflow:hidden;  width:150px; height:21px;\" allowTransparency=\"true\"><\/iframe><\/li><li class=\"twtr\" style=\"width:90px\"><a href=\"https:\/\/twitter.com\/share\" class=\"twitter-share-button\" data-url=\"https:\/\/www.caritasne2.org.br\/site\/caritas-diocesana-de-guarabira-entrega-cartoes-de-alimentacao-a-familias-em-vulnerabilidade-social-no-estado-da-paraiba\/\">&nbsp;<\/a><script>!function(d,s,id){var js,fjs=d.getElementsByTagName(s)[0],p=\/^http:\/.test(d.location)?'http':'https';if(!d.getElementById(id)){js=d.createElement(s);js.id=id;js.src=p+':\/\/platform.twitter.com\/widgets.js';fjs.parentNode.insertBefore(js,fjs);}}(document, 'script', 'twitter-wjs');<\/script><\/li><li class=\"gplus\" style=\"width:68px\"><div class=\"g-plusone\" data-size=\"medium\" data-href=\"https:\/\/www.caritasne2.org.br\/site\/caritas-diocesana-de-guarabira-entrega-cartoes-de-alimentacao-a-familias-em-vulnerabilidade-social-no-estado-da-paraiba\/\"><\/div><\/li><li class=\"ssb_linkedin\" style=\"width:64px\"><script src=\"\/\/platform.linkedin.com\/in.js\" type=\"text\/javascript\">lang: en_US<\/script><script type=\"IN\/Share\" data-url=\"https:\/\/www.caritasne2.org.br\/site\/caritas-diocesana-de-guarabira-entrega-cartoes-de-alimentacao-a-familias-em-vulnerabilidade-social-no-estado-da-paraiba\/\" data-counter=\"right\"><\/script><\/li><\/ul>","protected":false},"author":4,"featured_media":8313,"comment_status":"open","ping_status":"open","sticky":false,"template":"","format":"standard","meta":[],"categories":[21,20],"tags":[],"_links":{"self":[{"href":"https:\/\/www.caritasne2.org.br\/site\/wp-json\/wp\/v2\/posts\/8307"}],"collection":[{"href":"https:\/\/www.caritasne2.org.br\/site\/wp-json\/wp\/v2\/posts"}],"about":[{"href":"https:\/\/www.caritasne2.org.br\/site\/wp-json\/wp\/v2\/types\/post"}],"author":[{"embeddable":true,"href":"https:\/\/www.caritasne2.org.br\/site\/wp-json\/wp\/v2\/users\/4"}],"replies":[{"embeddable":true,"href":"https:\/\/www.caritasne2.org.br\/site\/wp-json\/wp\/v2\/comments?post=8307"}],"version-history":[{"count":0,"href":"https:\/\/www.caritasne2.org.br\/site\/wp-json\/wp\/v2\/posts\/8307\/revisions"}],"wp:featuredmedia":[{"embeddable":true,"href":"https:\/\/www.caritasne2.org.br\/site\/wp-json\/wp\/v2\/media\/8313"}],"wp:attachment":[{"href":"https:\/\/www.caritasne2.org.br\/site\/wp-json\/wp\/v2\/media?parent=8307"}],"wp:term":[{"taxonomy":"category","embeddable":true,"href":"https:\/\/www.caritasne2.org.br\/site\/wp-json\/wp\/v2\/categories?post=8307"},{"taxonomy":"post_tag","embeddable":true,"href":"https:\/\/www.caritasne2.org.br\/site\/wp-json\/wp\/v2\/tags?post=8307"}],"curies":[{"name":"wp","href":"https:\/\/api.w.org\/{rel}","templated":true}]}}