{"id":8298,"date":"2021-08-04T10:51:13","date_gmt":"2021-08-04T13:51:13","guid":{"rendered":"http:\/\/www.caritasne2.org.br\/?p=8298"},"modified":"2021-12-05T20:07:44","modified_gmt":"2021-12-05T23:07:44","slug":"projeto-aguas-para-vida-promove-oficinas-de-formacao-sobre-agroecologia-para-agricultores-rurais-no-interior-de-pernambuco","status":"publish","type":"post","link":"https:\/\/www.caritasne2.org.br\/site\/projeto-aguas-para-vida-promove-oficinas-de-formacao-sobre-agroecologia-para-agricultores-rurais-no-interior-de-pernambuco\/","title":{"rendered":"Projeto \u00c1guas para Vida promove oficinas de forma\u00e7\u00e3o sobre agroecologia para agricultores rurais no interior de Pernambuco"},"content":{"rendered":"<p style=\"font-weight: 400; text-align: center;\"><em>O objetivo \u00e9 sensibilizar\u00a0 sobre o uso da \u00e1gua e garantia da preserva\u00e7\u00e3o ambiental<\/em><\/p>\n<p style=\"text-align: justify;\">Promover e fortalecer a\u00e7\u00f5es que fomentem a evolu\u00e7\u00e3o da sociedade do Bem Viver est\u00e1 na miss\u00e3o da C\u00e1ritas Regional NE2. Pensando nisso, a institui\u00e7\u00e3o fomenta e incentiva projetos e forma\u00e7\u00f5es, a\u00e7\u00f5es e campanhas que visem desenvolver o protagonismo na\u00a0vida das pessoas, \u00a0fam\u00edlias e comunidades.<\/p>\n<p style=\"text-align: justify;\">Como o \u00a0Projeto \u00c1guas para Vida que est\u00e1 em execu\u00e7\u00e3o no \u00a0munic\u00edpio de Bel\u00e9m de Maria, em Pernambuco, em parceria com Rede Solar Cola Cola, e a Diocese de Palmares (PE), e tem como objetivo fortalecer os processos comunit\u00e1rios no Assentamento Gulandy\u00a0 \/Guabiraba atrav\u00e9s de um percurso educativo, baseado na educa\u00e7\u00e3o ambiental, na gest\u00e3o comunit\u00e1ria participativa e no empoderamento das mulheres locais.<\/p>\n<p style=\"text-align: justify;\">Seguindo os protocolos de seguran\u00e7a , distanciamento social e \u00a0uso de m\u00e1scaras e \u00e1lcool em gel 70% \u00a0a \u00a0C\u00e1ritas\u00a0 Regional NE2 realizou \u00a0na \u00faltima semana \u00a0oficinas formativas em formato de roda de conversa, para cerca de 67 mulheres e 16 homens.<\/p>\n<p style=\"text-align: justify;\">Todos agricultores familiares o encontro oportunizou a troca de experi\u00eancias e op\u00e7\u00f5es de melhorar seus aprendizados, seja no uso e conserva\u00e7\u00e3o das fontes de \u00e1gua, ou atrav\u00e9s das pr\u00e1ticas agricult\u00e1veis de conserva\u00e7\u00e3o dos solos a partir de mat\u00e9rias primas encontradas em suas propriedades.<\/p>\n<p style=\"text-align: justify;\">Em depoimento, um dos agricultores refor\u00e7ou a import\u00e2ncia desse trabalho pelo aprendizado e oportunidade que o momento proporcionou, como \u00e9 o caso do senhor Amazias, 66 anos, agricultor experiente do munic\u00edpio de S\u00e3o Louren\u00e7o da Mata, e membro da Associa\u00e7\u00e3o Terra Viva. Na ocasi\u00e3o ele explicou como fazer composto org\u00e2nico utilizando materiais coletados nas propriedades com custo muito baixo, por\u00e9m com \u00f3timos resultados para produ\u00e7\u00e3o de alimentos org\u00e2nicos.<\/p>\n<p style=\"text-align: justify;\"><a href=\"http:\/\/www.caritasne2.org.br\/projeto-aguas-para-vida-promove-oficinas-de-formacao-sobre-agroecologia-para-agricultores-rurais-no-interior-de-pernambuco\/whatsapp-image-2021-08-04-at-10-44-22-1\/\" rel=\"attachment wp-att-8299\"><img decoding=\"async\" loading=\"lazy\" class=\"aligncenter wp-image-8299\" src=\"http:\/\/www.caritasne2.org.br\/wp-content\/uploads\/2021\/08\/WhatsApp-Image-2021-08-04-at-10.44.22-1.jpeg\" alt=\"\" width=\"679\" height=\"510\" srcset=\"https:\/\/www.caritasne2.org.br\/site\/wp-content\/uploads\/2021\/08\/WhatsApp-Image-2021-08-04-at-10.44.22-1.jpeg 1280w, https:\/\/www.caritasne2.org.br\/site\/wp-content\/uploads\/2021\/08\/WhatsApp-Image-2021-08-04-at-10.44.22-1-300x225.jpeg 300w, https:\/\/www.caritasne2.org.br\/site\/wp-content\/uploads\/2021\/08\/WhatsApp-Image-2021-08-04-at-10.44.22-1-768x576.jpeg 768w, https:\/\/www.caritasne2.org.br\/site\/wp-content\/uploads\/2021\/08\/WhatsApp-Image-2021-08-04-at-10.44.22-1-1024x768.jpeg 1024w\" sizes=\"(max-width: 679px) 100vw, 679px\" \/><\/a><\/p>\n<p style=\"text-align: justify;\"><a href=\"http:\/\/www.caritasne2.org.br\/projeto-aguas-para-vida-promove-oficinas-de-formacao-sobre-agroecologia-para-agricultores-rurais-no-interior-de-pernambuco\/whatsapp-image-2021-08-04-at-10-42-56\/\" rel=\"attachment wp-att-8300\"><img decoding=\"async\" loading=\"lazy\" class=\"aligncenter wp-image-8300\" src=\"http:\/\/www.caritasne2.org.br\/wp-content\/uploads\/2021\/08\/WhatsApp-Image-2021-08-04-at-10.42.56.jpeg\" alt=\"\" width=\"677\" height=\"381\" srcset=\"https:\/\/www.caritasne2.org.br\/site\/wp-content\/uploads\/2021\/08\/WhatsApp-Image-2021-08-04-at-10.42.56.jpeg 1040w, https:\/\/www.caritasne2.org.br\/site\/wp-content\/uploads\/2021\/08\/WhatsApp-Image-2021-08-04-at-10.42.56-300x169.jpeg 300w, https:\/\/www.caritasne2.org.br\/site\/wp-content\/uploads\/2021\/08\/WhatsApp-Image-2021-08-04-at-10.42.56-768x432.jpeg 768w, https:\/\/www.caritasne2.org.br\/site\/wp-content\/uploads\/2021\/08\/WhatsApp-Image-2021-08-04-at-10.42.56-1024x576.jpeg 1024w, https:\/\/www.caritasne2.org.br\/site\/wp-content\/uploads\/2021\/08\/WhatsApp-Image-2021-08-04-at-10.42.56-588x330.jpeg 588w\" sizes=\"(max-width: 677px) 100vw, 677px\" \/><\/a><\/p>\n<p style=\"text-align: justify;\"><a href=\"http:\/\/www.caritasne2.org.br\/projeto-aguas-para-vida-promove-oficinas-de-formacao-sobre-agroecologia-para-agricultores-rurais-no-interior-de-pernambuco\/whatsapp-image-2021-08-04-at-10-42-54-2\/\" rel=\"attachment wp-att-8301\"><img decoding=\"async\" loading=\"lazy\" class=\"aligncenter wp-image-8301\" src=\"http:\/\/www.caritasne2.org.br\/wp-content\/uploads\/2021\/08\/WhatsApp-Image-2021-08-04-at-10.42.54-2.jpeg\" alt=\"\" width=\"677\" height=\"508\" srcset=\"https:\/\/www.caritasne2.org.br\/site\/wp-content\/uploads\/2021\/08\/WhatsApp-Image-2021-08-04-at-10.42.54-2.jpeg 1280w, https:\/\/www.caritasne2.org.br\/site\/wp-content\/uploads\/2021\/08\/WhatsApp-Image-2021-08-04-at-10.42.54-2-300x225.jpeg 300w, https:\/\/www.caritasne2.org.br\/site\/wp-content\/uploads\/2021\/08\/WhatsApp-Image-2021-08-04-at-10.42.54-2-768x576.jpeg 768w, https:\/\/www.caritasne2.org.br\/site\/wp-content\/uploads\/2021\/08\/WhatsApp-Image-2021-08-04-at-10.42.54-2-1024x768.jpeg 1024w\" sizes=\"(max-width: 677px) 100vw, 677px\" \/><\/a><\/p>\n<ul class=\"ssb_list_wrapper\"><li class=\"fb2\" style=\"width:135px\"><iframe src=\"\/\/www.facebook.com\/plugins\/like.php?href=https%3A%2F%2Fwww.caritasne2.org.br%2Fsite%2Fprojeto-aguas-para-vida-promove-oficinas-de-formacao-sobre-agroecologia-para-agricultores-rurais-no-interior-de-pernambuco%2F&amp;layout=button_count&amp;action=like&amp;show_faces=false&amp;share=true&amp;width=135&amp;height=21&amp;appId=307091639398582\" scrolling=\"no\" frameborder=\"0\" style=\"border:none; overflow:hidden;  width:150px; height:21px;\" allowTransparency=\"true\"><\/iframe><\/li><li class=\"twtr\" style=\"width:90px\"><a href=\"https:\/\/twitter.com\/share\" class=\"twitter-share-button\" data-url=\"https:\/\/www.caritasne2.org.br\/site\/projeto-aguas-para-vida-promove-oficinas-de-formacao-sobre-agroecologia-para-agricultores-rurais-no-interior-de-pernambuco\/\">&nbsp;<\/a><script>!function(d,s,id){var js,fjs=d.getElementsByTagName(s)[0],p=\/^http:\/.test(d.location)?'http':'https';if(!d.getElementById(id)){js=d.createElement(s);js.id=id;js.src=p+':\/\/platform.twitter.com\/widgets.js';fjs.parentNode.insertBefore(js,fjs);}}(document, 'script', 'twitter-wjs');<\/script><\/li><li class=\"gplus\" style=\"width:68px\"><div class=\"g-plusone\" data-size=\"medium\" data-href=\"https:\/\/www.caritasne2.org.br\/site\/projeto-aguas-para-vida-promove-oficinas-de-formacao-sobre-agroecologia-para-agricultores-rurais-no-interior-de-pernambuco\/\"><\/div><\/li><li class=\"ssb_linkedin\" style=\"width:64px\"><script src=\"\/\/platform.linkedin.com\/in.js\" type=\"text\/javascript\">lang: en_US<\/script><script type=\"IN\/Share\" data-url=\"https:\/\/www.caritasne2.org.br\/site\/projeto-aguas-para-vida-promove-oficinas-de-formacao-sobre-agroecologia-para-agricultores-rurais-no-interior-de-pernambuco\/\" data-counter=\"right\"><\/script><\/li><\/ul>","protected":false},"excerpt":{"rendered":"<p>O objetivo \u00e9 sensibilizar\u00a0 sobre o uso da \u00e1gua e garantia da preserva\u00e7\u00e3o ambiental Promover e fortalecer a\u00e7\u00f5es que fomentem a evolu\u00e7\u00e3o da sociedade do Bem Viver est\u00e1 na miss\u00e3o da C\u00e1ritas Regional NE2. Pensando nisso, a institui\u00e7\u00e3o fomenta e incentiva projetos e forma\u00e7\u00f5es, a\u00e7\u00f5es e campanhas que visem desenvolver o protagonismo na\u00a0vida das pessoas, \u00a0fam\u00edlias e comunidades. Como o \u00a0Projeto \u00c1guas para Vida que [&hellip;]<\/p>\n<ul class=\"ssb_list_wrapper\"><li class=\"fb2\" style=\"width:135px\"><iframe src=\"\/\/www.facebook.com\/plugins\/like.php?href=https%3A%2F%2Fwww.caritasne2.org.br%2Fsite%2Fprojeto-aguas-para-vida-promove-oficinas-de-formacao-sobre-agroecologia-para-agricultores-rurais-no-interior-de-pernambuco%2F&amp;layout=button_count&amp;action=like&amp;show_faces=false&amp;share=true&amp;width=135&amp;height=21&amp;appId=307091639398582\" scrolling=\"no\" frameborder=\"0\" style=\"border:none; overflow:hidden;  width:150px; height:21px;\" allowTransparency=\"true\"><\/iframe><\/li><li class=\"twtr\" style=\"width:90px\"><a href=\"https:\/\/twitter.com\/share\" class=\"twitter-share-button\" data-url=\"https:\/\/www.caritasne2.org.br\/site\/projeto-aguas-para-vida-promove-oficinas-de-formacao-sobre-agroecologia-para-agricultores-rurais-no-interior-de-pernambuco\/\">&nbsp;<\/a><script>!function(d,s,id){var js,fjs=d.getElementsByTagName(s)[0],p=\/^http:\/.test(d.location)?'http':'https';if(!d.getElementById(id)){js=d.createElement(s);js.id=id;js.src=p+':\/\/platform.twitter.com\/widgets.js';fjs.parentNode.insertBefore(js,fjs);}}(document, 'script', 'twitter-wjs');<\/script><\/li><li class=\"gplus\" style=\"width:68px\"><div class=\"g-plusone\" data-size=\"medium\" data-href=\"https:\/\/www.caritasne2.org.br\/site\/projeto-aguas-para-vida-promove-oficinas-de-formacao-sobre-agroecologia-para-agricultores-rurais-no-interior-de-pernambuco\/\"><\/div><\/li><li class=\"ssb_linkedin\" style=\"width:64px\"><script src=\"\/\/platform.linkedin.com\/in.js\" type=\"text\/javascript\">lang: en_US<\/script><script type=\"IN\/Share\" data-url=\"https:\/\/www.caritasne2.org.br\/site\/projeto-aguas-para-vida-promove-oficinas-de-formacao-sobre-agroecologia-para-agricultores-rurais-no-interior-de-pernambuco\/\" data-counter=\"right\"><\/script><\/li><\/ul>","protected":false},"author":4,"featured_media":8302,"comment_status":"open","ping_status":"open","sticky":false,"template":"","format":"standard","meta":[],"categories":[21,20],"tags":[],"_links":{"self":[{"href":"https:\/\/www.caritasne2.org.br\/site\/wp-json\/wp\/v2\/posts\/8298"}],"collection":[{"href":"https:\/\/www.caritasne2.org.br\/site\/wp-json\/wp\/v2\/posts"}],"about":[{"href":"https:\/\/www.caritasne2.org.br\/site\/wp-json\/wp\/v2\/types\/post"}],"author":[{"embeddable":true,"href":"https:\/\/www.caritasne2.org.br\/site\/wp-json\/wp\/v2\/users\/4"}],"replies":[{"embeddable":true,"href":"https:\/\/www.caritasne2.org.br\/site\/wp-json\/wp\/v2\/comments?post=8298"}],"version-history":[{"count":0,"href":"https:\/\/www.caritasne2.org.br\/site\/wp-json\/wp\/v2\/posts\/8298\/revisions"}],"wp:featuredmedia":[{"embeddable":true,"href":"https:\/\/www.caritasne2.org.br\/site\/wp-json\/wp\/v2\/media\/8302"}],"wp:attachment":[{"href":"https:\/\/www.caritasne2.org.br\/site\/wp-json\/wp\/v2\/media?parent=8298"}],"wp:term":[{"taxonomy":"category","embeddable":true,"href":"https:\/\/www.caritasne2.org.br\/site\/wp-json\/wp\/v2\/categories?post=8298"},{"taxonomy":"post_tag","embeddable":true,"href":"https:\/\/www.caritasne2.org.br\/site\/wp-json\/wp\/v2\/tags?post=8298"}],"curies":[{"name":"wp","href":"https:\/\/api.w.org\/{rel}","templated":true}]}}