{"id":8288,"date":"2021-08-03T10:51:58","date_gmt":"2021-08-03T13:51:58","guid":{"rendered":"http:\/\/www.caritasne2.org.br\/?p=8288"},"modified":"2021-08-03T11:49:59","modified_gmt":"2021-08-03T14:49:59","slug":"familias-assessoradas-pela-caritas-diocesana-de-guarabira-multiplicam-canteiros-economicos-atraves-de-fundo-rotativo-solidario","status":"publish","type":"post","link":"https:\/\/www.caritasne2.org.br\/site\/familias-assessoradas-pela-caritas-diocesana-de-guarabira-multiplicam-canteiros-economicos-atraves-de-fundo-rotativo-solidario\/","title":{"rendered":"Fam\u00edlias assessoradas pela C\u00e1ritas Diocesana de Guarabira multiplicam canteiros econ\u00f4micos atrav\u00e9s de partilha solid\u00e1ria"},"content":{"rendered":"<p style=\"text-align: justify;\"><em>O resultado foi poss\u00edvel a partir da parceria da C\u00e1ritas NE2 com a institui\u00e7\u00e3o alem\u00e3 Misereor <\/em><\/p>\n<p style=\"text-align: justify;\">Partindo do sentido da frase de Dom H\u00e9lder C\u00e2mara, \u201c\u00f3timo que a tua m\u00e3o ajude o v\u00f4o, mas, que ela jamais se atreva a tomar o lugar das asas\u201d, sobre a import\u00e2ncia de incentivar o protagonismo social dos indiv\u00edduos, por\u00e9m, com humildade e empatia de n\u00e3o lhe tomar a escolha de decis\u00f5es, a C\u00e1ritas Regional NE2 \u00a0atrav\u00e9s do Projeto Promo\u00e7\u00e3o e Defesa de Direitos na Perspectiva da Constru\u00e7\u00e3o da Sociedade do Bem Viver, em parceria com a institui\u00e7\u00e3o alem\u00e3 Misereor fomenta desde in\u00edcio de 2020, a multiplica\u00e7\u00e3o solid\u00e1ria de canteiros de produ\u00e7\u00e3o \u00e0 fam\u00edlias agricultoras.<\/p>\n<p style=\"text-align: justify;\">A partir do acompanhamento da C\u00e1ritas Diocesana de Guarabira (PB) a algumas comunidades do munic\u00edpio de Cacimba de Dentro (PB), nove canteiros econ\u00f4micos foram implementados gra\u00e7as aos encontros de forma\u00e7\u00e3o com estas\u00a0 comunidades sobre as Unidades de Desenvolvimento Territorial (UDTS), no final de 2019.<\/p>\n<p style=\"text-align: justify;\">Como as fam\u00edlias j\u00e1 possuem a cultura do plantio de hortali\u00e7as nas comunidades, mas, nem sempre h\u00e1 uma estrutura organizada para isso, perceberam que atrav\u00e9s da multiplica\u00e7\u00e3o solid\u00e1ria seria uma forma de proporcionar algo estruturado para produ\u00e7\u00e3o nos quintais produtivos.<\/p>\n<p style=\"text-align: justify;\">Neste sentido, formaram um grupo com 10 fam\u00edlias que criaram um fundo solid\u00e1rio\u00a0 \u00a0mensal, assim, juntaram o valor de um canteiro, e decidiram de forma coletiva a divis\u00e3o e recebimento dos frutos para cada fam\u00edlia. Os canteiros econ\u00f4micos adotam em sua estrutura um sistema alternativo de aspers\u00e3o feito com garrafa pet, diferente do sistema convencional. Neste sistema \u00e9 apresentada as fam\u00edlias a reflex\u00e3o da quest\u00e3o ambiental, como \u00a0a coleta das garrafas na cidade e nas comunidades.<\/p>\n<p style=\"text-align: justify;\">O grupo tamb\u00e9m desenvolveu uma caderneta de controle deste fundo solid\u00e1rio , e busca com esta experi\u00eancia fortalecer a produ\u00e7\u00e3o de alimentos saud\u00e1veis no espa\u00e7o das fam\u00edlias, como tamb\u00e9m, a experi\u00eancia de comercializa\u00e7\u00e3o nas feiras das comunidades.<\/p>\n<p><a href=\"http:\/\/www.caritasne2.org.br\/familias-assessoradas-pela-caritas-diocesana-de-guarabira-multiplicam-canteiros-economicos-atraves-de-fundo-rotativo-solidario\/whatsapp-image-2021-08-03-at-10-45-30-1\/\" rel=\"attachment wp-att-8290\"><img decoding=\"async\" loading=\"lazy\" class=\"aligncenter wp-image-8290\" src=\"http:\/\/www.caritasne2.org.br\/wp-content\/uploads\/2021\/08\/WhatsApp-Image-2021-08-03-at-10.45.30-1.jpeg\" alt=\"\" width=\"565\" height=\"753\" srcset=\"https:\/\/www.caritasne2.org.br\/site\/wp-content\/uploads\/2021\/08\/WhatsApp-Image-2021-08-03-at-10.45.30-1.jpeg 774w, https:\/\/www.caritasne2.org.br\/site\/wp-content\/uploads\/2021\/08\/WhatsApp-Image-2021-08-03-at-10.45.30-1-225x300.jpeg 225w, https:\/\/www.caritasne2.org.br\/site\/wp-content\/uploads\/2021\/08\/WhatsApp-Image-2021-08-03-at-10.45.30-1-768x1024.jpeg 768w\" sizes=\"(max-width: 565px) 100vw, 565px\" \/><\/a><\/p>\n<ul class=\"ssb_list_wrapper\"><li class=\"fb2\" style=\"width:135px\"><iframe src=\"\/\/www.facebook.com\/plugins\/like.php?href=https%3A%2F%2Fwww.caritasne2.org.br%2Fsite%2Ffamilias-assessoradas-pela-caritas-diocesana-de-guarabira-multiplicam-canteiros-economicos-atraves-de-fundo-rotativo-solidario%2F&amp;layout=button_count&amp;action=like&amp;show_faces=false&amp;share=true&amp;width=135&amp;height=21&amp;appId=307091639398582\" scrolling=\"no\" frameborder=\"0\" style=\"border:none; overflow:hidden;  width:150px; height:21px;\" allowTransparency=\"true\"><\/iframe><\/li><li class=\"twtr\" style=\"width:90px\"><a href=\"https:\/\/twitter.com\/share\" class=\"twitter-share-button\" data-url=\"https:\/\/www.caritasne2.org.br\/site\/familias-assessoradas-pela-caritas-diocesana-de-guarabira-multiplicam-canteiros-economicos-atraves-de-fundo-rotativo-solidario\/\">&nbsp;<\/a><script>!function(d,s,id){var js,fjs=d.getElementsByTagName(s)[0],p=\/^http:\/.test(d.location)?'http':'https';if(!d.getElementById(id)){js=d.createElement(s);js.id=id;js.src=p+':\/\/platform.twitter.com\/widgets.js';fjs.parentNode.insertBefore(js,fjs);}}(document, 'script', 'twitter-wjs');<\/script><\/li><li class=\"gplus\" style=\"width:68px\"><div class=\"g-plusone\" data-size=\"medium\" data-href=\"https:\/\/www.caritasne2.org.br\/site\/familias-assessoradas-pela-caritas-diocesana-de-guarabira-multiplicam-canteiros-economicos-atraves-de-fundo-rotativo-solidario\/\"><\/div><\/li><li class=\"ssb_linkedin\" style=\"width:64px\"><script src=\"\/\/platform.linkedin.com\/in.js\" type=\"text\/javascript\">lang: en_US<\/script><script type=\"IN\/Share\" data-url=\"https:\/\/www.caritasne2.org.br\/site\/familias-assessoradas-pela-caritas-diocesana-de-guarabira-multiplicam-canteiros-economicos-atraves-de-fundo-rotativo-solidario\/\" data-counter=\"right\"><\/script><\/li><\/ul>","protected":false},"excerpt":{"rendered":"<p>O resultado foi poss\u00edvel a partir da parceria da C\u00e1ritas NE2 com a institui\u00e7\u00e3o alem\u00e3 Misereor Partindo do sentido da frase de Dom H\u00e9lder C\u00e2mara, \u201c\u00f3timo que a tua m\u00e3o ajude o v\u00f4o, mas, que ela jamais se atreva a tomar o lugar das asas\u201d, sobre a import\u00e2ncia de incentivar o protagonismo social dos indiv\u00edduos, por\u00e9m, com humildade e empatia de n\u00e3o lhe tomar a [&hellip;]<\/p>\n<ul class=\"ssb_list_wrapper\"><li class=\"fb2\" style=\"width:135px\"><iframe src=\"\/\/www.facebook.com\/plugins\/like.php?href=https%3A%2F%2Fwww.caritasne2.org.br%2Fsite%2Ffamilias-assessoradas-pela-caritas-diocesana-de-guarabira-multiplicam-canteiros-economicos-atraves-de-fundo-rotativo-solidario%2F&amp;layout=button_count&amp;action=like&amp;show_faces=false&amp;share=true&amp;width=135&amp;height=21&amp;appId=307091639398582\" scrolling=\"no\" frameborder=\"0\" style=\"border:none; overflow:hidden;  width:150px; height:21px;\" allowTransparency=\"true\"><\/iframe><\/li><li class=\"twtr\" style=\"width:90px\"><a href=\"https:\/\/twitter.com\/share\" class=\"twitter-share-button\" data-url=\"https:\/\/www.caritasne2.org.br\/site\/familias-assessoradas-pela-caritas-diocesana-de-guarabira-multiplicam-canteiros-economicos-atraves-de-fundo-rotativo-solidario\/\">&nbsp;<\/a><script>!function(d,s,id){var js,fjs=d.getElementsByTagName(s)[0],p=\/^http:\/.test(d.location)?'http':'https';if(!d.getElementById(id)){js=d.createElement(s);js.id=id;js.src=p+':\/\/platform.twitter.com\/widgets.js';fjs.parentNode.insertBefore(js,fjs);}}(document, 'script', 'twitter-wjs');<\/script><\/li><li class=\"gplus\" style=\"width:68px\"><div class=\"g-plusone\" data-size=\"medium\" data-href=\"https:\/\/www.caritasne2.org.br\/site\/familias-assessoradas-pela-caritas-diocesana-de-guarabira-multiplicam-canteiros-economicos-atraves-de-fundo-rotativo-solidario\/\"><\/div><\/li><li class=\"ssb_linkedin\" style=\"width:64px\"><script src=\"\/\/platform.linkedin.com\/in.js\" type=\"text\/javascript\">lang: en_US<\/script><script type=\"IN\/Share\" data-url=\"https:\/\/www.caritasne2.org.br\/site\/familias-assessoradas-pela-caritas-diocesana-de-guarabira-multiplicam-canteiros-economicos-atraves-de-fundo-rotativo-solidario\/\" data-counter=\"right\"><\/script><\/li><\/ul>","protected":false},"author":4,"featured_media":8289,"comment_status":"open","ping_status":"open","sticky":false,"template":"","format":"standard","meta":[],"categories":[21,20],"tags":[],"_links":{"self":[{"href":"https:\/\/www.caritasne2.org.br\/site\/wp-json\/wp\/v2\/posts\/8288"}],"collection":[{"href":"https:\/\/www.caritasne2.org.br\/site\/wp-json\/wp\/v2\/posts"}],"about":[{"href":"https:\/\/www.caritasne2.org.br\/site\/wp-json\/wp\/v2\/types\/post"}],"author":[{"embeddable":true,"href":"https:\/\/www.caritasne2.org.br\/site\/wp-json\/wp\/v2\/users\/4"}],"replies":[{"embeddable":true,"href":"https:\/\/www.caritasne2.org.br\/site\/wp-json\/wp\/v2\/comments?post=8288"}],"version-history":[{"count":0,"href":"https:\/\/www.caritasne2.org.br\/site\/wp-json\/wp\/v2\/posts\/8288\/revisions"}],"wp:featuredmedia":[{"embeddable":true,"href":"https:\/\/www.caritasne2.org.br\/site\/wp-json\/wp\/v2\/media\/8289"}],"wp:attachment":[{"href":"https:\/\/www.caritasne2.org.br\/site\/wp-json\/wp\/v2\/media?parent=8288"}],"wp:term":[{"taxonomy":"category","embeddable":true,"href":"https:\/\/www.caritasne2.org.br\/site\/wp-json\/wp\/v2\/categories?post=8288"},{"taxonomy":"post_tag","embeddable":true,"href":"https:\/\/www.caritasne2.org.br\/site\/wp-json\/wp\/v2\/tags?post=8288"}],"curies":[{"name":"wp","href":"https:\/\/api.w.org\/{rel}","templated":true}]}}