{"id":8278,"date":"2021-07-26T18:38:03","date_gmt":"2021-07-26T21:38:03","guid":{"rendered":"http:\/\/www.caritasne2.org.br\/?p=8278"},"modified":"2021-07-26T18:38:03","modified_gmt":"2021-07-26T21:38:03","slug":"caritas-diocesana-de-guarabira-pb-inicia-parceria-com-a-associacao-de-catadores-no-municipio","status":"publish","type":"post","link":"https:\/\/www.caritasne2.org.br\/site\/caritas-diocesana-de-guarabira-pb-inicia-parceria-com-a-associacao-de-catadores-no-municipio\/","title":{"rendered":"C\u00e1ritas Diocesana de Guarabira (PB) inicia parceria com a associa\u00e7\u00e3o de catadores no munic\u00edpio"},"content":{"rendered":"<p style=\"text-align: justify;\">Diante deste cen\u00e1rio pand\u00eamico que estamos vivendo, a solidariedade ainda \u00e9 a resposta para transformar algumas realidades principalmente em nosso Regional NE2. No munic\u00edpio de Guarabira, na Para\u00edba, a C\u00e1ritas Diocesana de Guarabira como resposta a a\u00e7\u00e3o emergencial \u201c\u00c9 Tempo de Cuidar\u201d promoveu a\u00e7\u00f5es solid\u00e1rias junto a Associa\u00e7\u00e3o de catadores de Materiais Recicl\u00e1veis (ACAMARE).<\/p>\n<p style=\"text-align: justify;\">Cerca de 70 pessoas da associa\u00e7\u00e3o afetadas durante a pandemia sem trabalho e de onde prover o sustento foram contempladas com a doa\u00e7\u00e3o de cestas de alimentos e materiais de higiene e limpeza.\u00a0 Tamb\u00e9m foi realizado um diagn\u00f3stico com este grupo de catadores para acompanhamento da C\u00e1ritas Diocesana que ir\u00e1 desenvolver iniciativas dentro da perspectiva da Economia Popular e Solid\u00e1ria (EPS), uma das \u00e1reas de atua\u00e7\u00e3o da C\u00e1ritas Regional Nordeste 2 , fomentadas atrav\u00e9s do Projeto\u00a0 Promo\u00e7\u00e3o e Defesa de Direitos na perspectiva da constru\u00e7\u00e3o de sociedades do Bem Viver, realizado no NE2 em parceria com a institui\u00e7\u00e3o Alem\u00e3 MISEREOR.<\/p>\n<p style=\"text-align: justify;\">O grupo de catadores iniciou uma experi\u00eancia com coleta seletiva de lixo no munic\u00edpio de Guarabira, ap\u00f3s um ano se trabalho devido a interdi\u00e7\u00e3o do lix\u00e3o em decorr\u00eancia da pandemia. Esta iniciativa \u00e9 parte de um projeto coordenado pela gest\u00e3o p\u00fablica municipal em di\u00e1logo com a associa\u00e7\u00e3o.\u00a0 A coleta \u00e9 feita diariamente nos bairros do munic\u00edpio por 27 catadores que se dividem em v\u00e1rias rotas,\u00a0 e ao final do dia destinam todo o material para um espa\u00e7o coletivo (galp\u00e3o) fornecido pela prefeitura.<\/p>\n<ul class=\"ssb_list_wrapper\"><li class=\"fb2\" style=\"width:135px\"><iframe src=\"\/\/www.facebook.com\/plugins\/like.php?href=https%3A%2F%2Fwww.caritasne2.org.br%2Fsite%2Fcaritas-diocesana-de-guarabira-pb-inicia-parceria-com-a-associacao-de-catadores-no-municipio%2F&amp;layout=button_count&amp;action=like&amp;show_faces=false&amp;share=true&amp;width=135&amp;height=21&amp;appId=307091639398582\" scrolling=\"no\" frameborder=\"0\" style=\"border:none; overflow:hidden;  width:150px; height:21px;\" allowTransparency=\"true\"><\/iframe><\/li><li class=\"twtr\" style=\"width:90px\"><a href=\"https:\/\/twitter.com\/share\" class=\"twitter-share-button\" data-url=\"https:\/\/www.caritasne2.org.br\/site\/caritas-diocesana-de-guarabira-pb-inicia-parceria-com-a-associacao-de-catadores-no-municipio\/\">&nbsp;<\/a><script>!function(d,s,id){var js,fjs=d.getElementsByTagName(s)[0],p=\/^http:\/.test(d.location)?'http':'https';if(!d.getElementById(id)){js=d.createElement(s);js.id=id;js.src=p+':\/\/platform.twitter.com\/widgets.js';fjs.parentNode.insertBefore(js,fjs);}}(document, 'script', 'twitter-wjs');<\/script><\/li><li class=\"gplus\" style=\"width:68px\"><div class=\"g-plusone\" data-size=\"medium\" data-href=\"https:\/\/www.caritasne2.org.br\/site\/caritas-diocesana-de-guarabira-pb-inicia-parceria-com-a-associacao-de-catadores-no-municipio\/\"><\/div><\/li><li class=\"ssb_linkedin\" style=\"width:64px\"><script src=\"\/\/platform.linkedin.com\/in.js\" type=\"text\/javascript\">lang: en_US<\/script><script type=\"IN\/Share\" data-url=\"https:\/\/www.caritasne2.org.br\/site\/caritas-diocesana-de-guarabira-pb-inicia-parceria-com-a-associacao-de-catadores-no-municipio\/\" data-counter=\"right\"><\/script><\/li><\/ul>","protected":false},"excerpt":{"rendered":"<p>Diante deste cen\u00e1rio pand\u00eamico que estamos vivendo, a solidariedade ainda \u00e9 a resposta para transformar algumas realidades principalmente em nosso Regional NE2. No munic\u00edpio de Guarabira, na Para\u00edba, a C\u00e1ritas Diocesana de Guarabira como resposta a a\u00e7\u00e3o emergencial \u201c\u00c9 Tempo de Cuidar\u201d promoveu a\u00e7\u00f5es solid\u00e1rias junto a Associa\u00e7\u00e3o de catadores de Materiais Recicl\u00e1veis (ACAMARE). Cerca de 70 pessoas da associa\u00e7\u00e3o afetadas durante a pandemia sem [&hellip;]<\/p>\n<ul class=\"ssb_list_wrapper\"><li class=\"fb2\" style=\"width:135px\"><iframe src=\"\/\/www.facebook.com\/plugins\/like.php?href=https%3A%2F%2Fwww.caritasne2.org.br%2Fsite%2Fcaritas-diocesana-de-guarabira-pb-inicia-parceria-com-a-associacao-de-catadores-no-municipio%2F&amp;layout=button_count&amp;action=like&amp;show_faces=false&amp;share=true&amp;width=135&amp;height=21&amp;appId=307091639398582\" scrolling=\"no\" frameborder=\"0\" style=\"border:none; overflow:hidden;  width:150px; height:21px;\" allowTransparency=\"true\"><\/iframe><\/li><li class=\"twtr\" style=\"width:90px\"><a href=\"https:\/\/twitter.com\/share\" class=\"twitter-share-button\" data-url=\"https:\/\/www.caritasne2.org.br\/site\/caritas-diocesana-de-guarabira-pb-inicia-parceria-com-a-associacao-de-catadores-no-municipio\/\">&nbsp;<\/a><script>!function(d,s,id){var js,fjs=d.getElementsByTagName(s)[0],p=\/^http:\/.test(d.location)?'http':'https';if(!d.getElementById(id)){js=d.createElement(s);js.id=id;js.src=p+':\/\/platform.twitter.com\/widgets.js';fjs.parentNode.insertBefore(js,fjs);}}(document, 'script', 'twitter-wjs');<\/script><\/li><li class=\"gplus\" style=\"width:68px\"><div class=\"g-plusone\" data-size=\"medium\" data-href=\"https:\/\/www.caritasne2.org.br\/site\/caritas-diocesana-de-guarabira-pb-inicia-parceria-com-a-associacao-de-catadores-no-municipio\/\"><\/div><\/li><li class=\"ssb_linkedin\" style=\"width:64px\"><script src=\"\/\/platform.linkedin.com\/in.js\" type=\"text\/javascript\">lang: en_US<\/script><script type=\"IN\/Share\" data-url=\"https:\/\/www.caritasne2.org.br\/site\/caritas-diocesana-de-guarabira-pb-inicia-parceria-com-a-associacao-de-catadores-no-municipio\/\" data-counter=\"right\"><\/script><\/li><\/ul>","protected":false},"author":4,"featured_media":8279,"comment_status":"open","ping_status":"open","sticky":false,"template":"","format":"standard","meta":[],"categories":[21,20],"tags":[],"_links":{"self":[{"href":"https:\/\/www.caritasne2.org.br\/site\/wp-json\/wp\/v2\/posts\/8278"}],"collection":[{"href":"https:\/\/www.caritasne2.org.br\/site\/wp-json\/wp\/v2\/posts"}],"about":[{"href":"https:\/\/www.caritasne2.org.br\/site\/wp-json\/wp\/v2\/types\/post"}],"author":[{"embeddable":true,"href":"https:\/\/www.caritasne2.org.br\/site\/wp-json\/wp\/v2\/users\/4"}],"replies":[{"embeddable":true,"href":"https:\/\/www.caritasne2.org.br\/site\/wp-json\/wp\/v2\/comments?post=8278"}],"version-history":[{"count":0,"href":"https:\/\/www.caritasne2.org.br\/site\/wp-json\/wp\/v2\/posts\/8278\/revisions"}],"wp:featuredmedia":[{"embeddable":true,"href":"https:\/\/www.caritasne2.org.br\/site\/wp-json\/wp\/v2\/media\/8279"}],"wp:attachment":[{"href":"https:\/\/www.caritasne2.org.br\/site\/wp-json\/wp\/v2\/media?parent=8278"}],"wp:term":[{"taxonomy":"category","embeddable":true,"href":"https:\/\/www.caritasne2.org.br\/site\/wp-json\/wp\/v2\/categories?post=8278"},{"taxonomy":"post_tag","embeddable":true,"href":"https:\/\/www.caritasne2.org.br\/site\/wp-json\/wp\/v2\/tags?post=8278"}],"curies":[{"name":"wp","href":"https:\/\/api.w.org\/{rel}","templated":true}]}}