{"id":8266,"date":"2021-07-24T13:48:00","date_gmt":"2021-07-24T16:48:00","guid":{"rendered":"http:\/\/www.caritasne2.org.br\/?p=8266"},"modified":"2021-07-24T14:13:38","modified_gmt":"2021-07-24T17:13:38","slug":"caritas-regional-nordeste-2-participa-de-planejamento-para-fortalecimento-de-acoes-na-area-de-economia-popular-e-solidaria-na-diocese-de-floresta-em-pernambuco","status":"publish","type":"post","link":"https:\/\/www.caritasne2.org.br\/site\/caritas-regional-nordeste-2-participa-de-planejamento-para-fortalecimento-de-acoes-na-area-de-economia-popular-e-solidaria-na-diocese-de-floresta-em-pernambuco\/","title":{"rendered":"C\u00e1ritas Regional Nordeste 2 participa de planejamento para fortalecimento de a\u00e7\u00f5es na \u00e1rea de Economia Popular e Solid\u00e1ria na Diocese  de Floresta, em Pernambuco"},"content":{"rendered":"<p style=\"text-align: center;\"><em>O momento contou com reuni\u00f5es de apresenta\u00e7\u00e3o e acompanhamento da CBNE2 para as a\u00e7\u00f5es desenvolvidas pela Diocese<\/em><\/p>\n<p style=\"text-align: justify;\">Na tarde desta sexta-feira,23, a C\u00e1ritas Regional NE2 se fez presente em uma visita de acompanhamento e apresenta\u00e7\u00e3o \u00e0 C\u00e1ritas Paroquial Santo Ant\u00f4nio de P\u00e1dua ,munic\u00edpio de Ibimirim que comp\u00f5e a Diocese de Floresta, em Pernambuco. O objetivo da visita foi promover um encontro de integra\u00e7\u00e3o quanto \u00e0s atividades produzidas no local , construir a\u00e7\u00f5es de forma\u00e7\u00e3o para a Rede C\u00e1ritas a partir da Diocese em Floresta na \u00e1rea de Economia Popular Solid\u00e1ria, e planejar interc\u00e2mbio do grupo de mulheres local com o grupo de mulheres assessorado pela C\u00e1ritas Diocesana de Pesqueira.<\/p>\n<p style=\"text-align: justify;\">Participaram do momento a secret\u00e1ria executiva regional, Neilda Pereira, o assessor regional de Mobiliza\u00e7\u00e3o e Recursos, C\u00e9lio Meira, a educadora social, Rosana Andrade e a articuladora local, Maurivane Wanderley. A visita tamb\u00e9m foi marcada pelo registro de doa\u00e7\u00f5es do com\u00e9rcio local para um bazar solid\u00e1rio organizado pela Diocese no munic\u00edpio de Floresta, que al\u00e9m de doa\u00e7\u00f5es conta com produtos confeccionados por um grupo de 20 mulheres artes\u00e3s acompanhadas pelo p\u00e1roco da Igreja Santo Ant\u00f4nio de P\u00e1dua.<\/p>\n<p style=\"text-align: justify;\">O grupo fabrica as pe\u00e7as artesanais em materiais como croch\u00ea, costura, couro e patchwork, atrav\u00e9s dos ensinamentos ofertados por cursos pela Congrega\u00e7\u00e3o das Irm\u00e3s Carmelitas da Divina Provid\u00eancia , em parceria com a Confer\u00eancia Episcopal Italiana (CEI).<\/p>\n<p style=\"text-align: justify;\">Os resultados dos cursos j\u00e1 podem ser vistos, como \u00e9 o caso de Cristina, aluna do curso de fabrica\u00e7\u00e3o de sab\u00e3o. \u201cO trabalho me ajudou muito a conhecer novas pessoas, e me ajudou a gerar uma renda extra\u201d, ela conclui.<\/p>\n<p style=\"text-align: justify;\"><a href=\"http:\/\/www.caritasne2.org.br\/caritas-regional-nordeste-2-participa-de-planejamento-para-fortalecimento-de-acoes-na-area-de-economia-popular-e-solidaria-na-diocese-de-floresta-em-pernambuco\/whatsapp-image-2021-07-24-at-13-32-39-7\/\" rel=\"attachment wp-att-8268\"><img decoding=\"async\" loading=\"lazy\" class=\"aligncenter wp-image-8268\" src=\"http:\/\/www.caritasne2.org.br\/wp-content\/uploads\/2021\/07\/WhatsApp-Image-2021-07-24-at-13.32.39-7.jpeg\" alt=\"\" width=\"673\" height=\"379\" srcset=\"https:\/\/www.caritasne2.org.br\/site\/wp-content\/uploads\/2021\/07\/WhatsApp-Image-2021-07-24-at-13.32.39-7.jpeg 1280w, https:\/\/www.caritasne2.org.br\/site\/wp-content\/uploads\/2021\/07\/WhatsApp-Image-2021-07-24-at-13.32.39-7-300x169.jpeg 300w, https:\/\/www.caritasne2.org.br\/site\/wp-content\/uploads\/2021\/07\/WhatsApp-Image-2021-07-24-at-13.32.39-7-768x432.jpeg 768w, https:\/\/www.caritasne2.org.br\/site\/wp-content\/uploads\/2021\/07\/WhatsApp-Image-2021-07-24-at-13.32.39-7-1024x576.jpeg 1024w, https:\/\/www.caritasne2.org.br\/site\/wp-content\/uploads\/2021\/07\/WhatsApp-Image-2021-07-24-at-13.32.39-7-588x330.jpeg 588w\" sizes=\"(max-width: 673px) 100vw, 673px\" \/><\/a><\/p>\n<p style=\"text-align: justify;\"><a href=\"http:\/\/www.caritasne2.org.br\/caritas-regional-nordeste-2-participa-de-planejamento-para-fortalecimento-de-acoes-na-area-de-economia-popular-e-solidaria-na-diocese-de-floresta-em-pernambuco\/whatsapp-image-2021-07-24-at-13-32-39-6\/\" rel=\"attachment wp-att-8269\"><img decoding=\"async\" loading=\"lazy\" class=\"aligncenter wp-image-8269\" src=\"http:\/\/www.caritasne2.org.br\/wp-content\/uploads\/2021\/07\/WhatsApp-Image-2021-07-24-at-13.32.39-6.jpeg\" alt=\"\" width=\"667\" height=\"375\" srcset=\"https:\/\/www.caritasne2.org.br\/site\/wp-content\/uploads\/2021\/07\/WhatsApp-Image-2021-07-24-at-13.32.39-6.jpeg 1280w, https:\/\/www.caritasne2.org.br\/site\/wp-content\/uploads\/2021\/07\/WhatsApp-Image-2021-07-24-at-13.32.39-6-300x169.jpeg 300w, https:\/\/www.caritasne2.org.br\/site\/wp-content\/uploads\/2021\/07\/WhatsApp-Image-2021-07-24-at-13.32.39-6-768x432.jpeg 768w, https:\/\/www.caritasne2.org.br\/site\/wp-content\/uploads\/2021\/07\/WhatsApp-Image-2021-07-24-at-13.32.39-6-1024x576.jpeg 1024w, https:\/\/www.caritasne2.org.br\/site\/wp-content\/uploads\/2021\/07\/WhatsApp-Image-2021-07-24-at-13.32.39-6-588x330.jpeg 588w\" sizes=\"(max-width: 667px) 100vw, 667px\" \/><\/a><\/p>\n<p style=\"text-align: justify;\"><a href=\"http:\/\/www.caritasne2.org.br\/caritas-regional-nordeste-2-participa-de-planejamento-para-fortalecimento-de-acoes-na-area-de-economia-popular-e-solidaria-na-diocese-de-floresta-em-pernambuco\/whatsapp-image-2021-07-24-at-13-32-39-5\/\" rel=\"attachment wp-att-8270\"><img decoding=\"async\" loading=\"lazy\" class=\"aligncenter wp-image-8270\" src=\"http:\/\/www.caritasne2.org.br\/wp-content\/uploads\/2021\/07\/WhatsApp-Image-2021-07-24-at-13.32.39-5.jpeg\" alt=\"\" width=\"668\" height=\"376\" srcset=\"https:\/\/www.caritasne2.org.br\/site\/wp-content\/uploads\/2021\/07\/WhatsApp-Image-2021-07-24-at-13.32.39-5.jpeg 1280w, https:\/\/www.caritasne2.org.br\/site\/wp-content\/uploads\/2021\/07\/WhatsApp-Image-2021-07-24-at-13.32.39-5-300x169.jpeg 300w, https:\/\/www.caritasne2.org.br\/site\/wp-content\/uploads\/2021\/07\/WhatsApp-Image-2021-07-24-at-13.32.39-5-768x432.jpeg 768w, https:\/\/www.caritasne2.org.br\/site\/wp-content\/uploads\/2021\/07\/WhatsApp-Image-2021-07-24-at-13.32.39-5-1024x576.jpeg 1024w, https:\/\/www.caritasne2.org.br\/site\/wp-content\/uploads\/2021\/07\/WhatsApp-Image-2021-07-24-at-13.32.39-5-588x330.jpeg 588w\" sizes=\"(max-width: 668px) 100vw, 668px\" \/><\/a><\/p>\n<p style=\"text-align: justify;\"><a href=\"http:\/\/www.caritasne2.org.br\/caritas-regional-nordeste-2-participa-de-planejamento-para-fortalecimento-de-acoes-na-area-de-economia-popular-e-solidaria-na-diocese-de-floresta-em-pernambuco\/whatsapp-image-2021-07-24-at-13-32-39-3\/\" rel=\"attachment wp-att-8271\"><img decoding=\"async\" loading=\"lazy\" class=\"aligncenter wp-image-8271\" src=\"http:\/\/www.caritasne2.org.br\/wp-content\/uploads\/2021\/07\/WhatsApp-Image-2021-07-24-at-13.32.39-3.jpeg\" alt=\"\" width=\"675\" height=\"380\" srcset=\"https:\/\/www.caritasne2.org.br\/site\/wp-content\/uploads\/2021\/07\/WhatsApp-Image-2021-07-24-at-13.32.39-3.jpeg 1600w, https:\/\/www.caritasne2.org.br\/site\/wp-content\/uploads\/2021\/07\/WhatsApp-Image-2021-07-24-at-13.32.39-3-300x169.jpeg 300w, https:\/\/www.caritasne2.org.br\/site\/wp-content\/uploads\/2021\/07\/WhatsApp-Image-2021-07-24-at-13.32.39-3-768x432.jpeg 768w, https:\/\/www.caritasne2.org.br\/site\/wp-content\/uploads\/2021\/07\/WhatsApp-Image-2021-07-24-at-13.32.39-3-1024x576.jpeg 1024w, https:\/\/www.caritasne2.org.br\/site\/wp-content\/uploads\/2021\/07\/WhatsApp-Image-2021-07-24-at-13.32.39-3-588x330.jpeg 588w\" sizes=\"(max-width: 675px) 100vw, 675px\" \/><\/a><\/p>\n<p style=\"text-align: justify;\"><a href=\"http:\/\/www.caritasne2.org.br\/caritas-regional-nordeste-2-participa-de-planejamento-para-fortalecimento-de-acoes-na-area-de-economia-popular-e-solidaria-na-diocese-de-floresta-em-pernambuco\/whatsapp-image-2021-07-24-at-13-32-39-2\/\" rel=\"attachment wp-att-8272\"><img decoding=\"async\" loading=\"lazy\" class=\"aligncenter wp-image-8272\" src=\"http:\/\/www.caritasne2.org.br\/wp-content\/uploads\/2021\/07\/WhatsApp-Image-2021-07-24-at-13.32.39-2.jpeg\" alt=\"\" width=\"675\" height=\"380\" srcset=\"https:\/\/www.caritasne2.org.br\/site\/wp-content\/uploads\/2021\/07\/WhatsApp-Image-2021-07-24-at-13.32.39-2.jpeg 1600w, https:\/\/www.caritasne2.org.br\/site\/wp-content\/uploads\/2021\/07\/WhatsApp-Image-2021-07-24-at-13.32.39-2-300x169.jpeg 300w, https:\/\/www.caritasne2.org.br\/site\/wp-content\/uploads\/2021\/07\/WhatsApp-Image-2021-07-24-at-13.32.39-2-768x432.jpeg 768w, https:\/\/www.caritasne2.org.br\/site\/wp-content\/uploads\/2021\/07\/WhatsApp-Image-2021-07-24-at-13.32.39-2-1024x576.jpeg 1024w, https:\/\/www.caritasne2.org.br\/site\/wp-content\/uploads\/2021\/07\/WhatsApp-Image-2021-07-24-at-13.32.39-2-588x330.jpeg 588w\" sizes=\"(max-width: 675px) 100vw, 675px\" \/><\/a><\/p>\n<ul class=\"ssb_list_wrapper\"><li class=\"fb2\" style=\"width:135px\"><iframe src=\"\/\/www.facebook.com\/plugins\/like.php?href=https%3A%2F%2Fwww.caritasne2.org.br%2Fsite%2Fcaritas-regional-nordeste-2-participa-de-planejamento-para-fortalecimento-de-acoes-na-area-de-economia-popular-e-solidaria-na-diocese-de-floresta-em-pernambuco%2F&amp;layout=button_count&amp;action=like&amp;show_faces=false&amp;share=true&amp;width=135&amp;height=21&amp;appId=307091639398582\" scrolling=\"no\" frameborder=\"0\" style=\"border:none; overflow:hidden;  width:150px; height:21px;\" allowTransparency=\"true\"><\/iframe><\/li><li class=\"twtr\" style=\"width:90px\"><a href=\"https:\/\/twitter.com\/share\" class=\"twitter-share-button\" data-url=\"https:\/\/www.caritasne2.org.br\/site\/caritas-regional-nordeste-2-participa-de-planejamento-para-fortalecimento-de-acoes-na-area-de-economia-popular-e-solidaria-na-diocese-de-floresta-em-pernambuco\/\">&nbsp;<\/a><script>!function(d,s,id){var js,fjs=d.getElementsByTagName(s)[0],p=\/^http:\/.test(d.location)?'http':'https';if(!d.getElementById(id)){js=d.createElement(s);js.id=id;js.src=p+':\/\/platform.twitter.com\/widgets.js';fjs.parentNode.insertBefore(js,fjs);}}(document, 'script', 'twitter-wjs');<\/script><\/li><li class=\"gplus\" style=\"width:68px\"><div class=\"g-plusone\" data-size=\"medium\" data-href=\"https:\/\/www.caritasne2.org.br\/site\/caritas-regional-nordeste-2-participa-de-planejamento-para-fortalecimento-de-acoes-na-area-de-economia-popular-e-solidaria-na-diocese-de-floresta-em-pernambuco\/\"><\/div><\/li><li class=\"ssb_linkedin\" style=\"width:64px\"><script src=\"\/\/platform.linkedin.com\/in.js\" type=\"text\/javascript\">lang: en_US<\/script><script type=\"IN\/Share\" data-url=\"https:\/\/www.caritasne2.org.br\/site\/caritas-regional-nordeste-2-participa-de-planejamento-para-fortalecimento-de-acoes-na-area-de-economia-popular-e-solidaria-na-diocese-de-floresta-em-pernambuco\/\" data-counter=\"right\"><\/script><\/li><\/ul>","protected":false},"excerpt":{"rendered":"<p>O momento contou com reuni\u00f5es de apresenta\u00e7\u00e3o e acompanhamento da CBNE2 para as a\u00e7\u00f5es desenvolvidas pela Diocese Na tarde desta sexta-feira,23, a C\u00e1ritas Regional NE2 se fez presente em uma visita de acompanhamento e apresenta\u00e7\u00e3o \u00e0 C\u00e1ritas Paroquial Santo Ant\u00f4nio de P\u00e1dua ,munic\u00edpio de Ibimirim que comp\u00f5e a Diocese de Floresta, em Pernambuco. O objetivo da visita foi promover um encontro de integra\u00e7\u00e3o quanto \u00e0s [&hellip;]<\/p>\n<ul class=\"ssb_list_wrapper\"><li class=\"fb2\" style=\"width:135px\"><iframe src=\"\/\/www.facebook.com\/plugins\/like.php?href=https%3A%2F%2Fwww.caritasne2.org.br%2Fsite%2Fcaritas-regional-nordeste-2-participa-de-planejamento-para-fortalecimento-de-acoes-na-area-de-economia-popular-e-solidaria-na-diocese-de-floresta-em-pernambuco%2F&amp;layout=button_count&amp;action=like&amp;show_faces=false&amp;share=true&amp;width=135&amp;height=21&amp;appId=307091639398582\" scrolling=\"no\" frameborder=\"0\" style=\"border:none; overflow:hidden;  width:150px; height:21px;\" allowTransparency=\"true\"><\/iframe><\/li><li class=\"twtr\" style=\"width:90px\"><a href=\"https:\/\/twitter.com\/share\" class=\"twitter-share-button\" data-url=\"https:\/\/www.caritasne2.org.br\/site\/caritas-regional-nordeste-2-participa-de-planejamento-para-fortalecimento-de-acoes-na-area-de-economia-popular-e-solidaria-na-diocese-de-floresta-em-pernambuco\/\">&nbsp;<\/a><script>!function(d,s,id){var js,fjs=d.getElementsByTagName(s)[0],p=\/^http:\/.test(d.location)?'http':'https';if(!d.getElementById(id)){js=d.createElement(s);js.id=id;js.src=p+':\/\/platform.twitter.com\/widgets.js';fjs.parentNode.insertBefore(js,fjs);}}(document, 'script', 'twitter-wjs');<\/script><\/li><li class=\"gplus\" style=\"width:68px\"><div class=\"g-plusone\" data-size=\"medium\" data-href=\"https:\/\/www.caritasne2.org.br\/site\/caritas-regional-nordeste-2-participa-de-planejamento-para-fortalecimento-de-acoes-na-area-de-economia-popular-e-solidaria-na-diocese-de-floresta-em-pernambuco\/\"><\/div><\/li><li class=\"ssb_linkedin\" style=\"width:64px\"><script src=\"\/\/platform.linkedin.com\/in.js\" type=\"text\/javascript\">lang: en_US<\/script><script type=\"IN\/Share\" data-url=\"https:\/\/www.caritasne2.org.br\/site\/caritas-regional-nordeste-2-participa-de-planejamento-para-fortalecimento-de-acoes-na-area-de-economia-popular-e-solidaria-na-diocese-de-floresta-em-pernambuco\/\" data-counter=\"right\"><\/script><\/li><\/ul>","protected":false},"author":4,"featured_media":8275,"comment_status":"open","ping_status":"open","sticky":false,"template":"","format":"standard","meta":[],"categories":[21,20],"tags":[],"_links":{"self":[{"href":"https:\/\/www.caritasne2.org.br\/site\/wp-json\/wp\/v2\/posts\/8266"}],"collection":[{"href":"https:\/\/www.caritasne2.org.br\/site\/wp-json\/wp\/v2\/posts"}],"about":[{"href":"https:\/\/www.caritasne2.org.br\/site\/wp-json\/wp\/v2\/types\/post"}],"author":[{"embeddable":true,"href":"https:\/\/www.caritasne2.org.br\/site\/wp-json\/wp\/v2\/users\/4"}],"replies":[{"embeddable":true,"href":"https:\/\/www.caritasne2.org.br\/site\/wp-json\/wp\/v2\/comments?post=8266"}],"version-history":[{"count":0,"href":"https:\/\/www.caritasne2.org.br\/site\/wp-json\/wp\/v2\/posts\/8266\/revisions"}],"wp:featuredmedia":[{"embeddable":true,"href":"https:\/\/www.caritasne2.org.br\/site\/wp-json\/wp\/v2\/media\/8275"}],"wp:attachment":[{"href":"https:\/\/www.caritasne2.org.br\/site\/wp-json\/wp\/v2\/media?parent=8266"}],"wp:term":[{"taxonomy":"category","embeddable":true,"href":"https:\/\/www.caritasne2.org.br\/site\/wp-json\/wp\/v2\/categories?post=8266"},{"taxonomy":"post_tag","embeddable":true,"href":"https:\/\/www.caritasne2.org.br\/site\/wp-json\/wp\/v2\/tags?post=8266"}],"curies":[{"name":"wp","href":"https:\/\/api.w.org\/{rel}","templated":true}]}}