{"id":8251,"date":"2021-07-20T15:44:25","date_gmt":"2021-07-20T18:44:25","guid":{"rendered":"http:\/\/www.caritasne2.org.br\/?p=8251"},"modified":"2021-07-27T13:17:07","modified_gmt":"2021-07-27T16:17:07","slug":"projeto-aguas-para-educar-leva-acesso-a-agua-para-mais-de-4-000-estudantes-em-comunidades-rurais-dos-estados-de-al-pe-pb-e-rn","status":"publish","type":"post","link":"https:\/\/www.caritasne2.org.br\/site\/projeto-aguas-para-educar-leva-acesso-a-agua-para-mais-de-4-000-estudantes-em-comunidades-rurais-dos-estados-de-al-pe-pb-e-rn\/","title":{"rendered":"Projeto \u00c1guas para educar leva acesso \u00e0 \u00e1gua para mais de 4.000 estudantes em comunidades rurais dos estados de  PE, PB e RN"},"content":{"rendered":"<p style=\"text-align: justify;\">A C\u00e1ritas Brasileira Regional NE2, com atua\u00e7\u00e3o nos estados de AL, PE, PB e RN, vem ampliando o debate sobre o acesso \u00e0 \u00e1gua e educa\u00e7\u00e3o contextualizada nas escolas rurais, abordando a tem\u00e1tica da conviv\u00eancia com o semi\u00e1rido, bem como, a import\u00e2ncia de envolver alunos, pais e funcion\u00e1rios na execu\u00e7\u00e3o do projeto.<\/p>\n<p style=\"text-align: justify;\">Esse processo est\u00e1 sendo realizado atrav\u00e9s do Projeto \u00c1guas para Educar, que em parceria com a Coca Cola Brasil e Banco Nacional de Desenvolvimento Econ\u00f4mico e Social (BNDES) visa implantar tecnologias sociais de acesso \u00e0 \u00e1gua as din\u00e2micas da comunidade escolar e entorno, gerando processos educativos permitindo assim, abastecimento de \u00e1gua e alimenta\u00e7\u00e3o de qualidade e bons h\u00e1bitos alimentares.<\/p>\n<p style=\"text-align: justify;\">O projeto est\u00e1 em execu\u00e7\u00e3o nos estados de Pernambuco, Para\u00edba e Rio Grande do Norte, atendendo ao todo, 15 escolas rurais com estimativa de atender diretamente mais de 4.000 estudantes, e mais 300 pessoas que comp\u00f5em a comunidade escolar como professores e funcion\u00e1rios.\u00a0 As atividades nos estados ser\u00e3o executadas pelas entidades membro que integram a CBNE2 em Pernambuco, pela C\u00e1ritas Diocesana de Pesqueira; na Para\u00edba, pela C\u00e1ritas Diocesana de Guarabira; no Rio Grande do Norte pela C\u00e1ritas Diocesana de Caic\u00f3.<\/p>\n<p style=\"text-align: justify;\">\u201c\u00c9 uma grande alegria saber que esse projeto ser\u00e1 ampliado para outros estados, tendo a oportunidade de mudar a realidade de tantas outras pessoas, e adquirir novas experi\u00eancias. \u00c9 importante a implanta\u00e7\u00e3o das tecnologias sociais, mas, sobretudo, discutir a educa\u00e7\u00e3o contextualizada, a produ\u00e7\u00e3o org\u00e2nica dos alimentos, a preserva\u00e7\u00e3o e reutiliza\u00e7\u00e3o das fontes de \u00e1gua\u201d, relata a secret\u00e1ria executiva da C\u00e1ritas Diocesana de Pesqueira, Magna Pollyana.<\/p>\n<p style=\"text-align: justify;\">Nos tr\u00eas estados, as escolas contempladas ir\u00e3o receber a implanta\u00e7\u00e3o de cisternas de placas com capacidade de 52 mil litros para capta\u00e7\u00e3o de \u00e1gua das chuvas; implanta\u00e7\u00e3o de sistemas de reuso das \u00e1guas cinzas, bio\u00e1gua, que possibilitar\u00e1 a reutiliza\u00e7\u00e3o das \u00e1guas descartadas nas pias que ser\u00e3o utilizadas para irriga\u00e7\u00e3o dos pomares e hortas que tamb\u00e9m ser\u00e3o implantadas pelo projeto.\u00a0 Ele tamb\u00e9m contempla momentos formativos com capacita\u00e7\u00f5es virtuais e presenciais, estes seguindo os devidos protocolos de distanciamento e higiene e seguran\u00e7a por conta da Covid-19, abordando temas como recursos h\u00eddricos, cuidados com a cisterna, reuso da \u00e1gua e manejo das hortas e pomares escolares.<\/p>\n<p style=\"text-align: justify;\">Segundo Andreza Guimar\u00e3es, t\u00e9cnica da C\u00e1ritas Diocesana de Guarabira (PB), \u201c a Diocese de Guarabira est\u00e1 executando o projeto \u00c1guas para Educar em cinco escolas nas cidades de Cacimba de Dentro, Casserengue e Tacima. \u00c9 uma alegria saber que esse projeto veio para a nossa Diocese, pois, traz novas tecnologias como a implanta\u00e7\u00e3o de cisternas para capta\u00e7\u00e3o de \u00e1guas da chuva,\u00a0 pomar,\u00a0 horta e um sistema de bio\u00e1gua, para mostrar a\u00a0 comunidade escolar a import\u00e2ncia de produzir alimentos saud\u00e1veis para consumo dos alunos na merenda escolar e a reutiliza\u00e7\u00e3o da \u00e1gua\u201d, comenta.<\/p>\n<p style=\"text-align: justify;\">Ela finaliza. \u201c Esse projeto tamb\u00e9m aborda a conviv\u00eancia com o semi\u00e1rido e mostra a import\u00e2ncia de envolver toda a comunidade onde o projeto ser\u00e1 implantado, refor\u00e7ando e mostrando a todos a import\u00e2ncia de cuidar da \u00e1gua e o seu uso racional\u201d.<\/p>\n<p style=\"text-align: justify;\">Para a secret\u00e1ria executiva da C\u00e1ritas Brasileira Regional NE2, Neilda Pereira, \u201co projeto \u00c1guas para educar reflete a import\u00e2ncia de n\u00e3o apenas construir tecnologias sociais, mas promover cidadania e educa\u00e7\u00e3o contextualizada nas comunidades escolares que n\u00e3o t\u00eam acesso \u00e0 \u00e1gua. Esperamos que as reuni\u00f5es, capacita\u00e7\u00f5es e oficinas que est\u00e3o sendo realizadas, possam animar os\/as educadores\/as a pensarem em subs\u00eddios pedag\u00f3gicos que se aproxime do contexto local, promovendo a reflex\u00e3o sobre a pr\u00e1tica da educa\u00e7\u00e3o nas escolas beneficiadas, e de certa forma na realidade educacional do munic\u00edpio, estimulando a troca e constru\u00e7\u00e3o do conhecimento para a mudan\u00e7a da realidade local\u201d, finaliza.<\/p>\n<p>&nbsp;<\/p>\n<p><a href=\"http:\/\/www.caritasne2.org.br\/projeto-aguas-para-educar-leva-acesso-a-agua-para-mais-de-4-000-estudantes-em-comunidades-rurais-dos-estados-de-al-pe-pb-e-rn\/whatsapp-image-2021-07-15-at-08-53-22-2\/\" rel=\"attachment wp-att-8254\"><img decoding=\"async\" loading=\"lazy\" class=\"aligncenter wp-image-8254\" src=\"http:\/\/www.caritasne2.org.br\/wp-content\/uploads\/2021\/07\/WhatsApp-Image-2021-07-15-at-08.53.22-2.jpeg\" alt=\"\" width=\"512\" height=\"384\" srcset=\"https:\/\/www.caritasne2.org.br\/site\/wp-content\/uploads\/2021\/07\/WhatsApp-Image-2021-07-15-at-08.53.22-2.jpeg 1600w, https:\/\/www.caritasne2.org.br\/site\/wp-content\/uploads\/2021\/07\/WhatsApp-Image-2021-07-15-at-08.53.22-2-300x225.jpeg 300w, https:\/\/www.caritasne2.org.br\/site\/wp-content\/uploads\/2021\/07\/WhatsApp-Image-2021-07-15-at-08.53.22-2-768x576.jpeg 768w, https:\/\/www.caritasne2.org.br\/site\/wp-content\/uploads\/2021\/07\/WhatsApp-Image-2021-07-15-at-08.53.22-2-1024x768.jpeg 1024w\" sizes=\"(max-width: 512px) 100vw, 512px\" \/><\/a><\/p>\n<p><a href=\"http:\/\/www.caritasne2.org.br\/projeto-aguas-para-educar-leva-acesso-a-agua-para-mais-de-4-000-estudantes-em-comunidades-rurais-dos-estados-de-al-pe-pb-e-rn\/3-13\/\" rel=\"attachment wp-att-8257\"><img decoding=\"async\" loading=\"lazy\" class=\"aligncenter wp-image-8257\" src=\"http:\/\/www.caritasne2.org.br\/wp-content\/uploads\/2021\/07\/3.jpg\" alt=\"\" width=\"511\" height=\"287\" srcset=\"https:\/\/www.caritasne2.org.br\/site\/wp-content\/uploads\/2021\/07\/3.jpg 1280w, https:\/\/www.caritasne2.org.br\/site\/wp-content\/uploads\/2021\/07\/3-300x169.jpg 300w, https:\/\/www.caritasne2.org.br\/site\/wp-content\/uploads\/2021\/07\/3-768x432.jpg 768w, https:\/\/www.caritasne2.org.br\/site\/wp-content\/uploads\/2021\/07\/3-1024x576.jpg 1024w, https:\/\/www.caritasne2.org.br\/site\/wp-content\/uploads\/2021\/07\/3-588x330.jpg 588w\" sizes=\"(max-width: 511px) 100vw, 511px\" \/><\/a><\/p>\n<p><a href=\"http:\/\/www.caritasne2.org.br\/projeto-aguas-para-educar-leva-acesso-a-agua-para-mais-de-4-000-estudantes-em-comunidades-rurais-dos-estados-de-al-pe-pb-e-rn\/1-21\/\" rel=\"attachment wp-att-8255\"><img decoding=\"async\" loading=\"lazy\" class=\"aligncenter wp-image-8255\" src=\"http:\/\/www.caritasne2.org.br\/wp-content\/uploads\/2021\/07\/1.jpg\" alt=\"\" width=\"525\" height=\"380\" srcset=\"https:\/\/www.caritasne2.org.br\/site\/wp-content\/uploads\/2021\/07\/1.jpg 1280w, https:\/\/www.caritasne2.org.br\/site\/wp-content\/uploads\/2021\/07\/1-300x217.jpg 300w, https:\/\/www.caritasne2.org.br\/site\/wp-content\/uploads\/2021\/07\/1-768x555.jpg 768w, https:\/\/www.caritasne2.org.br\/site\/wp-content\/uploads\/2021\/07\/1-1024x740.jpg 1024w\" sizes=\"(max-width: 525px) 100vw, 525px\" \/><\/a><\/p>\n<p><a href=\"http:\/\/www.caritasne2.org.br\/projeto-aguas-para-educar-leva-acesso-a-agua-para-mais-de-4-000-estudantes-em-comunidades-rurais-dos-estados-de-al-pe-pb-e-rn\/whatsapp-image-2021-07-15-at-08-53-19-2\/\" rel=\"attachment wp-att-8252\"><img decoding=\"async\" loading=\"lazy\" class=\"aligncenter wp-image-8252\" src=\"http:\/\/www.caritasne2.org.br\/wp-content\/uploads\/2021\/07\/WhatsApp-Image-2021-07-15-at-08.53.19-2.jpeg\" alt=\"\" width=\"537\" height=\"403\" srcset=\"https:\/\/www.caritasne2.org.br\/site\/wp-content\/uploads\/2021\/07\/WhatsApp-Image-2021-07-15-at-08.53.19-2.jpeg 1600w, https:\/\/www.caritasne2.org.br\/site\/wp-content\/uploads\/2021\/07\/WhatsApp-Image-2021-07-15-at-08.53.19-2-300x225.jpeg 300w, https:\/\/www.caritasne2.org.br\/site\/wp-content\/uploads\/2021\/07\/WhatsApp-Image-2021-07-15-at-08.53.19-2-768x576.jpeg 768w, https:\/\/www.caritasne2.org.br\/site\/wp-content\/uploads\/2021\/07\/WhatsApp-Image-2021-07-15-at-08.53.19-2-1024x768.jpeg 1024w\" sizes=\"(max-width: 537px) 100vw, 537px\" \/><\/a><\/p>\n<ul class=\"ssb_list_wrapper\"><li class=\"fb2\" style=\"width:135px\"><iframe src=\"\/\/www.facebook.com\/plugins\/like.php?href=https%3A%2F%2Fwww.caritasne2.org.br%2Fsite%2Fprojeto-aguas-para-educar-leva-acesso-a-agua-para-mais-de-4-000-estudantes-em-comunidades-rurais-dos-estados-de-al-pe-pb-e-rn%2F&amp;layout=button_count&amp;action=like&amp;show_faces=false&amp;share=true&amp;width=135&amp;height=21&amp;appId=307091639398582\" scrolling=\"no\" frameborder=\"0\" style=\"border:none; overflow:hidden;  width:150px; height:21px;\" allowTransparency=\"true\"><\/iframe><\/li><li class=\"twtr\" style=\"width:90px\"><a href=\"https:\/\/twitter.com\/share\" class=\"twitter-share-button\" data-url=\"https:\/\/www.caritasne2.org.br\/site\/projeto-aguas-para-educar-leva-acesso-a-agua-para-mais-de-4-000-estudantes-em-comunidades-rurais-dos-estados-de-al-pe-pb-e-rn\/\">&nbsp;<\/a><script>!function(d,s,id){var js,fjs=d.getElementsByTagName(s)[0],p=\/^http:\/.test(d.location)?'http':'https';if(!d.getElementById(id)){js=d.createElement(s);js.id=id;js.src=p+':\/\/platform.twitter.com\/widgets.js';fjs.parentNode.insertBefore(js,fjs);}}(document, 'script', 'twitter-wjs');<\/script><\/li><li class=\"gplus\" style=\"width:68px\"><div class=\"g-plusone\" data-size=\"medium\" data-href=\"https:\/\/www.caritasne2.org.br\/site\/projeto-aguas-para-educar-leva-acesso-a-agua-para-mais-de-4-000-estudantes-em-comunidades-rurais-dos-estados-de-al-pe-pb-e-rn\/\"><\/div><\/li><li class=\"ssb_linkedin\" style=\"width:64px\"><script src=\"\/\/platform.linkedin.com\/in.js\" type=\"text\/javascript\">lang: en_US<\/script><script type=\"IN\/Share\" data-url=\"https:\/\/www.caritasne2.org.br\/site\/projeto-aguas-para-educar-leva-acesso-a-agua-para-mais-de-4-000-estudantes-em-comunidades-rurais-dos-estados-de-al-pe-pb-e-rn\/\" data-counter=\"right\"><\/script><\/li><\/ul>","protected":false},"excerpt":{"rendered":"<p>A C\u00e1ritas Brasileira Regional NE2, com atua\u00e7\u00e3o nos estados de AL, PE, PB e RN, vem ampliando o debate sobre o acesso \u00e0 \u00e1gua e educa\u00e7\u00e3o contextualizada nas escolas rurais, abordando a tem\u00e1tica da conviv\u00eancia com o semi\u00e1rido, bem como, a import\u00e2ncia de envolver alunos, pais e funcion\u00e1rios na execu\u00e7\u00e3o do projeto. Esse processo est\u00e1 sendo realizado atrav\u00e9s do Projeto \u00c1guas para Educar, que em [&hellip;]<\/p>\n<ul class=\"ssb_list_wrapper\"><li class=\"fb2\" style=\"width:135px\"><iframe src=\"\/\/www.facebook.com\/plugins\/like.php?href=https%3A%2F%2Fwww.caritasne2.org.br%2Fsite%2Fprojeto-aguas-para-educar-leva-acesso-a-agua-para-mais-de-4-000-estudantes-em-comunidades-rurais-dos-estados-de-al-pe-pb-e-rn%2F&amp;layout=button_count&amp;action=like&amp;show_faces=false&amp;share=true&amp;width=135&amp;height=21&amp;appId=307091639398582\" scrolling=\"no\" frameborder=\"0\" style=\"border:none; overflow:hidden;  width:150px; height:21px;\" allowTransparency=\"true\"><\/iframe><\/li><li class=\"twtr\" style=\"width:90px\"><a href=\"https:\/\/twitter.com\/share\" class=\"twitter-share-button\" data-url=\"https:\/\/www.caritasne2.org.br\/site\/projeto-aguas-para-educar-leva-acesso-a-agua-para-mais-de-4-000-estudantes-em-comunidades-rurais-dos-estados-de-al-pe-pb-e-rn\/\">&nbsp;<\/a><script>!function(d,s,id){var js,fjs=d.getElementsByTagName(s)[0],p=\/^http:\/.test(d.location)?'http':'https';if(!d.getElementById(id)){js=d.createElement(s);js.id=id;js.src=p+':\/\/platform.twitter.com\/widgets.js';fjs.parentNode.insertBefore(js,fjs);}}(document, 'script', 'twitter-wjs');<\/script><\/li><li class=\"gplus\" style=\"width:68px\"><div class=\"g-plusone\" data-size=\"medium\" data-href=\"https:\/\/www.caritasne2.org.br\/site\/projeto-aguas-para-educar-leva-acesso-a-agua-para-mais-de-4-000-estudantes-em-comunidades-rurais-dos-estados-de-al-pe-pb-e-rn\/\"><\/div><\/li><li class=\"ssb_linkedin\" style=\"width:64px\"><script src=\"\/\/platform.linkedin.com\/in.js\" type=\"text\/javascript\">lang: en_US<\/script><script type=\"IN\/Share\" data-url=\"https:\/\/www.caritasne2.org.br\/site\/projeto-aguas-para-educar-leva-acesso-a-agua-para-mais-de-4-000-estudantes-em-comunidades-rurais-dos-estados-de-al-pe-pb-e-rn\/\" data-counter=\"right\"><\/script><\/li><\/ul>","protected":false},"author":4,"featured_media":8258,"comment_status":"open","ping_status":"open","sticky":false,"template":"","format":"standard","meta":[],"categories":[21,20],"tags":[],"_links":{"self":[{"href":"https:\/\/www.caritasne2.org.br\/site\/wp-json\/wp\/v2\/posts\/8251"}],"collection":[{"href":"https:\/\/www.caritasne2.org.br\/site\/wp-json\/wp\/v2\/posts"}],"about":[{"href":"https:\/\/www.caritasne2.org.br\/site\/wp-json\/wp\/v2\/types\/post"}],"author":[{"embeddable":true,"href":"https:\/\/www.caritasne2.org.br\/site\/wp-json\/wp\/v2\/users\/4"}],"replies":[{"embeddable":true,"href":"https:\/\/www.caritasne2.org.br\/site\/wp-json\/wp\/v2\/comments?post=8251"}],"version-history":[{"count":0,"href":"https:\/\/www.caritasne2.org.br\/site\/wp-json\/wp\/v2\/posts\/8251\/revisions"}],"wp:featuredmedia":[{"embeddable":true,"href":"https:\/\/www.caritasne2.org.br\/site\/wp-json\/wp\/v2\/media\/8258"}],"wp:attachment":[{"href":"https:\/\/www.caritasne2.org.br\/site\/wp-json\/wp\/v2\/media?parent=8251"}],"wp:term":[{"taxonomy":"category","embeddable":true,"href":"https:\/\/www.caritasne2.org.br\/site\/wp-json\/wp\/v2\/categories?post=8251"},{"taxonomy":"post_tag","embeddable":true,"href":"https:\/\/www.caritasne2.org.br\/site\/wp-json\/wp\/v2\/tags?post=8251"}],"curies":[{"name":"wp","href":"https:\/\/api.w.org\/{rel}","templated":true}]}}