{"id":8242,"date":"2021-07-16T12:08:03","date_gmt":"2021-07-16T15:08:03","guid":{"rendered":"http:\/\/www.caritasne2.org.br\/?p=8242"},"modified":"2021-07-16T12:29:17","modified_gmt":"2021-07-16T15:29:17","slug":"projeto-fomenta-protagonismo-juvenil-em-comunidades-rurais-de-pernambuco","status":"publish","type":"post","link":"https:\/\/www.caritasne2.org.br\/site\/projeto-fomenta-protagonismo-juvenil-em-comunidades-rurais-de-pernambuco\/","title":{"rendered":"Projeto fomenta protagonismo juvenil em comunidades rurais de Pernambuco"},"content":{"rendered":"<p style=\"text-align: center;\"><em>Ao todo, ser\u00e3o mais de 80 jovens envolvidos em forma\u00e7\u00f5es sobre\u00a0<\/em><em>mudan\u00e7as clim\u00e1ticas, produ\u00e7\u00e3o sustent\u00e1vel e comercializa\u00e7\u00e3o justa e solid\u00e1ria<\/em><\/p>\n<p style=\"text-align: justify;\">Com o objetivo de construir estrat\u00e9gias que\u00a0buscam fortalecer e visibilizar as atividades nas comunidades atendidas pela C\u00e1ritas Regional NE2, est\u00e3o em curso reuni\u00f5es e oficinas formativas, online, e presenciais, seguindo os devidos protocolos de seguran\u00e7a e distanciamento, com cerca de 80 jovens das comunidades quilombolas de Barra do Brejo, Amargoso, Angicos e S\u00edtio Flores, na Zona Rural de Pernambuco.<\/p>\n<p style=\"text-align: justify;\">As forma\u00e7\u00f5es fazem parte do Projeto Fortalecimento Econ\u00f4mico de Jovens Rurais do Semi\u00e1rido, em parceria com a Institui\u00e7\u00e3o Manos Unidas, e busca implementar processos formativos permanentes junto a juventude com foco nas mudan\u00e7as clim\u00e1ticas, na produ\u00e7\u00e3o sustent\u00e1vel e na comercializa\u00e7\u00e3o justa e solid\u00e1ria.<\/p>\n<p style=\"text-align: justify;\">Para fortalecer essa implementa\u00e7\u00e3o, foram realizadas visitas presenciais para apresenta\u00e7\u00e3o e integra\u00e7\u00e3o com as comunidades contempladas; as formas de produ\u00e7\u00e3o e organiza\u00e7\u00e3o nas respectivas comunidades, bem como, conhecer e dialogar sobre as estrat\u00e9gias de interven\u00e7\u00e3o e as aptid\u00f5es da juventude participante com \u00eanfase na produ\u00e7\u00e3o agroecol\u00f3gica.<\/p>\n<p style=\"text-align: justify;\">Segundo o assessor regional de Conviv\u00eancia com Biomas da CBNE2, Edimilson Paulino,&#8221;o conhecimento e identifica\u00e7\u00e3o do p\u00fablico a ser atendido, promove processos comunit\u00e1rios sustent\u00e1veis que integram a transforma\u00e7\u00e3o local por meio\u00a0da participa\u00e7\u00e3o social,\u00a0 da produ\u00e7\u00e3o de base agroecol\u00f3gica e da comercializa\u00e7\u00e3o justa,\u00a0 e solid\u00e1ria&#8221;, comenta.<\/p>\n<p style=\"text-align: justify;\"><strong>O Projeto<\/strong><\/p>\n<p style=\"text-align: justify;\">Ser\u00e1 implementado no munic\u00edpio de Bom Conselho que integra a Diocese de Garanhuns(PE) nas comunidades Amargoso, Barra do Brejo e Quilombola do S\u00edtio Flores, e Quilombolas do Angico de Cima e de Baixo. O p\u00fablico alvo s\u00e3o mulheres, jovens, ind\u00edgenas, agricultores e quilombolas, com o objetivo de beneficiar diretamente 64 pessoas, sendo 38 mulheres jovens e 26 homens.<\/p>\n<p style=\"text-align: justify;\">Na \u00a0etapa, as a\u00e7\u00f5es formativas ter\u00e3o como foco o aprofundamento t\u00e9cnico em temas relacionados ao processo de produ\u00e7\u00e3o, em especial a de base agroecol\u00f3gica, \u00e0 gest\u00e3o dos produtos, ao empreendedorismo juvenil e as estrat\u00e9gias para comercializa\u00e7\u00e3o dos produtos e servi\u00e7os deste p\u00fablico.\u00a0No campo da sustentabilidade os jovens atrav\u00e9s do projeto devem contribuir com a implanta\u00e7\u00e3o das Bodegas das Juventudes rurais nas comunidades , assim como a implanta\u00e7\u00e3o do Fundo Rotativo Solid\u00e1rio (FRS) para a Rede de jovens ligados \u00e0s comunidades que ser\u00e1 gerido por representantes dessas juventudes.<a href=\"http:\/\/www.caritasne2.org.br\/projeto-fomenta-protagonismo-juvenil-em-comunidades-rurais-de-pernambuco\/5-7\/\" rel=\"attachment wp-att-8235\"><img decoding=\"async\" loading=\"lazy\" class=\"aligncenter wp-image-8235\" src=\"http:\/\/www.caritasne2.org.br\/wp-content\/uploads\/2021\/07\/5.png\" alt=\"\" width=\"412\" height=\"245\" \/><\/a><\/p>\n<p style=\"text-align: justify;\"><a href=\"http:\/\/www.caritasne2.org.br\/projeto-fomenta-protagonismo-juvenil-em-comunidades-rurais-de-pernambuco\/3-11\/\" rel=\"attachment wp-att-8233\"><img decoding=\"async\" loading=\"lazy\" class=\"aligncenter wp-image-8233\" src=\"http:\/\/www.caritasne2.org.br\/wp-content\/uploads\/2021\/07\/3.png\" alt=\"\" width=\"432\" height=\"194\" \/><\/a><\/p>\n<p style=\"text-align: justify;\">\n<ul class=\"ssb_list_wrapper\"><li class=\"fb2\" style=\"width:135px\"><iframe src=\"\/\/www.facebook.com\/plugins\/like.php?href=https%3A%2F%2Fwww.caritasne2.org.br%2Fsite%2Fprojeto-fomenta-protagonismo-juvenil-em-comunidades-rurais-de-pernambuco%2F&amp;layout=button_count&amp;action=like&amp;show_faces=false&amp;share=true&amp;width=135&amp;height=21&amp;appId=307091639398582\" scrolling=\"no\" frameborder=\"0\" style=\"border:none; overflow:hidden;  width:150px; height:21px;\" allowTransparency=\"true\"><\/iframe><\/li><li class=\"twtr\" style=\"width:90px\"><a href=\"https:\/\/twitter.com\/share\" class=\"twitter-share-button\" data-url=\"https:\/\/www.caritasne2.org.br\/site\/projeto-fomenta-protagonismo-juvenil-em-comunidades-rurais-de-pernambuco\/\">&nbsp;<\/a><script>!function(d,s,id){var js,fjs=d.getElementsByTagName(s)[0],p=\/^http:\/.test(d.location)?'http':'https';if(!d.getElementById(id)){js=d.createElement(s);js.id=id;js.src=p+':\/\/platform.twitter.com\/widgets.js';fjs.parentNode.insertBefore(js,fjs);}}(document, 'script', 'twitter-wjs');<\/script><\/li><li class=\"gplus\" style=\"width:68px\"><div class=\"g-plusone\" data-size=\"medium\" data-href=\"https:\/\/www.caritasne2.org.br\/site\/projeto-fomenta-protagonismo-juvenil-em-comunidades-rurais-de-pernambuco\/\"><\/div><\/li><li class=\"ssb_linkedin\" style=\"width:64px\"><script src=\"\/\/platform.linkedin.com\/in.js\" type=\"text\/javascript\">lang: en_US<\/script><script type=\"IN\/Share\" data-url=\"https:\/\/www.caritasne2.org.br\/site\/projeto-fomenta-protagonismo-juvenil-em-comunidades-rurais-de-pernambuco\/\" data-counter=\"right\"><\/script><\/li><\/ul>","protected":false},"excerpt":{"rendered":"<p>Ao todo, ser\u00e3o mais de 80 jovens envolvidos em forma\u00e7\u00f5es sobre\u00a0mudan\u00e7as clim\u00e1ticas, produ\u00e7\u00e3o sustent\u00e1vel e comercializa\u00e7\u00e3o justa e solid\u00e1ria Com o objetivo de construir estrat\u00e9gias que\u00a0buscam fortalecer e visibilizar as atividades nas comunidades atendidas pela C\u00e1ritas Regional NE2, est\u00e3o em curso reuni\u00f5es e oficinas formativas, online, e presenciais, seguindo os devidos protocolos de seguran\u00e7a e distanciamento, com cerca de 80 jovens das comunidades quilombolas de [&hellip;]<\/p>\n<ul class=\"ssb_list_wrapper\"><li class=\"fb2\" style=\"width:135px\"><iframe src=\"\/\/www.facebook.com\/plugins\/like.php?href=https%3A%2F%2Fwww.caritasne2.org.br%2Fsite%2Fprojeto-fomenta-protagonismo-juvenil-em-comunidades-rurais-de-pernambuco%2F&amp;layout=button_count&amp;action=like&amp;show_faces=false&amp;share=true&amp;width=135&amp;height=21&amp;appId=307091639398582\" scrolling=\"no\" frameborder=\"0\" style=\"border:none; overflow:hidden;  width:150px; height:21px;\" allowTransparency=\"true\"><\/iframe><\/li><li class=\"twtr\" style=\"width:90px\"><a href=\"https:\/\/twitter.com\/share\" class=\"twitter-share-button\" data-url=\"https:\/\/www.caritasne2.org.br\/site\/projeto-fomenta-protagonismo-juvenil-em-comunidades-rurais-de-pernambuco\/\">&nbsp;<\/a><script>!function(d,s,id){var js,fjs=d.getElementsByTagName(s)[0],p=\/^http:\/.test(d.location)?'http':'https';if(!d.getElementById(id)){js=d.createElement(s);js.id=id;js.src=p+':\/\/platform.twitter.com\/widgets.js';fjs.parentNode.insertBefore(js,fjs);}}(document, 'script', 'twitter-wjs');<\/script><\/li><li class=\"gplus\" style=\"width:68px\"><div class=\"g-plusone\" data-size=\"medium\" data-href=\"https:\/\/www.caritasne2.org.br\/site\/projeto-fomenta-protagonismo-juvenil-em-comunidades-rurais-de-pernambuco\/\"><\/div><\/li><li class=\"ssb_linkedin\" style=\"width:64px\"><script src=\"\/\/platform.linkedin.com\/in.js\" type=\"text\/javascript\">lang: en_US<\/script><script type=\"IN\/Share\" data-url=\"https:\/\/www.caritasne2.org.br\/site\/projeto-fomenta-protagonismo-juvenil-em-comunidades-rurais-de-pernambuco\/\" data-counter=\"right\"><\/script><\/li><\/ul>","protected":false},"author":4,"featured_media":8245,"comment_status":"open","ping_status":"open","sticky":false,"template":"","format":"standard","meta":[],"categories":[21,20],"tags":[],"_links":{"self":[{"href":"https:\/\/www.caritasne2.org.br\/site\/wp-json\/wp\/v2\/posts\/8242"}],"collection":[{"href":"https:\/\/www.caritasne2.org.br\/site\/wp-json\/wp\/v2\/posts"}],"about":[{"href":"https:\/\/www.caritasne2.org.br\/site\/wp-json\/wp\/v2\/types\/post"}],"author":[{"embeddable":true,"href":"https:\/\/www.caritasne2.org.br\/site\/wp-json\/wp\/v2\/users\/4"}],"replies":[{"embeddable":true,"href":"https:\/\/www.caritasne2.org.br\/site\/wp-json\/wp\/v2\/comments?post=8242"}],"version-history":[{"count":1,"href":"https:\/\/www.caritasne2.org.br\/site\/wp-json\/wp\/v2\/posts\/8242\/revisions"}],"predecessor-version":[{"id":10534,"href":"https:\/\/www.caritasne2.org.br\/site\/wp-json\/wp\/v2\/posts\/8242\/revisions\/10534"}],"wp:featuredmedia":[{"embeddable":true,"href":"https:\/\/www.caritasne2.org.br\/site\/wp-json\/wp\/v2\/media\/8245"}],"wp:attachment":[{"href":"https:\/\/www.caritasne2.org.br\/site\/wp-json\/wp\/v2\/media?parent=8242"}],"wp:term":[{"taxonomy":"category","embeddable":true,"href":"https:\/\/www.caritasne2.org.br\/site\/wp-json\/wp\/v2\/categories?post=8242"},{"taxonomy":"post_tag","embeddable":true,"href":"https:\/\/www.caritasne2.org.br\/site\/wp-json\/wp\/v2\/tags?post=8242"}],"curies":[{"name":"wp","href":"https:\/\/api.w.org\/{rel}","templated":true}]}}