{"id":8215,"date":"2021-07-12T13:58:19","date_gmt":"2021-07-12T16:58:19","guid":{"rendered":"http:\/\/www.caritasne2.org.br\/?p=8215"},"modified":"2021-07-12T14:30:34","modified_gmt":"2021-07-12T17:30:34","slug":"6a-semana-social-brasileira-mobiliza-mutiroes-pela-vida-ate-2023-confira-o-manual-de-identidade-visual","status":"publish","type":"post","link":"https:\/\/www.caritasne2.org.br\/site\/6a-semana-social-brasileira-mobiliza-mutiroes-pela-vida-ate-2023-confira-o-manual-de-identidade-visual\/","title":{"rendered":"6\u00aa Semana Social Brasileira mobiliza mutir\u00f5es pela vida at\u00e9 2023"},"content":{"rendered":"<p style=\"text-align: justify;\">A 6\u00aaSSB, que, inicialmente planejou as a\u00e7\u00f5es presenciais entre 2020 e 2022, teve que\u00a0 ampliar os processos dos \u201cMutir\u00f5es pela Vida\u201d at\u00e9 2023, devido \u00e0 crise gerada pela pandemia de covid-19, causada pelo novo coronav\u00edrus e outros aspectos sociopol\u00edticos. Isso implicou nos processos de metodologia e din\u00e2mica de forma\u00e7\u00f5es propostas pela 6\u00aaSSB no tema, Mutir\u00e3o pela Vida: Terra, Teto e Trabalho; assim como nos eixos estruturais: Economia, Democracia e Soberania.<\/p>\n<p style=\"text-align: justify;\">A iniciativa \u00e9 inspirada pelos di\u00e1logos do Papa Francisco com os movimentos populares na luta por Terra, Teto e Trabalho. As a\u00e7\u00f5es visam discutir, entender e sugerir solu\u00e7\u00f5es para quest\u00f5es sociais, em especial, dos setores exclu\u00eddos e marginalizados pela sociedade, a partir dos eixos democracia, soberania e economia.<\/p>\n<p style=\"text-align: justify;\">Neste sentido a Comiss\u00e3o Regional Pastoral para a A\u00e7\u00e3o Sociotransformadora da CNBB NE2 , e a\u00a0 Confer\u00eancia Nacional dos Bispos do Brasil (CNBB NE2) em parceria com a C\u00e1ritas Regional NE2 e Misereor motivam nas Dioceses e Arquidioceses no estado de Pernambuco\u00a0 semin\u00e1rios e rodas de conversa alusivas a iniciativa.<\/p>\n<p style=\"text-align: justify;\">A C\u00e1ritas Brasileira NE2 preparou um material de comunica\u00e7\u00e3o para que as Pascom da Dioceses e Arquidioceses possam ampliar a divulga\u00e7\u00e3o da 6\u00aa SSB em seu munic\u00edpio. Saiba mais clicando\u00a0<a href=\"http:\/\/www.caritasne2.org.br\/wp-content\/uploads\/2021\/07\/Manual-6\u00aa-Semana-Social-Brasileira-NE2-1.pdf\">aqui<\/a><\/p>\n<ul class=\"ssb_list_wrapper\"><li class=\"fb2\" style=\"width:135px\"><iframe src=\"\/\/www.facebook.com\/plugins\/like.php?href=https%3A%2F%2Fwww.caritasne2.org.br%2Fsite%2F6a-semana-social-brasileira-mobiliza-mutiroes-pela-vida-ate-2023-confira-o-manual-de-identidade-visual%2F&amp;layout=button_count&amp;action=like&amp;show_faces=false&amp;share=true&amp;width=135&amp;height=21&amp;appId=307091639398582\" scrolling=\"no\" frameborder=\"0\" style=\"border:none; overflow:hidden;  width:150px; height:21px;\" allowTransparency=\"true\"><\/iframe><\/li><li class=\"twtr\" style=\"width:90px\"><a href=\"https:\/\/twitter.com\/share\" class=\"twitter-share-button\" data-url=\"https:\/\/www.caritasne2.org.br\/site\/6a-semana-social-brasileira-mobiliza-mutiroes-pela-vida-ate-2023-confira-o-manual-de-identidade-visual\/\">&nbsp;<\/a><script>!function(d,s,id){var js,fjs=d.getElementsByTagName(s)[0],p=\/^http:\/.test(d.location)?'http':'https';if(!d.getElementById(id)){js=d.createElement(s);js.id=id;js.src=p+':\/\/platform.twitter.com\/widgets.js';fjs.parentNode.insertBefore(js,fjs);}}(document, 'script', 'twitter-wjs');<\/script><\/li><li class=\"gplus\" style=\"width:68px\"><div class=\"g-plusone\" data-size=\"medium\" data-href=\"https:\/\/www.caritasne2.org.br\/site\/6a-semana-social-brasileira-mobiliza-mutiroes-pela-vida-ate-2023-confira-o-manual-de-identidade-visual\/\"><\/div><\/li><li class=\"ssb_linkedin\" style=\"width:64px\"><script src=\"\/\/platform.linkedin.com\/in.js\" type=\"text\/javascript\">lang: en_US<\/script><script type=\"IN\/Share\" data-url=\"https:\/\/www.caritasne2.org.br\/site\/6a-semana-social-brasileira-mobiliza-mutiroes-pela-vida-ate-2023-confira-o-manual-de-identidade-visual\/\" data-counter=\"right\"><\/script><\/li><\/ul>","protected":false},"excerpt":{"rendered":"<p>A 6\u00aaSSB, que, inicialmente planejou as a\u00e7\u00f5es presenciais entre 2020 e 2022, teve que\u00a0 ampliar os processos dos \u201cMutir\u00f5es pela Vida\u201d at\u00e9 2023, devido \u00e0 crise gerada pela pandemia de covid-19, causada pelo novo coronav\u00edrus e outros aspectos sociopol\u00edticos. Isso implicou nos processos de metodologia e din\u00e2mica de forma\u00e7\u00f5es propostas pela 6\u00aaSSB no tema, Mutir\u00e3o pela Vida: Terra, Teto e Trabalho; assim como nos eixos [&hellip;]<\/p>\n<ul class=\"ssb_list_wrapper\"><li class=\"fb2\" style=\"width:135px\"><iframe src=\"\/\/www.facebook.com\/plugins\/like.php?href=https%3A%2F%2Fwww.caritasne2.org.br%2Fsite%2F6a-semana-social-brasileira-mobiliza-mutiroes-pela-vida-ate-2023-confira-o-manual-de-identidade-visual%2F&amp;layout=button_count&amp;action=like&amp;show_faces=false&amp;share=true&amp;width=135&amp;height=21&amp;appId=307091639398582\" scrolling=\"no\" frameborder=\"0\" style=\"border:none; overflow:hidden;  width:150px; height:21px;\" allowTransparency=\"true\"><\/iframe><\/li><li class=\"twtr\" style=\"width:90px\"><a href=\"https:\/\/twitter.com\/share\" class=\"twitter-share-button\" data-url=\"https:\/\/www.caritasne2.org.br\/site\/6a-semana-social-brasileira-mobiliza-mutiroes-pela-vida-ate-2023-confira-o-manual-de-identidade-visual\/\">&nbsp;<\/a><script>!function(d,s,id){var js,fjs=d.getElementsByTagName(s)[0],p=\/^http:\/.test(d.location)?'http':'https';if(!d.getElementById(id)){js=d.createElement(s);js.id=id;js.src=p+':\/\/platform.twitter.com\/widgets.js';fjs.parentNode.insertBefore(js,fjs);}}(document, 'script', 'twitter-wjs');<\/script><\/li><li class=\"gplus\" style=\"width:68px\"><div class=\"g-plusone\" data-size=\"medium\" data-href=\"https:\/\/www.caritasne2.org.br\/site\/6a-semana-social-brasileira-mobiliza-mutiroes-pela-vida-ate-2023-confira-o-manual-de-identidade-visual\/\"><\/div><\/li><li class=\"ssb_linkedin\" style=\"width:64px\"><script src=\"\/\/platform.linkedin.com\/in.js\" type=\"text\/javascript\">lang: en_US<\/script><script type=\"IN\/Share\" data-url=\"https:\/\/www.caritasne2.org.br\/site\/6a-semana-social-brasileira-mobiliza-mutiroes-pela-vida-ate-2023-confira-o-manual-de-identidade-visual\/\" data-counter=\"right\"><\/script><\/li><\/ul>","protected":false},"author":4,"featured_media":8220,"comment_status":"open","ping_status":"open","sticky":false,"template":"","format":"standard","meta":[],"categories":[21,20],"tags":[],"_links":{"self":[{"href":"https:\/\/www.caritasne2.org.br\/site\/wp-json\/wp\/v2\/posts\/8215"}],"collection":[{"href":"https:\/\/www.caritasne2.org.br\/site\/wp-json\/wp\/v2\/posts"}],"about":[{"href":"https:\/\/www.caritasne2.org.br\/site\/wp-json\/wp\/v2\/types\/post"}],"author":[{"embeddable":true,"href":"https:\/\/www.caritasne2.org.br\/site\/wp-json\/wp\/v2\/users\/4"}],"replies":[{"embeddable":true,"href":"https:\/\/www.caritasne2.org.br\/site\/wp-json\/wp\/v2\/comments?post=8215"}],"version-history":[{"count":0,"href":"https:\/\/www.caritasne2.org.br\/site\/wp-json\/wp\/v2\/posts\/8215\/revisions"}],"wp:featuredmedia":[{"embeddable":true,"href":"https:\/\/www.caritasne2.org.br\/site\/wp-json\/wp\/v2\/media\/8220"}],"wp:attachment":[{"href":"https:\/\/www.caritasne2.org.br\/site\/wp-json\/wp\/v2\/media?parent=8215"}],"wp:term":[{"taxonomy":"category","embeddable":true,"href":"https:\/\/www.caritasne2.org.br\/site\/wp-json\/wp\/v2\/categories?post=8215"},{"taxonomy":"post_tag","embeddable":true,"href":"https:\/\/www.caritasne2.org.br\/site\/wp-json\/wp\/v2\/tags?post=8215"}],"curies":[{"name":"wp","href":"https:\/\/api.w.org\/{rel}","templated":true}]}}