{"id":8209,"date":"2021-07-09T12:57:28","date_gmt":"2021-07-09T15:57:28","guid":{"rendered":"http:\/\/www.caritasne2.org.br\/?p=8209"},"modified":"2021-07-09T12:57:40","modified_gmt":"2021-07-09T15:57:40","slug":"caritas-diocesana-de-pesqueira-promove-seminario-sobre-gestao-comunitaria-e-saneamento-rural","status":"publish","type":"post","link":"https:\/\/www.caritasne2.org.br\/site\/caritas-diocesana-de-pesqueira-promove-seminario-sobre-gestao-comunitaria-e-saneamento-rural\/","title":{"rendered":"C\u00e1ritas Diocesana de Pesqueira promove Semin\u00e1rio sobre Gest\u00e3o Comunit\u00e1ria e Saneamento Rural"},"content":{"rendered":"<p>No dia 30 de junho, a C\u00e1ritas Diocesana de Pesqueira realizou o \u201cSemin\u00e1rio Virtual de Gest\u00e3o Comunit\u00e1ria de \u00c1gua e a Incid\u00eancia Pol\u00edtica da Sociedade Civil na constru\u00e7\u00e3o do debate sobre Saneamento Rural em Pernambuco\u201d. O momento teve como objetivo, discutir a import\u00e2ncia da implanta\u00e7\u00e3o de sistemas comunit\u00e1rios de abastecimento d\u2019\u00e1gua em comunidades rurais, e como eles, transformam a realidade das fam\u00edlias atendidas.<\/p>\n<p>Na programa\u00e7\u00e3o, a secret\u00e1ria executiva da C\u00e1ritas Diocesana de Pesqueira, Magna Pollyana, apresentou a experi\u00eancia da institui\u00e7\u00e3o na tem\u00e1tica e o seu modelo de autogest\u00e3o, atrav\u00e9s do projeto \u201cGest\u00e3o Comunit\u00e1ria de Sistemas de Abastecimento D\u2019\u00e1gua\u201d que j\u00e1 implantou dois sistemas comunit\u00e1rios e atende a demanda de mais de 800 pessoas, de sete comunidades rurais da cidade de Bu\u00edque, em parceria com a Alian\u00e7a \u00c1gua + Acesso. Al\u00e9m disto, atualmente o projeto est\u00e1 implantando mais dois outros sistemas\u00a0de abastecimento, que beneficiar\u00e1 65 fam\u00edlias, em duas comunidades rurais.<\/p>\n<p>\u201cCompartilhar saberes com outras comunidades e organiza\u00e7\u00f5es que desenvolvem a\u00e7\u00f5es voltadas para o acesso descentralizado \u00e0 \u00e1gua dentro e fora do estado de Pernambuco \u00e9 estimular a organiza\u00e7\u00e3o da popula\u00e7\u00e3o rural. Somando for\u00e7a para promover espa\u00e7os de discuss\u00e3o, gest\u00e3o e controle social, na perspectiva de sensibilizar \u00f3rg\u00e3os competentes e\u00a0 demais esferas da sociedade, a terem um olhar voltado para a falta de saneamento b\u00e1sico enfrentada pela popula\u00e7\u00e3o rural\u201d, relatou o integrante da coordena\u00e7\u00e3o colegiada da C\u00e1ritas, Francim\u00e1rio Gomes.<\/p>\n<p>Na sequ\u00eancia, outros convidados tamb\u00e9m debateram sobre o tema. Entre eles, a secret\u00e1ria regional da C\u00e1ritas Brasileira Nordeste 2, Neilda Pereira, que falou sobre a luta da C\u00e1ritas pela democratiza\u00e7\u00e3o do acesso \u00e0 \u00e1gua no semi\u00e1rido pernambucano ao longo dos anos. Representando a Funda\u00e7\u00e3o Avina, Fernanda Ferreira, apresentou dados e informa\u00e7\u00f5es sobre a gest\u00e3o comunit\u00e1ria de \u00e1gua enquanto estrat\u00e9gias que contribuem para o fortalecimento do saneamento rural. Al\u00e9m destas convidadas, os representantes do\u00a0Sistema Integrado de Saneamento Rural (Sisar) da regi\u00e3o Moxot\u00f3, S\u00e9rgio Murilo e Eduarda Carvalho, falaram sobre o Programa de Saneamento Rural de Pernambuco, bem como a atua\u00e7\u00e3o e os pr\u00f3ximos passos do Sisar, na regi\u00e3o.<\/p>\n<p>Participaram desse encontro, a secret\u00e1ria de Infraestrutura e Recursos H\u00eddricos do Estado (Seinfra), Fernandha Batista; o prefeito da cidade de Bu\u00edque, Arquimedes Valen\u00e7a; as secretarias municipais de agricultura e da mulher de Bu\u00edque; a Associa\u00e7\u00e3o Municipal de Gestoras e Gestores Comunit\u00e1rios de Sistemas de Abastecimento de \u00c1gua de Bu\u00edque (AGESABE); agentes da rede C\u00e1ritas Regional NE2; representantes da sociedade civil; organiza\u00e7\u00f5es; associa\u00e7\u00f5es; representa\u00e7\u00f5es do poder legislativo; e entre outros.<\/p>\n<p><i>Texto e fotos<\/i><em>: Ascom da C\u00e1ritas Diocesana de Pesqueira<\/em><\/p>\n<p>&nbsp;<\/p>\n<p><a href=\"http:\/\/www.caritasne2.org.br\/caritas-diocesana-de-pesqueira-promove-seminario-sobre-gestao-comunitaria-e-saneamento-rural\/whatsapp-image-2021-07-02-at-17-35-03-1\/\" rel=\"attachment wp-att-8210\"><img decoding=\"async\" loading=\"lazy\" class=\"aligncenter wp-image-8210\" src=\"http:\/\/www.caritasne2.org.br\/wp-content\/uploads\/2021\/07\/WhatsApp-Image-2021-07-02-at-17.35.03-1.jpeg\" alt=\"\" width=\"701\" height=\"485\" srcset=\"https:\/\/www.caritasne2.org.br\/site\/wp-content\/uploads\/2021\/07\/WhatsApp-Image-2021-07-02-at-17.35.03-1.jpeg 1054w, https:\/\/www.caritasne2.org.br\/site\/wp-content\/uploads\/2021\/07\/WhatsApp-Image-2021-07-02-at-17.35.03-1-300x207.jpeg 300w, https:\/\/www.caritasne2.org.br\/site\/wp-content\/uploads\/2021\/07\/WhatsApp-Image-2021-07-02-at-17.35.03-1-768x530.jpeg 768w, https:\/\/www.caritasne2.org.br\/site\/wp-content\/uploads\/2021\/07\/WhatsApp-Image-2021-07-02-at-17.35.03-1-1024x707.jpeg 1024w\" sizes=\"(max-width: 701px) 100vw, 701px\" \/><\/a><\/p>\n<p><a href=\"http:\/\/www.caritasne2.org.br\/caritas-diocesana-de-pesqueira-promove-seminario-sobre-gestao-comunitaria-e-saneamento-rural\/whatsapp-image-2021-07-02-at-17-35-03\/\" rel=\"attachment wp-att-8211\"><img decoding=\"async\" loading=\"lazy\" class=\"aligncenter wp-image-8211\" src=\"http:\/\/www.caritasne2.org.br\/wp-content\/uploads\/2021\/07\/WhatsApp-Image-2021-07-02-at-17.35.03.jpeg\" alt=\"\" width=\"697\" height=\"483\" srcset=\"https:\/\/www.caritasne2.org.br\/site\/wp-content\/uploads\/2021\/07\/WhatsApp-Image-2021-07-02-at-17.35.03.jpeg 1051w, https:\/\/www.caritasne2.org.br\/site\/wp-content\/uploads\/2021\/07\/WhatsApp-Image-2021-07-02-at-17.35.03-300x208.jpeg 300w, https:\/\/www.caritasne2.org.br\/site\/wp-content\/uploads\/2021\/07\/WhatsApp-Image-2021-07-02-at-17.35.03-768x532.jpeg 768w, https:\/\/www.caritasne2.org.br\/site\/wp-content\/uploads\/2021\/07\/WhatsApp-Image-2021-07-02-at-17.35.03-1024x709.jpeg 1024w\" sizes=\"(max-width: 697px) 100vw, 697px\" \/><\/a><\/p>\n<ul class=\"ssb_list_wrapper\"><li class=\"fb2\" style=\"width:135px\"><iframe src=\"\/\/www.facebook.com\/plugins\/like.php?href=https%3A%2F%2Fwww.caritasne2.org.br%2Fsite%2Fcaritas-diocesana-de-pesqueira-promove-seminario-sobre-gestao-comunitaria-e-saneamento-rural%2F&amp;layout=button_count&amp;action=like&amp;show_faces=false&amp;share=true&amp;width=135&amp;height=21&amp;appId=307091639398582\" scrolling=\"no\" frameborder=\"0\" style=\"border:none; overflow:hidden;  width:150px; height:21px;\" allowTransparency=\"true\"><\/iframe><\/li><li class=\"twtr\" style=\"width:90px\"><a href=\"https:\/\/twitter.com\/share\" class=\"twitter-share-button\" data-url=\"https:\/\/www.caritasne2.org.br\/site\/caritas-diocesana-de-pesqueira-promove-seminario-sobre-gestao-comunitaria-e-saneamento-rural\/\">&nbsp;<\/a><script>!function(d,s,id){var js,fjs=d.getElementsByTagName(s)[0],p=\/^http:\/.test(d.location)?'http':'https';if(!d.getElementById(id)){js=d.createElement(s);js.id=id;js.src=p+':\/\/platform.twitter.com\/widgets.js';fjs.parentNode.insertBefore(js,fjs);}}(document, 'script', 'twitter-wjs');<\/script><\/li><li class=\"gplus\" style=\"width:68px\"><div class=\"g-plusone\" data-size=\"medium\" data-href=\"https:\/\/www.caritasne2.org.br\/site\/caritas-diocesana-de-pesqueira-promove-seminario-sobre-gestao-comunitaria-e-saneamento-rural\/\"><\/div><\/li><li class=\"ssb_linkedin\" style=\"width:64px\"><script src=\"\/\/platform.linkedin.com\/in.js\" type=\"text\/javascript\">lang: en_US<\/script><script type=\"IN\/Share\" data-url=\"https:\/\/www.caritasne2.org.br\/site\/caritas-diocesana-de-pesqueira-promove-seminario-sobre-gestao-comunitaria-e-saneamento-rural\/\" data-counter=\"right\"><\/script><\/li><\/ul>","protected":false},"excerpt":{"rendered":"<p>No dia 30 de junho, a C\u00e1ritas Diocesana de Pesqueira realizou o \u201cSemin\u00e1rio Virtual de Gest\u00e3o Comunit\u00e1ria de \u00c1gua e a Incid\u00eancia Pol\u00edtica da Sociedade Civil na constru\u00e7\u00e3o do debate sobre Saneamento Rural em Pernambuco\u201d. O momento teve como objetivo, discutir a import\u00e2ncia da implanta\u00e7\u00e3o de sistemas comunit\u00e1rios de abastecimento d\u2019\u00e1gua em comunidades rurais, e como eles, transformam a realidade das fam\u00edlias atendidas. Na programa\u00e7\u00e3o, [&hellip;]<\/p>\n<ul class=\"ssb_list_wrapper\"><li class=\"fb2\" style=\"width:135px\"><iframe src=\"\/\/www.facebook.com\/plugins\/like.php?href=https%3A%2F%2Fwww.caritasne2.org.br%2Fsite%2Fcaritas-diocesana-de-pesqueira-promove-seminario-sobre-gestao-comunitaria-e-saneamento-rural%2F&amp;layout=button_count&amp;action=like&amp;show_faces=false&amp;share=true&amp;width=135&amp;height=21&amp;appId=307091639398582\" scrolling=\"no\" frameborder=\"0\" style=\"border:none; overflow:hidden;  width:150px; height:21px;\" allowTransparency=\"true\"><\/iframe><\/li><li class=\"twtr\" style=\"width:90px\"><a href=\"https:\/\/twitter.com\/share\" class=\"twitter-share-button\" data-url=\"https:\/\/www.caritasne2.org.br\/site\/caritas-diocesana-de-pesqueira-promove-seminario-sobre-gestao-comunitaria-e-saneamento-rural\/\">&nbsp;<\/a><script>!function(d,s,id){var js,fjs=d.getElementsByTagName(s)[0],p=\/^http:\/.test(d.location)?'http':'https';if(!d.getElementById(id)){js=d.createElement(s);js.id=id;js.src=p+':\/\/platform.twitter.com\/widgets.js';fjs.parentNode.insertBefore(js,fjs);}}(document, 'script', 'twitter-wjs');<\/script><\/li><li class=\"gplus\" style=\"width:68px\"><div class=\"g-plusone\" data-size=\"medium\" data-href=\"https:\/\/www.caritasne2.org.br\/site\/caritas-diocesana-de-pesqueira-promove-seminario-sobre-gestao-comunitaria-e-saneamento-rural\/\"><\/div><\/li><li class=\"ssb_linkedin\" style=\"width:64px\"><script src=\"\/\/platform.linkedin.com\/in.js\" type=\"text\/javascript\">lang: en_US<\/script><script type=\"IN\/Share\" data-url=\"https:\/\/www.caritasne2.org.br\/site\/caritas-diocesana-de-pesqueira-promove-seminario-sobre-gestao-comunitaria-e-saneamento-rural\/\" data-counter=\"right\"><\/script><\/li><\/ul>","protected":false},"author":4,"featured_media":8212,"comment_status":"open","ping_status":"open","sticky":false,"template":"","format":"standard","meta":[],"categories":[21,20],"tags":[],"_links":{"self":[{"href":"https:\/\/www.caritasne2.org.br\/site\/wp-json\/wp\/v2\/posts\/8209"}],"collection":[{"href":"https:\/\/www.caritasne2.org.br\/site\/wp-json\/wp\/v2\/posts"}],"about":[{"href":"https:\/\/www.caritasne2.org.br\/site\/wp-json\/wp\/v2\/types\/post"}],"author":[{"embeddable":true,"href":"https:\/\/www.caritasne2.org.br\/site\/wp-json\/wp\/v2\/users\/4"}],"replies":[{"embeddable":true,"href":"https:\/\/www.caritasne2.org.br\/site\/wp-json\/wp\/v2\/comments?post=8209"}],"version-history":[{"count":0,"href":"https:\/\/www.caritasne2.org.br\/site\/wp-json\/wp\/v2\/posts\/8209\/revisions"}],"wp:featuredmedia":[{"embeddable":true,"href":"https:\/\/www.caritasne2.org.br\/site\/wp-json\/wp\/v2\/media\/8212"}],"wp:attachment":[{"href":"https:\/\/www.caritasne2.org.br\/site\/wp-json\/wp\/v2\/media?parent=8209"}],"wp:term":[{"taxonomy":"category","embeddable":true,"href":"https:\/\/www.caritasne2.org.br\/site\/wp-json\/wp\/v2\/categories?post=8209"},{"taxonomy":"post_tag","embeddable":true,"href":"https:\/\/www.caritasne2.org.br\/site\/wp-json\/wp\/v2\/tags?post=8209"}],"curies":[{"name":"wp","href":"https:\/\/api.w.org\/{rel}","templated":true}]}}