{"id":8198,"date":"2021-07-01T13:55:04","date_gmt":"2021-07-01T16:55:04","guid":{"rendered":"http:\/\/www.caritasne2.org.br\/?p=8198"},"modified":"2021-07-01T13:55:04","modified_gmt":"2021-07-01T16:55:04","slug":"caritas-suica-cach-lanca-edital-de-selecao-para-contratacao-de-consultoria-em-projeto-de-acao-humanitaria","status":"publish","type":"post","link":"https:\/\/www.caritasne2.org.br\/site\/caritas-suica-cach-lanca-edital-de-selecao-para-contratacao-de-consultoria-em-projeto-de-acao-humanitaria\/","title":{"rendered":"C\u00e1ritas Sui\u00e7a (CACH) lan\u00e7a edital de sele\u00e7\u00e3o para contrata\u00e7\u00e3o de consultoria  em projeto de a\u00e7\u00e3o humanit\u00e1ria"},"content":{"rendered":"<p style=\"text-align: justify;\"><span style=\"font-family: 'Georgia',serif; color: #333333;\">A C\u00e1ritas Sui\u00e7a abre processo seletivo para contrata\u00e7\u00e3o de prestador (a) de servi\u00e7o de um (a) consultor(a) com experi\u00eancia em monitoramento e avalia\u00e7\u00e3o para realiza\u00e7\u00e3o das a\u00e7\u00f5es no \u00e2mbito do projeto \u201cProte\u00e7\u00e3o, Preven\u00e7\u00e3o e Resili\u00eancia da COVID-19 no Norte do Brasil\u201d, pelo per\u00edodo de 01 m\u00eas ( julho a agosto de 2021).<\/span><\/p>\n<p style=\"font-variant-ligatures: normal; font-variant-caps: normal; orphans: 2; text-align: justify; widows: 2; -webkit-text-stroke-width: 0px; text-decoration-thickness: initial; text-decoration-style: initial; text-decoration-color: initial; word-spacing: 0px;\"><span style=\"font-family: 'Georgia',serif; color: #333333;\">O projeto busca promover a preven\u00e7\u00e3o da COVID-19 entre refugiados e migrantes vulner\u00e1veis, povos ind\u00edgenas e comunidades de acolhida no Norte do Brasil, nos estados do Acre, Amazonas e Roraima e pretende alcan\u00e7ar 5.000 fam\u00edlias.<\/span><\/p>\n<p style=\"font-variant-ligatures: normal; font-variant-caps: normal; orphans: 2; text-align: justify; widows: 2; -webkit-text-stroke-width: 0px; text-decoration-thickness: initial; text-decoration-style: initial; text-decoration-color: initial; word-spacing: 0px;\"><span style=\"font-family: 'Georgia',serif; color: #333333;\">O prazo para apresenta\u00e7\u00e3o de propostas encerra em 16 de julho de 2021. A contrata\u00e7\u00e3o da pessoa selecionada \u00e9 mediante a aprova\u00e7\u00e3o do projeto.<\/span><\/p>\n<p style=\"font-variant-ligatures: normal; font-variant-caps: normal; orphans: 2; text-align: justify; widows: 2; -webkit-text-stroke-width: 0px; text-decoration-thickness: initial; text-decoration-style: initial; text-decoration-color: initial; word-spacing: 0px;\"><span style=\"font-family: 'Georgia',serif; color: #333333;\">Confira o edital completo <a href=\"http:\/\/www.caritasne2.org.br\/wp-content\/uploads\/2021\/07\/Consultoria-MEAL_C\u00e1ritas-Su\u00ed\u00e7a-1.pdf\">aqui.<\/a><\/span><\/p>\n<p><span style=\"font-family: 'Georgia',serif; color: #333333;\">\u00a0<\/span><\/p>\n<p><span style=\"font-family: 'Georgia',serif; color: #333333;\">Recife, 01 de julho de 2021.<br \/>\nComiss\u00e3o de Sele\u00e7\u00e3o<br \/>\nC\u00e1ritas Su\u00ed\u00e7a (CACH).<\/span><\/p>\n<ul class=\"ssb_list_wrapper\"><li class=\"fb2\" style=\"width:135px\"><iframe src=\"\/\/www.facebook.com\/plugins\/like.php?href=https%3A%2F%2Fwww.caritasne2.org.br%2Fsite%2Fcaritas-suica-cach-lanca-edital-de-selecao-para-contratacao-de-consultoria-em-projeto-de-acao-humanitaria%2F&amp;layout=button_count&amp;action=like&amp;show_faces=false&amp;share=true&amp;width=135&amp;height=21&amp;appId=307091639398582\" scrolling=\"no\" frameborder=\"0\" style=\"border:none; overflow:hidden;  width:150px; height:21px;\" allowTransparency=\"true\"><\/iframe><\/li><li class=\"twtr\" style=\"width:90px\"><a href=\"https:\/\/twitter.com\/share\" class=\"twitter-share-button\" data-url=\"https:\/\/www.caritasne2.org.br\/site\/caritas-suica-cach-lanca-edital-de-selecao-para-contratacao-de-consultoria-em-projeto-de-acao-humanitaria\/\">&nbsp;<\/a><script>!function(d,s,id){var js,fjs=d.getElementsByTagName(s)[0],p=\/^http:\/.test(d.location)?'http':'https';if(!d.getElementById(id)){js=d.createElement(s);js.id=id;js.src=p+':\/\/platform.twitter.com\/widgets.js';fjs.parentNode.insertBefore(js,fjs);}}(document, 'script', 'twitter-wjs');<\/script><\/li><li class=\"gplus\" style=\"width:68px\"><div class=\"g-plusone\" data-size=\"medium\" data-href=\"https:\/\/www.caritasne2.org.br\/site\/caritas-suica-cach-lanca-edital-de-selecao-para-contratacao-de-consultoria-em-projeto-de-acao-humanitaria\/\"><\/div><\/li><li class=\"ssb_linkedin\" style=\"width:64px\"><script src=\"\/\/platform.linkedin.com\/in.js\" type=\"text\/javascript\">lang: en_US<\/script><script type=\"IN\/Share\" data-url=\"https:\/\/www.caritasne2.org.br\/site\/caritas-suica-cach-lanca-edital-de-selecao-para-contratacao-de-consultoria-em-projeto-de-acao-humanitaria\/\" data-counter=\"right\"><\/script><\/li><\/ul>","protected":false},"excerpt":{"rendered":"<p>A C\u00e1ritas Sui\u00e7a abre processo seletivo para contrata\u00e7\u00e3o de prestador (a) de servi\u00e7o de um (a) consultor(a) com experi\u00eancia em monitoramento e avalia\u00e7\u00e3o para realiza\u00e7\u00e3o das a\u00e7\u00f5es no \u00e2mbito do projeto \u201cProte\u00e7\u00e3o, Preven\u00e7\u00e3o e Resili\u00eancia da COVID-19 no Norte do Brasil\u201d, pelo per\u00edodo de 01 m\u00eas ( julho a agosto de 2021). O projeto busca promover a preven\u00e7\u00e3o da COVID-19 entre refugiados e migrantes vulner\u00e1veis, [&hellip;]<\/p>\n<ul class=\"ssb_list_wrapper\"><li class=\"fb2\" style=\"width:135px\"><iframe src=\"\/\/www.facebook.com\/plugins\/like.php?href=https%3A%2F%2Fwww.caritasne2.org.br%2Fsite%2Fcaritas-suica-cach-lanca-edital-de-selecao-para-contratacao-de-consultoria-em-projeto-de-acao-humanitaria%2F&amp;layout=button_count&amp;action=like&amp;show_faces=false&amp;share=true&amp;width=135&amp;height=21&amp;appId=307091639398582\" scrolling=\"no\" frameborder=\"0\" style=\"border:none; overflow:hidden;  width:150px; height:21px;\" allowTransparency=\"true\"><\/iframe><\/li><li class=\"twtr\" style=\"width:90px\"><a href=\"https:\/\/twitter.com\/share\" class=\"twitter-share-button\" data-url=\"https:\/\/www.caritasne2.org.br\/site\/caritas-suica-cach-lanca-edital-de-selecao-para-contratacao-de-consultoria-em-projeto-de-acao-humanitaria\/\">&nbsp;<\/a><script>!function(d,s,id){var js,fjs=d.getElementsByTagName(s)[0],p=\/^http:\/.test(d.location)?'http':'https';if(!d.getElementById(id)){js=d.createElement(s);js.id=id;js.src=p+':\/\/platform.twitter.com\/widgets.js';fjs.parentNode.insertBefore(js,fjs);}}(document, 'script', 'twitter-wjs');<\/script><\/li><li class=\"gplus\" style=\"width:68px\"><div class=\"g-plusone\" data-size=\"medium\" data-href=\"https:\/\/www.caritasne2.org.br\/site\/caritas-suica-cach-lanca-edital-de-selecao-para-contratacao-de-consultoria-em-projeto-de-acao-humanitaria\/\"><\/div><\/li><li class=\"ssb_linkedin\" style=\"width:64px\"><script src=\"\/\/platform.linkedin.com\/in.js\" type=\"text\/javascript\">lang: en_US<\/script><script type=\"IN\/Share\" data-url=\"https:\/\/www.caritasne2.org.br\/site\/caritas-suica-cach-lanca-edital-de-selecao-para-contratacao-de-consultoria-em-projeto-de-acao-humanitaria\/\" data-counter=\"right\"><\/script><\/li><\/ul>","protected":false},"author":4,"featured_media":8193,"comment_status":"open","ping_status":"open","sticky":false,"template":"","format":"standard","meta":[],"categories":[21,20],"tags":[],"_links":{"self":[{"href":"https:\/\/www.caritasne2.org.br\/site\/wp-json\/wp\/v2\/posts\/8198"}],"collection":[{"href":"https:\/\/www.caritasne2.org.br\/site\/wp-json\/wp\/v2\/posts"}],"about":[{"href":"https:\/\/www.caritasne2.org.br\/site\/wp-json\/wp\/v2\/types\/post"}],"author":[{"embeddable":true,"href":"https:\/\/www.caritasne2.org.br\/site\/wp-json\/wp\/v2\/users\/4"}],"replies":[{"embeddable":true,"href":"https:\/\/www.caritasne2.org.br\/site\/wp-json\/wp\/v2\/comments?post=8198"}],"version-history":[{"count":0,"href":"https:\/\/www.caritasne2.org.br\/site\/wp-json\/wp\/v2\/posts\/8198\/revisions"}],"wp:featuredmedia":[{"embeddable":true,"href":"https:\/\/www.caritasne2.org.br\/site\/wp-json\/wp\/v2\/media\/8193"}],"wp:attachment":[{"href":"https:\/\/www.caritasne2.org.br\/site\/wp-json\/wp\/v2\/media?parent=8198"}],"wp:term":[{"taxonomy":"category","embeddable":true,"href":"https:\/\/www.caritasne2.org.br\/site\/wp-json\/wp\/v2\/categories?post=8198"},{"taxonomy":"post_tag","embeddable":true,"href":"https:\/\/www.caritasne2.org.br\/site\/wp-json\/wp\/v2\/tags?post=8198"}],"curies":[{"name":"wp","href":"https:\/\/api.w.org\/{rel}","templated":true}]}}