{"id":8176,"date":"2021-06-29T08:58:46","date_gmt":"2021-06-29T11:58:46","guid":{"rendered":"http:\/\/www.caritasne2.org.br\/?p=8176"},"modified":"2021-06-29T08:58:47","modified_gmt":"2021-06-29T11:58:47","slug":"caritas-diocesana-de-caico-mobiliza-doacoes-e-entrega-fogao-novo-para-beneficiaria-de-unidade-demonstrativa-territorial-udt","status":"publish","type":"post","link":"https:\/\/www.caritasne2.org.br\/site\/caritas-diocesana-de-caico-mobiliza-doacoes-e-entrega-fogao-novo-para-beneficiaria-de-unidade-demonstrativa-territorial-udt\/","title":{"rendered":"C\u00e1ritas Diocesana de Caic\u00f3 mobiliza doa\u00e7\u00f5es e entrega fog\u00e3o novo para benefici\u00e1ria de Unidade Demonstrativa Territorial- UDT"},"content":{"rendered":"<p style=\"font-weight: 400; text-align: center;\"><em>A benefici\u00e1ria \u00e9 acompanhada pela entidade membro, e foi contemplada por um biodigestor atrav\u00e9s do Projeto Promo\u00e7\u00e3o e Defesa de Direitos na perspectiva da constru\u00e7\u00e3o de sociedades do Bem Viver em parceria com a institui\u00e7\u00e3o Misereor<\/em><\/p>\n<p style=\"font-weight: 400;\">\n<p style=\"font-weight: 400; text-align: justify;\">No dia 23 de junho, um gesto de solidariedade mudou a vida de\u00a0Adriana Dion\u00edsio Leonardo, agricultora familiar, chefe de fam\u00edlia, mulher negra e quilombola.\u00a0 Durante uma visita de acompanhamento dos agentes da C\u00e1ritas Diocesana de Caic\u00f3, no Rio Grande do Norte, para cumprir o cronograma de atividades do Projeto Promo\u00e7\u00e3o e Defesa de Direitos na perspectiva da constru\u00e7\u00e3o de sociedades do Bem Viver, em parceria com a institui\u00e7\u00e3o cat\u00f3lica alem\u00e3, Misereor\u00a0, a m\u00e3e de cinco meninas recebeu um fog\u00e3o novinho, fruto de doa\u00e7\u00f5es solid\u00e1rias, amigos e parceiros da entidade membro.<\/p>\n<p style=\"font-weight: 400; text-align: justify;\">A benefici\u00e1ria Adriana, faz parte do Grupo de Mulheres da Comunidade Macambira no munic\u00edpio de Lagoa Nova\/RN, e recentemente recebeu um biodigestor que faz parte do Projeto Promo\u00e7\u00e3o e Defesa de Direitos.\u00a0 Ap\u00f3s a constru\u00e7\u00e3o do biodigestor, foi realizada a encana\u00e7\u00e3o e instala\u00e7\u00e3o do g\u00e1s para o fog\u00e3o da resid\u00eancia, e foi constatado que o fog\u00e3o da benefici\u00e1ria era bastante antigo, com v\u00e1rios consertos, sendo necess\u00e1rio a substitui\u00e7\u00e3o. Como a fam\u00edlia n\u00e3o tinha condi\u00e7\u00f5es de comprar um fog\u00e3o novo substitu\u00edram apenas as bocas, o que se tornou um risco pois um vazamento poderia ser fatal.<\/p>\n<p style=\"font-weight: 400; text-align: justify;\">Diante da situa\u00e7\u00e3o, a equipe t\u00e9cnica da C\u00e1ritas Diocesana ficou bastante aflita, e assim, iniciaram uma campanha solid\u00e1ria entre os agentes da pr\u00f3pria entidade, amigos e popula\u00e7\u00e3o em geral, para conseguir recurso para aquisi\u00e7\u00e3o de um fog\u00e3o novo para a fam\u00edlia.<\/p>\n<p style=\"font-weight: 400; text-align: justify;\">\u201cConseguimos a aquisi\u00e7\u00e3o do fog\u00e3o e no dia da visita realizamos a entrega. Um momento muito emocionante para\u00a0 Adriana e para os t\u00e9cnicos que realizaram a entrega. Ela parecia n\u00e3o acreditar no presente que tantas m\u00e3os contribu\u00edram para compra do utens\u00edlio de essencial utilidade em sua cozinha para o preparo dos alimentos de forma segura para si e suas crian\u00e7as\u201d, declara Silvana Azevedo, educadora social, e Paulo Ambr\u00f3sio J\u00fanior, gestor ambiental, ambos t\u00e9cnicos da C\u00e1ritas Diocesana de Caic\u00f3.<\/p>\n<p style=\"font-weight: 400; text-align: justify;\">A equipe ainda descreveu a emo\u00e7\u00e3o e o impacto que a a\u00e7\u00e3o trouxe sobre suas vidas ao realizar um ato t\u00e3o simb\u00f3lico \u201cPara n\u00f3s t\u00e9cnicos foi emocionante, pois a\u00e7\u00f5es desse tipo, nos motiva ainda mais nas nossas atividades. Um simples fog\u00e3o, simbolizou tanto para ela, que repetia v\u00e1rias vezes, que n\u00e3o podia comprar outro, pois, o que ganha com o trabalho na agricultura \u00e9 para comprar alimento para as filhas\u201d, comentam os t\u00e9cnicos.<\/p>\n<p style=\"font-weight: 400; text-align: justify;\">Eles finalizam. \u201c No dia a dia nos deparamos com situa\u00e7\u00f5es como essa que foge do nosso dom\u00ednio, mas contamos com uma rede de solidariedade e conseguimos sentir na pele o real significado da nossa miss\u00e3o enquanto agente C\u00e1ritas. Sa\u00edmos da comunidade com sentimento de cumprimento da nossa miss\u00e3o e gratos a Deus por nos permitir, ver o sorriso no rosto daquela fam\u00edlia que necessitava de t\u00e3o pouco\u201d.<\/p>\n<p style=\"font-weight: 400; text-align: justify;\"><a href=\"http:\/\/www.caritasne2.org.br\/caritas-diocesana-de-caico-mobiliza-doacoes-e-entrega-fogao-novo-para-beneficiaria-de-unidade-demonstrativa-territorial-udt\/whatsapp-image-2021-06-24-at-12-13-17\/\" rel=\"attachment wp-att-8179\"><img decoding=\"async\" loading=\"lazy\" class=\"aligncenter  wp-image-8179\" src=\"http:\/\/www.caritasne2.org.br\/wp-content\/uploads\/2021\/06\/WhatsApp-Image-2021-06-24-at-12.13.17.jpeg\" alt=\"\" width=\"667\" height=\"366\" srcset=\"https:\/\/www.caritasne2.org.br\/site\/wp-content\/uploads\/2021\/06\/WhatsApp-Image-2021-06-24-at-12.13.17.jpeg 1080w, https:\/\/www.caritasne2.org.br\/site\/wp-content\/uploads\/2021\/06\/WhatsApp-Image-2021-06-24-at-12.13.17-300x165.jpeg 300w, https:\/\/www.caritasne2.org.br\/site\/wp-content\/uploads\/2021\/06\/WhatsApp-Image-2021-06-24-at-12.13.17-768x422.jpeg 768w, https:\/\/www.caritasne2.org.br\/site\/wp-content\/uploads\/2021\/06\/WhatsApp-Image-2021-06-24-at-12.13.17-1024x562.jpeg 1024w\" sizes=\"(max-width: 667px) 100vw, 667px\" \/><\/a><\/p>\n<p style=\"font-weight: 400; text-align: justify;\"><a href=\"http:\/\/www.caritasne2.org.br\/caritas-diocesana-de-caico-mobiliza-doacoes-e-entrega-fogao-novo-para-beneficiaria-de-unidade-demonstrativa-territorial-udt\/whatsapp-image-2021-06-24-at-12-13-16\/\" rel=\"attachment wp-att-8180\"><img decoding=\"async\" loading=\"lazy\" class=\"aligncenter  wp-image-8180\" src=\"http:\/\/www.caritasne2.org.br\/wp-content\/uploads\/2021\/06\/WhatsApp-Image-2021-06-24-at-12.13.16.jpeg\" alt=\"\" width=\"665\" height=\"361\" srcset=\"https:\/\/www.caritasne2.org.br\/site\/wp-content\/uploads\/2021\/06\/WhatsApp-Image-2021-06-24-at-12.13.16.jpeg 1080w, https:\/\/www.caritasne2.org.br\/site\/wp-content\/uploads\/2021\/06\/WhatsApp-Image-2021-06-24-at-12.13.16-300x163.jpeg 300w, https:\/\/www.caritasne2.org.br\/site\/wp-content\/uploads\/2021\/06\/WhatsApp-Image-2021-06-24-at-12.13.16-768x417.jpeg 768w, https:\/\/www.caritasne2.org.br\/site\/wp-content\/uploads\/2021\/06\/WhatsApp-Image-2021-06-24-at-12.13.16-1024x556.jpeg 1024w\" sizes=\"(max-width: 665px) 100vw, 665px\" \/><\/a><\/p>\n<p style=\"font-weight: 400; text-align: justify;\"><a href=\"http:\/\/www.caritasne2.org.br\/caritas-diocesana-de-caico-mobiliza-doacoes-e-entrega-fogao-novo-para-beneficiaria-de-unidade-demonstrativa-territorial-udt\/whatsapp-image-2021-06-25-at-16-34-11\/\" rel=\"attachment wp-att-8177\"><img decoding=\"async\" loading=\"lazy\" class=\"aligncenter  wp-image-8177\" src=\"http:\/\/www.caritasne2.org.br\/wp-content\/uploads\/2021\/06\/WhatsApp-Image-2021-06-25-at-16.34.11.jpeg\" alt=\"\" width=\"672\" height=\"1194\" srcset=\"https:\/\/www.caritasne2.org.br\/site\/wp-content\/uploads\/2021\/06\/WhatsApp-Image-2021-06-25-at-16.34.11.jpeg 720w, https:\/\/www.caritasne2.org.br\/site\/wp-content\/uploads\/2021\/06\/WhatsApp-Image-2021-06-25-at-16.34.11-169x300.jpeg 169w, https:\/\/www.caritasne2.org.br\/site\/wp-content\/uploads\/2021\/06\/WhatsApp-Image-2021-06-25-at-16.34.11-576x1024.jpeg 576w\" sizes=\"(max-width: 672px) 100vw, 672px\" \/><\/a><\/p>\n<ul class=\"ssb_list_wrapper\"><li class=\"fb2\" style=\"width:135px\"><iframe src=\"\/\/www.facebook.com\/plugins\/like.php?href=https%3A%2F%2Fwww.caritasne2.org.br%2Fsite%2Fcaritas-diocesana-de-caico-mobiliza-doacoes-e-entrega-fogao-novo-para-beneficiaria-de-unidade-demonstrativa-territorial-udt%2F&amp;layout=button_count&amp;action=like&amp;show_faces=false&amp;share=true&amp;width=135&amp;height=21&amp;appId=307091639398582\" scrolling=\"no\" frameborder=\"0\" style=\"border:none; overflow:hidden;  width:150px; height:21px;\" allowTransparency=\"true\"><\/iframe><\/li><li class=\"twtr\" style=\"width:90px\"><a href=\"https:\/\/twitter.com\/share\" class=\"twitter-share-button\" data-url=\"https:\/\/www.caritasne2.org.br\/site\/caritas-diocesana-de-caico-mobiliza-doacoes-e-entrega-fogao-novo-para-beneficiaria-de-unidade-demonstrativa-territorial-udt\/\">&nbsp;<\/a><script>!function(d,s,id){var js,fjs=d.getElementsByTagName(s)[0],p=\/^http:\/.test(d.location)?'http':'https';if(!d.getElementById(id)){js=d.createElement(s);js.id=id;js.src=p+':\/\/platform.twitter.com\/widgets.js';fjs.parentNode.insertBefore(js,fjs);}}(document, 'script', 'twitter-wjs');<\/script><\/li><li class=\"gplus\" style=\"width:68px\"><div class=\"g-plusone\" data-size=\"medium\" data-href=\"https:\/\/www.caritasne2.org.br\/site\/caritas-diocesana-de-caico-mobiliza-doacoes-e-entrega-fogao-novo-para-beneficiaria-de-unidade-demonstrativa-territorial-udt\/\"><\/div><\/li><li class=\"ssb_linkedin\" style=\"width:64px\"><script src=\"\/\/platform.linkedin.com\/in.js\" type=\"text\/javascript\">lang: en_US<\/script><script type=\"IN\/Share\" data-url=\"https:\/\/www.caritasne2.org.br\/site\/caritas-diocesana-de-caico-mobiliza-doacoes-e-entrega-fogao-novo-para-beneficiaria-de-unidade-demonstrativa-territorial-udt\/\" data-counter=\"right\"><\/script><\/li><\/ul>","protected":false},"excerpt":{"rendered":"<p>A benefici\u00e1ria \u00e9 acompanhada pela entidade membro, e foi contemplada por um biodigestor atrav\u00e9s do Projeto Promo\u00e7\u00e3o e Defesa de Direitos na perspectiva da constru\u00e7\u00e3o de sociedades do Bem Viver em parceria com a institui\u00e7\u00e3o Misereor No dia 23 de junho, um gesto de solidariedade mudou a vida de\u00a0Adriana Dion\u00edsio Leonardo, agricultora familiar, chefe de fam\u00edlia, mulher negra e quilombola.\u00a0 Durante uma visita de acompanhamento [&hellip;]<\/p>\n<ul class=\"ssb_list_wrapper\"><li class=\"fb2\" style=\"width:135px\"><iframe src=\"\/\/www.facebook.com\/plugins\/like.php?href=https%3A%2F%2Fwww.caritasne2.org.br%2Fsite%2Fcaritas-diocesana-de-caico-mobiliza-doacoes-e-entrega-fogao-novo-para-beneficiaria-de-unidade-demonstrativa-territorial-udt%2F&amp;layout=button_count&amp;action=like&amp;show_faces=false&amp;share=true&amp;width=135&amp;height=21&amp;appId=307091639398582\" scrolling=\"no\" frameborder=\"0\" style=\"border:none; overflow:hidden;  width:150px; height:21px;\" allowTransparency=\"true\"><\/iframe><\/li><li class=\"twtr\" style=\"width:90px\"><a href=\"https:\/\/twitter.com\/share\" class=\"twitter-share-button\" data-url=\"https:\/\/www.caritasne2.org.br\/site\/caritas-diocesana-de-caico-mobiliza-doacoes-e-entrega-fogao-novo-para-beneficiaria-de-unidade-demonstrativa-territorial-udt\/\">&nbsp;<\/a><script>!function(d,s,id){var js,fjs=d.getElementsByTagName(s)[0],p=\/^http:\/.test(d.location)?'http':'https';if(!d.getElementById(id)){js=d.createElement(s);js.id=id;js.src=p+':\/\/platform.twitter.com\/widgets.js';fjs.parentNode.insertBefore(js,fjs);}}(document, 'script', 'twitter-wjs');<\/script><\/li><li class=\"gplus\" style=\"width:68px\"><div class=\"g-plusone\" data-size=\"medium\" data-href=\"https:\/\/www.caritasne2.org.br\/site\/caritas-diocesana-de-caico-mobiliza-doacoes-e-entrega-fogao-novo-para-beneficiaria-de-unidade-demonstrativa-territorial-udt\/\"><\/div><\/li><li class=\"ssb_linkedin\" style=\"width:64px\"><script src=\"\/\/platform.linkedin.com\/in.js\" type=\"text\/javascript\">lang: en_US<\/script><script type=\"IN\/Share\" data-url=\"https:\/\/www.caritasne2.org.br\/site\/caritas-diocesana-de-caico-mobiliza-doacoes-e-entrega-fogao-novo-para-beneficiaria-de-unidade-demonstrativa-territorial-udt\/\" data-counter=\"right\"><\/script><\/li><\/ul>","protected":false},"author":4,"featured_media":8178,"comment_status":"open","ping_status":"open","sticky":false,"template":"","format":"standard","meta":[],"categories":[20],"tags":[],"_links":{"self":[{"href":"https:\/\/www.caritasne2.org.br\/site\/wp-json\/wp\/v2\/posts\/8176"}],"collection":[{"href":"https:\/\/www.caritasne2.org.br\/site\/wp-json\/wp\/v2\/posts"}],"about":[{"href":"https:\/\/www.caritasne2.org.br\/site\/wp-json\/wp\/v2\/types\/post"}],"author":[{"embeddable":true,"href":"https:\/\/www.caritasne2.org.br\/site\/wp-json\/wp\/v2\/users\/4"}],"replies":[{"embeddable":true,"href":"https:\/\/www.caritasne2.org.br\/site\/wp-json\/wp\/v2\/comments?post=8176"}],"version-history":[{"count":0,"href":"https:\/\/www.caritasne2.org.br\/site\/wp-json\/wp\/v2\/posts\/8176\/revisions"}],"wp:featuredmedia":[{"embeddable":true,"href":"https:\/\/www.caritasne2.org.br\/site\/wp-json\/wp\/v2\/media\/8178"}],"wp:attachment":[{"href":"https:\/\/www.caritasne2.org.br\/site\/wp-json\/wp\/v2\/media?parent=8176"}],"wp:term":[{"taxonomy":"category","embeddable":true,"href":"https:\/\/www.caritasne2.org.br\/site\/wp-json\/wp\/v2\/categories?post=8176"},{"taxonomy":"post_tag","embeddable":true,"href":"https:\/\/www.caritasne2.org.br\/site\/wp-json\/wp\/v2\/tags?post=8176"}],"curies":[{"name":"wp","href":"https:\/\/api.w.org\/{rel}","templated":true}]}}