{"id":8163,"date":"2021-06-17T09:00:35","date_gmt":"2021-06-17T12:00:35","guid":{"rendered":"http:\/\/www.caritasne2.org.br\/?p=8163"},"modified":"2021-06-17T11:25:20","modified_gmt":"2021-06-17T14:25:20","slug":"encontro-virtual-fortalece-segundo-ano-da-acao-emergencial-e-tempo-de-cuidar-na-diocese-de-garanhuns","status":"publish","type":"post","link":"https:\/\/www.caritasne2.org.br\/site\/encontro-virtual-fortalece-segundo-ano-da-acao-emergencial-e-tempo-de-cuidar-na-diocese-de-garanhuns\/","title":{"rendered":"Encontro virtual fortalece segundo ano da A\u00e7\u00e3o Emergencial \u00c9 Tempo de Cuidar na Diocese de Garanhuns"},"content":{"rendered":"<p style=\"text-align: center;\"><em>Participaram do encontro assessores pol\u00edticos, leigos de par\u00f3quias locais e regionais e agentes da C\u00e1ritas Regional NE2<\/em><\/p>\n<p style=\"text-align: justify;\">Nesta ter\u00e7a-feira, 15, aconteceu de forma virtual um encontro promovido pela C\u00e1ritas diocesana de Garanhuns visando o fortalecimento das a\u00e7\u00f5es relativas a Campanha Nacional da A\u00e7\u00e3o Emergencial da Igreja no Brasil, \u00c9 Tempo de Cuidar. O objetivo da a\u00e7\u00e3o \u00e9 combater a fome e as consequ\u00eancias dos descasos do enfrentamento da pandemia da covid 19 atrav\u00e9s de coletas de doa\u00e7\u00f5es de valores, alimentos, kits de higiene e limpeza, equipamentos de prote\u00e7\u00e3o contra covid19, como m\u00e1scaras, \u00e1lcool em gel e orienta\u00e7\u00f5es sociais \u00e0s fam\u00edlias em situa\u00e7\u00e3o de vulnerabilidade social.<\/p>\n<p style=\"text-align: justify;\">\nParticiparam do encontro, al\u00e9m da entidade em Garanhuns, cerca de 40 pessoas de diversos seguimentos da sociedade do agreste meridional e Representantes da C\u00e1ritas Diocesana de Pesqueira, agentes da C\u00e1ritas Regional NE2, leigos das paroquias locais e regionais, assessores pol\u00edticos e representantes do STR em Terezinha.<\/p>\n<p style=\"text-align: justify;\">No encontro, al\u00e9m da apresenta\u00e7\u00e3o institucional da campanha, realizada pela Assessora Regional de Voluntariado, Bruna Suianne, ficou como encaminhamento a divulga\u00e7\u00e3o de pontos de arrecada\u00e7\u00e3o nas cidades participantes que ser\u00e3o realizadas pelos representantes, distribu\u00eddas no comercio e par\u00f3quias.<\/p>\n<p style=\"text-align: justify;\">Na Diocese, um Drive Thru ser\u00e1 organizado para arrecada\u00e7\u00e3o de alimentos, agasalhos e material de limpeza. Todas as par\u00f3quias participantes tem programas nas r\u00e1dios locais e os leigos que estavam na reuni\u00e3o ficaram de realizar programas de R\u00e1dios fortalecendo a Campanha.<\/p>\n<ul class=\"ssb_list_wrapper\"><li class=\"fb2\" style=\"width:135px\"><iframe src=\"\/\/www.facebook.com\/plugins\/like.php?href=https%3A%2F%2Fwww.caritasne2.org.br%2Fsite%2Fencontro-virtual-fortalece-segundo-ano-da-acao-emergencial-e-tempo-de-cuidar-na-diocese-de-garanhuns%2F&amp;layout=button_count&amp;action=like&amp;show_faces=false&amp;share=true&amp;width=135&amp;height=21&amp;appId=307091639398582\" scrolling=\"no\" frameborder=\"0\" style=\"border:none; overflow:hidden;  width:150px; height:21px;\" allowTransparency=\"true\"><\/iframe><\/li><li class=\"twtr\" style=\"width:90px\"><a href=\"https:\/\/twitter.com\/share\" class=\"twitter-share-button\" data-url=\"https:\/\/www.caritasne2.org.br\/site\/encontro-virtual-fortalece-segundo-ano-da-acao-emergencial-e-tempo-de-cuidar-na-diocese-de-garanhuns\/\">&nbsp;<\/a><script>!function(d,s,id){var js,fjs=d.getElementsByTagName(s)[0],p=\/^http:\/.test(d.location)?'http':'https';if(!d.getElementById(id)){js=d.createElement(s);js.id=id;js.src=p+':\/\/platform.twitter.com\/widgets.js';fjs.parentNode.insertBefore(js,fjs);}}(document, 'script', 'twitter-wjs');<\/script><\/li><li class=\"gplus\" style=\"width:68px\"><div class=\"g-plusone\" data-size=\"medium\" data-href=\"https:\/\/www.caritasne2.org.br\/site\/encontro-virtual-fortalece-segundo-ano-da-acao-emergencial-e-tempo-de-cuidar-na-diocese-de-garanhuns\/\"><\/div><\/li><li class=\"ssb_linkedin\" style=\"width:64px\"><script src=\"\/\/platform.linkedin.com\/in.js\" type=\"text\/javascript\">lang: en_US<\/script><script type=\"IN\/Share\" data-url=\"https:\/\/www.caritasne2.org.br\/site\/encontro-virtual-fortalece-segundo-ano-da-acao-emergencial-e-tempo-de-cuidar-na-diocese-de-garanhuns\/\" data-counter=\"right\"><\/script><\/li><\/ul>","protected":false},"excerpt":{"rendered":"<p>Participaram do encontro assessores pol\u00edticos, leigos de par\u00f3quias locais e regionais e agentes da C\u00e1ritas Regional NE2 Nesta ter\u00e7a-feira, 15, aconteceu de forma virtual um encontro promovido pela C\u00e1ritas diocesana de Garanhuns visando o fortalecimento das a\u00e7\u00f5es relativas a Campanha Nacional da A\u00e7\u00e3o Emergencial da Igreja no Brasil, \u00c9 Tempo de Cuidar. O objetivo da a\u00e7\u00e3o \u00e9 combater a fome e as consequ\u00eancias dos descasos [&hellip;]<\/p>\n<ul class=\"ssb_list_wrapper\"><li class=\"fb2\" style=\"width:135px\"><iframe src=\"\/\/www.facebook.com\/plugins\/like.php?href=https%3A%2F%2Fwww.caritasne2.org.br%2Fsite%2Fencontro-virtual-fortalece-segundo-ano-da-acao-emergencial-e-tempo-de-cuidar-na-diocese-de-garanhuns%2F&amp;layout=button_count&amp;action=like&amp;show_faces=false&amp;share=true&amp;width=135&amp;height=21&amp;appId=307091639398582\" scrolling=\"no\" frameborder=\"0\" style=\"border:none; overflow:hidden;  width:150px; height:21px;\" allowTransparency=\"true\"><\/iframe><\/li><li class=\"twtr\" style=\"width:90px\"><a href=\"https:\/\/twitter.com\/share\" class=\"twitter-share-button\" data-url=\"https:\/\/www.caritasne2.org.br\/site\/encontro-virtual-fortalece-segundo-ano-da-acao-emergencial-e-tempo-de-cuidar-na-diocese-de-garanhuns\/\">&nbsp;<\/a><script>!function(d,s,id){var js,fjs=d.getElementsByTagName(s)[0],p=\/^http:\/.test(d.location)?'http':'https';if(!d.getElementById(id)){js=d.createElement(s);js.id=id;js.src=p+':\/\/platform.twitter.com\/widgets.js';fjs.parentNode.insertBefore(js,fjs);}}(document, 'script', 'twitter-wjs');<\/script><\/li><li class=\"gplus\" style=\"width:68px\"><div class=\"g-plusone\" data-size=\"medium\" data-href=\"https:\/\/www.caritasne2.org.br\/site\/encontro-virtual-fortalece-segundo-ano-da-acao-emergencial-e-tempo-de-cuidar-na-diocese-de-garanhuns\/\"><\/div><\/li><li class=\"ssb_linkedin\" style=\"width:64px\"><script src=\"\/\/platform.linkedin.com\/in.js\" type=\"text\/javascript\">lang: en_US<\/script><script type=\"IN\/Share\" data-url=\"https:\/\/www.caritasne2.org.br\/site\/encontro-virtual-fortalece-segundo-ano-da-acao-emergencial-e-tempo-de-cuidar-na-diocese-de-garanhuns\/\" data-counter=\"right\"><\/script><\/li><\/ul>","protected":false},"author":4,"featured_media":8170,"comment_status":"open","ping_status":"open","sticky":false,"template":"","format":"standard","meta":[],"categories":[21,20],"tags":[],"_links":{"self":[{"href":"https:\/\/www.caritasne2.org.br\/site\/wp-json\/wp\/v2\/posts\/8163"}],"collection":[{"href":"https:\/\/www.caritasne2.org.br\/site\/wp-json\/wp\/v2\/posts"}],"about":[{"href":"https:\/\/www.caritasne2.org.br\/site\/wp-json\/wp\/v2\/types\/post"}],"author":[{"embeddable":true,"href":"https:\/\/www.caritasne2.org.br\/site\/wp-json\/wp\/v2\/users\/4"}],"replies":[{"embeddable":true,"href":"https:\/\/www.caritasne2.org.br\/site\/wp-json\/wp\/v2\/comments?post=8163"}],"version-history":[{"count":0,"href":"https:\/\/www.caritasne2.org.br\/site\/wp-json\/wp\/v2\/posts\/8163\/revisions"}],"wp:featuredmedia":[{"embeddable":true,"href":"https:\/\/www.caritasne2.org.br\/site\/wp-json\/wp\/v2\/media\/8170"}],"wp:attachment":[{"href":"https:\/\/www.caritasne2.org.br\/site\/wp-json\/wp\/v2\/media?parent=8163"}],"wp:term":[{"taxonomy":"category","embeddable":true,"href":"https:\/\/www.caritasne2.org.br\/site\/wp-json\/wp\/v2\/categories?post=8163"},{"taxonomy":"post_tag","embeddable":true,"href":"https:\/\/www.caritasne2.org.br\/site\/wp-json\/wp\/v2\/tags?post=8163"}],"curies":[{"name":"wp","href":"https:\/\/api.w.org\/{rel}","templated":true}]}}