{"id":8156,"date":"2021-06-16T08:07:27","date_gmt":"2021-06-16T11:07:27","guid":{"rendered":"http:\/\/www.caritasne2.org.br\/?p=8156"},"modified":"2021-06-16T08:08:03","modified_gmt":"2021-06-16T11:08:03","slug":"familias-que-residem-em-comunidades-rurais-em-palmeira-dos-indios-e-maravilha-em-alagoas-comemoram-implantacao-das-udts","status":"publish","type":"post","link":"https:\/\/www.caritasne2.org.br\/site\/familias-que-residem-em-comunidades-rurais-em-palmeira-dos-indios-e-maravilha-em-alagoas-comemoram-implantacao-das-udts\/","title":{"rendered":"Fam\u00edlias que residem em comunidades rurais em Palmeira dos \u00cdndios e Maravilha, em Alagoas, comemoram implanta\u00e7\u00e3o das UDT\u2019s"},"content":{"rendered":"<p style=\"text-align: justify;\">Nos dias 25 e 26 de maio fam\u00edlias beneficiadas com a implementa\u00e7\u00e3o das Unidades Demonstrativas Territoriais (UDTs) em comunidades rurais nos munic\u00edpios de \u00a0Palmeira dos \u00cdndios e Maravilha (AL) receberam visita t\u00e9cnicas dos articuladores regionais da CBNE2 para acompanhar as implementa\u00e7\u00f5es nestas comunidades.<\/p>\n<p style=\"text-align: justify;\">As unidades demonstrativas t\u00eam como objetivo o fortalecimento das experi\u00eancias comunit\u00e1rias em torno da produ\u00e7\u00e3o agroecol\u00f3gica, da conviv\u00eancia com o semi\u00e1rido e da seguran\u00e7a alimentar e nutricional, constando em sua implementa\u00e7\u00e3o\u00a0 da tecnologia \u00a0social \u00a0do\u00a0biodigestor familiar,\u00a0de\u00a0um canteiro econ\u00f4mico e um de casal de animais de pequeno porte.<\/p>\n<p style=\"text-align: justify;\">Na Serra das Pias, no munic\u00edpio de Palmeira dos \u00cdndios, foi visitada uma comunidade rural. No munic\u00edpio de Maravilha\u00a0 foram visitadas as comunidades\u00a0 rurais no\u00a0 S\u00edtio \u00a0Boa Vista, S\u00edtio Olho D`\u00c1gua do Negro, S\u00edtio S\u00e3o Luiz, S\u00edtio A\u00e7ude e S\u00edtio Bel\u00e9m, todas as comunidades\u00a0 na\u00a0\u00e1rea de atua\u00e7\u00e3o da Diocese de Palmeira dos \u00cdndios.<\/p>\n<p style=\"text-align: justify;\">Na Serra das Pias foram visitadas tr\u00eas fam\u00edlias, a de dona Elenise Ferreira, de Maria Marta e Witson Esp\u00edndola.\u00a0Na casa de Elenise, 40 anos, agricultora, que mora com o pai e dois irm\u00e3os, foi contemplada com um biodigestor familiar de 2 mil litros, e \u00a0um canteiro econ\u00f4mico. Tamb\u00e9m foi entregue um kit de ferramenta de horta, com regador manual\u00a0 e cerca de 100 mudas de hortali\u00e7as e verduras como: alface, cebolinha, pimenta de cheiro, piment\u00e3o e sementes de coentro. J\u00e1 o biodigestor fornecer\u00e1 o biofertilizante que ser\u00e1 utilizado no canteiro econ\u00f4mico.<\/p>\n<p style=\"text-align: justify;\">Segundo Elenise, \u201cn\u00e3o temos custos financeiros para a fam\u00edlia com o canteiro econ\u00f4mico, logo come\u00e7aremos a produzir hortali\u00e7as e verduras frescas e saud\u00e1veis para consumo da fam\u00edlia, e o excedente poderemos vender aos vizinhos na pr\u00f3pria comunidade\u201d, comenta.<\/p>\n<p style=\"text-align: justify;\">Na casa de Dona Maria Marta Soares, 66 anos, agricultora, tamb\u00e9m moradora na Serra das Pias, onde vive com o filho e adora criar pequenos animais, a chegada das duas matrizes de ovelhas, \u00e9 sin\u00f4nimo de satisfa\u00e7\u00e3o porque uma das ovelhas j\u00e1 deu cria e a outra est\u00e1 prenha. \u201cTenho consci\u00eancia de que ao completar dois\u00a0anos terei que repassar as duas ovelhas f\u00eameas em idade de cobertura para a cooperativa da qual participo, para que outras fam\u00edlias sejam identificadas pela cooperativas\u00a0e que havendo o perfil de cria\u00e7\u00e3o de animais assuma o mesmo compromisso que eu tive , criando assim uma din\u00e2mica de repasse solid\u00e1rio de animais na comunidade\u201d, declara.<\/p>\n<p style=\"text-align: justify;\">\u00a0O Projeto Promo\u00e7\u00e3o e Defesa de Direitos na perspectiva da constru\u00e7\u00e3o de sociedades do Bem Viver tem executado, nos estados de Alagoas, Para\u00edba, Pernambuco e Rio Grande do Norte, a\u00e7\u00f5es ligadas ao desenvolvimento de m\u00e9todos agr\u00edcolas sustent\u00e1veis, atrav\u00e9s da implementa\u00e7\u00e3o das Unidades Demonstrativas Territoriais (UDTs).<\/p>\n<p style=\"text-align: justify;\">\u00a0As Unidades Demonstrativas Territoriais fazem parte do terceiro objetivo do projeto, executado pela C\u00e1ritas Regional Nordeste 2 em parceria com a institui\u00e7\u00e3o cat\u00f3lica alem\u00e3, Misereor.<\/p>\n<p><a href=\"http:\/\/www.caritasne2.org.br\/familias-que-residem-em-comunidades-rurais-em-palmeira-dos-indios-e-maravilha-em-alagoas-comemoram-implantacao-das-udts\/animais\/\" rel=\"attachment wp-att-8159\"><img decoding=\"async\" loading=\"lazy\" class=\"aligncenter wp-image-8159\" src=\"http:\/\/www.caritasne2.org.br\/wp-content\/uploads\/2021\/06\/ANIMAIS.jpg\" alt=\"\" width=\"733\" height=\"550\" srcset=\"https:\/\/www.caritasne2.org.br\/site\/wp-content\/uploads\/2021\/06\/ANIMAIS.jpg 1280w, https:\/\/www.caritasne2.org.br\/site\/wp-content\/uploads\/2021\/06\/ANIMAIS-300x225.jpg 300w, https:\/\/www.caritasne2.org.br\/site\/wp-content\/uploads\/2021\/06\/ANIMAIS-768x576.jpg 768w, https:\/\/www.caritasne2.org.br\/site\/wp-content\/uploads\/2021\/06\/ANIMAIS-1024x768.jpg 1024w\" sizes=\"(max-width: 733px) 100vw, 733px\" \/><\/a><\/p>\n<p>&nbsp;<\/p>\n<p><a href=\"http:\/\/www.caritasne2.org.br\/familias-que-residem-em-comunidades-rurais-em-palmeira-dos-indios-e-maravilha-em-alagoas-comemoram-implantacao-das-udts\/biodigestor-elenise-1\/\" rel=\"attachment wp-att-8157\"><img decoding=\"async\" loading=\"lazy\" class=\"aligncenter wp-image-8157\" src=\"http:\/\/www.caritasne2.org.br\/wp-content\/uploads\/2021\/06\/Biodigestor-Elenise.1.jpg\" alt=\"\" width=\"703\" height=\"527\" srcset=\"https:\/\/www.caritasne2.org.br\/site\/wp-content\/uploads\/2021\/06\/Biodigestor-Elenise.1.jpg 1280w, https:\/\/www.caritasne2.org.br\/site\/wp-content\/uploads\/2021\/06\/Biodigestor-Elenise.1-300x225.jpg 300w, https:\/\/www.caritasne2.org.br\/site\/wp-content\/uploads\/2021\/06\/Biodigestor-Elenise.1-768x576.jpg 768w, https:\/\/www.caritasne2.org.br\/site\/wp-content\/uploads\/2021\/06\/Biodigestor-Elenise.1-1024x768.jpg 1024w\" sizes=\"(max-width: 703px) 100vw, 703px\" \/><\/a><\/p>\n<ul class=\"ssb_list_wrapper\"><li class=\"fb2\" style=\"width:135px\"><iframe src=\"\/\/www.facebook.com\/plugins\/like.php?href=https%3A%2F%2Fwww.caritasne2.org.br%2Fsite%2Ffamilias-que-residem-em-comunidades-rurais-em-palmeira-dos-indios-e-maravilha-em-alagoas-comemoram-implantacao-das-udts%2F&amp;layout=button_count&amp;action=like&amp;show_faces=false&amp;share=true&amp;width=135&amp;height=21&amp;appId=307091639398582\" scrolling=\"no\" frameborder=\"0\" style=\"border:none; overflow:hidden;  width:150px; height:21px;\" allowTransparency=\"true\"><\/iframe><\/li><li class=\"twtr\" style=\"width:90px\"><a href=\"https:\/\/twitter.com\/share\" class=\"twitter-share-button\" data-url=\"https:\/\/www.caritasne2.org.br\/site\/familias-que-residem-em-comunidades-rurais-em-palmeira-dos-indios-e-maravilha-em-alagoas-comemoram-implantacao-das-udts\/\">&nbsp;<\/a><script>!function(d,s,id){var js,fjs=d.getElementsByTagName(s)[0],p=\/^http:\/.test(d.location)?'http':'https';if(!d.getElementById(id)){js=d.createElement(s);js.id=id;js.src=p+':\/\/platform.twitter.com\/widgets.js';fjs.parentNode.insertBefore(js,fjs);}}(document, 'script', 'twitter-wjs');<\/script><\/li><li class=\"gplus\" style=\"width:68px\"><div class=\"g-plusone\" data-size=\"medium\" data-href=\"https:\/\/www.caritasne2.org.br\/site\/familias-que-residem-em-comunidades-rurais-em-palmeira-dos-indios-e-maravilha-em-alagoas-comemoram-implantacao-das-udts\/\"><\/div><\/li><li class=\"ssb_linkedin\" style=\"width:64px\"><script src=\"\/\/platform.linkedin.com\/in.js\" type=\"text\/javascript\">lang: en_US<\/script><script type=\"IN\/Share\" data-url=\"https:\/\/www.caritasne2.org.br\/site\/familias-que-residem-em-comunidades-rurais-em-palmeira-dos-indios-e-maravilha-em-alagoas-comemoram-implantacao-das-udts\/\" data-counter=\"right\"><\/script><\/li><\/ul>","protected":false},"excerpt":{"rendered":"<p>Nos dias 25 e 26 de maio fam\u00edlias beneficiadas com a implementa\u00e7\u00e3o das Unidades Demonstrativas Territoriais (UDTs) em comunidades rurais nos munic\u00edpios de \u00a0Palmeira dos \u00cdndios e Maravilha (AL) receberam visita t\u00e9cnicas dos articuladores regionais da CBNE2 para acompanhar as implementa\u00e7\u00f5es nestas comunidades. As unidades demonstrativas t\u00eam como objetivo o fortalecimento das experi\u00eancias comunit\u00e1rias em torno da produ\u00e7\u00e3o agroecol\u00f3gica, da conviv\u00eancia com o semi\u00e1rido e [&hellip;]<\/p>\n<ul class=\"ssb_list_wrapper\"><li class=\"fb2\" style=\"width:135px\"><iframe src=\"\/\/www.facebook.com\/plugins\/like.php?href=https%3A%2F%2Fwww.caritasne2.org.br%2Fsite%2Ffamilias-que-residem-em-comunidades-rurais-em-palmeira-dos-indios-e-maravilha-em-alagoas-comemoram-implantacao-das-udts%2F&amp;layout=button_count&amp;action=like&amp;show_faces=false&amp;share=true&amp;width=135&amp;height=21&amp;appId=307091639398582\" scrolling=\"no\" frameborder=\"0\" style=\"border:none; overflow:hidden;  width:150px; height:21px;\" allowTransparency=\"true\"><\/iframe><\/li><li class=\"twtr\" style=\"width:90px\"><a href=\"https:\/\/twitter.com\/share\" class=\"twitter-share-button\" data-url=\"https:\/\/www.caritasne2.org.br\/site\/familias-que-residem-em-comunidades-rurais-em-palmeira-dos-indios-e-maravilha-em-alagoas-comemoram-implantacao-das-udts\/\">&nbsp;<\/a><script>!function(d,s,id){var js,fjs=d.getElementsByTagName(s)[0],p=\/^http:\/.test(d.location)?'http':'https';if(!d.getElementById(id)){js=d.createElement(s);js.id=id;js.src=p+':\/\/platform.twitter.com\/widgets.js';fjs.parentNode.insertBefore(js,fjs);}}(document, 'script', 'twitter-wjs');<\/script><\/li><li class=\"gplus\" style=\"width:68px\"><div class=\"g-plusone\" data-size=\"medium\" data-href=\"https:\/\/www.caritasne2.org.br\/site\/familias-que-residem-em-comunidades-rurais-em-palmeira-dos-indios-e-maravilha-em-alagoas-comemoram-implantacao-das-udts\/\"><\/div><\/li><li class=\"ssb_linkedin\" style=\"width:64px\"><script src=\"\/\/platform.linkedin.com\/in.js\" type=\"text\/javascript\">lang: en_US<\/script><script type=\"IN\/Share\" data-url=\"https:\/\/www.caritasne2.org.br\/site\/familias-que-residem-em-comunidades-rurais-em-palmeira-dos-indios-e-maravilha-em-alagoas-comemoram-implantacao-das-udts\/\" data-counter=\"right\"><\/script><\/li><\/ul>","protected":false},"author":4,"featured_media":8158,"comment_status":"open","ping_status":"open","sticky":false,"template":"","format":"standard","meta":[],"categories":[21,20],"tags":[],"_links":{"self":[{"href":"https:\/\/www.caritasne2.org.br\/site\/wp-json\/wp\/v2\/posts\/8156"}],"collection":[{"href":"https:\/\/www.caritasne2.org.br\/site\/wp-json\/wp\/v2\/posts"}],"about":[{"href":"https:\/\/www.caritasne2.org.br\/site\/wp-json\/wp\/v2\/types\/post"}],"author":[{"embeddable":true,"href":"https:\/\/www.caritasne2.org.br\/site\/wp-json\/wp\/v2\/users\/4"}],"replies":[{"embeddable":true,"href":"https:\/\/www.caritasne2.org.br\/site\/wp-json\/wp\/v2\/comments?post=8156"}],"version-history":[{"count":0,"href":"https:\/\/www.caritasne2.org.br\/site\/wp-json\/wp\/v2\/posts\/8156\/revisions"}],"wp:featuredmedia":[{"embeddable":true,"href":"https:\/\/www.caritasne2.org.br\/site\/wp-json\/wp\/v2\/media\/8158"}],"wp:attachment":[{"href":"https:\/\/www.caritasne2.org.br\/site\/wp-json\/wp\/v2\/media?parent=8156"}],"wp:term":[{"taxonomy":"category","embeddable":true,"href":"https:\/\/www.caritasne2.org.br\/site\/wp-json\/wp\/v2\/categories?post=8156"},{"taxonomy":"post_tag","embeddable":true,"href":"https:\/\/www.caritasne2.org.br\/site\/wp-json\/wp\/v2\/tags?post=8156"}],"curies":[{"name":"wp","href":"https:\/\/api.w.org\/{rel}","templated":true}]}}