{"id":8138,"date":"2021-06-10T14:33:58","date_gmt":"2021-06-10T17:33:58","guid":{"rendered":"http:\/\/www.caritasne2.org.br\/?p=8138"},"modified":"2021-06-10T14:35:20","modified_gmt":"2021-06-10T17:35:20","slug":"e-tempo-de-cuidar-programa-de-migracao-e-refugio-da-caritas-regional-ne2-entrega-cestas-de-alimentos-e-cartoes-de-alimentacao-para-migrantes-venezuelanos-no-recife","status":"publish","type":"post","link":"https:\/\/www.caritasne2.org.br\/site\/e-tempo-de-cuidar-programa-de-migracao-e-refugio-da-caritas-regional-ne2-entrega-cestas-de-alimentos-e-cartoes-de-alimentacao-para-migrantes-venezuelanos-no-recife\/","title":{"rendered":"\u00c9 Tempo de Cuidar: Programa de Migra\u00e7\u00e3o e Ref\u00fagio da C\u00e1ritas Regional NE2 entrega cestas  de alimentos e cart\u00f5es de alimenta\u00e7\u00e3o para migrantes venezuelanos no Recife"},"content":{"rendered":"<p style=\"text-align: center;\"><em>Mais de 300 cestas de alimenta\u00e7\u00e3o e 78 cart\u00f5es de subsist\u00eancia foram distribu\u00eddos com o intuito de contemplar fam\u00edlias em vulnerabilidade social na RMR<\/em><\/p>\n<p style=\"font-weight: 400; text-align: justify;\">Garantir a prote\u00e7\u00e3o, acolhimento e integra\u00e7\u00e3o dos migrantes e refugiados tem sido uma das prioridades do Programa de Migra\u00e7\u00e3o e Ref\u00fagio da C\u00e1ritas Regional NE2. Com o aumento da pandemia da covid-19, outra preocupa\u00e7\u00e3o se tornou prioridade, o combate \u00e0 fome e ao agravamento da vulnerabilidade social. E foi com esse intuito, que nos dias 20 e 21 de maio, e 01 e 03 de junho foram realizadas mobiliza\u00e7\u00f5es\u00a0 para a entrega de cestas de alimentos e cart\u00f5es de alimenta\u00e7\u00e3o para migrantes e refugiados da Regi\u00e3o Metropolitana do Recife ,com o objetivo de fortalecer o segundo ano da A\u00e7\u00e3o Emergencial Solid\u00e1ria \u00c9 Tempo de Cuidar.<\/p>\n<p style=\"font-weight: 400; text-align: justify;\">Ao todo foram mais de 300 cestas de alimentos distribu\u00eddas, 173 cestas atrav\u00e9s do Projeto RAFA (Rede de Amor, Fraternidade e Amizade), beneficiando 125 fam\u00edlias de venezuelanos e 30 de ind\u00edgenas Warao, e 150 cestas de alimenta\u00e7\u00e3o atrav\u00e9s de uma parceria com a Funda\u00e7\u00e3o Interamericana (IAF), que abasteceu a \u201c<strong><em>Despensa que Dispensa- M\u00e3os da Caridade\u00a0<\/em><\/strong>\u201d ou supermercado solid\u00e1rio uma iniciativa das Irm\u00e3s da Gl\u00f3ria respons\u00e1veis pelo Convento da Gl\u00f3ria, com finalidade de distribuir de forma justa e igualit\u00e1ria alimentos para fam\u00edlias em situa\u00e7\u00e3o de vulnerabilidade social no centro do Recife.<\/p>\n<p style=\"font-weight: 400; text-align: justify;\">As fam\u00edlias contempladas\u00a0 foram identificadas atrav\u00e9s do\u00a0 grau de vulnerabilidade e quantidade de membros na fam\u00edlia, com enfoque para aquelas mais numerosas, com muitas crian\u00e7as, pessoas gr\u00e1vidas, idosos e popula\u00e7\u00e3o LGBTQI+. Para manter os protocolos de seguran\u00e7a e\u00a0 distanciamento foi realizado agendamento, via telefone, para as entregas das doa\u00e7\u00f5es \u00e0s fam\u00edlias.<\/p>\n<p style=\"font-weight: 400; text-align: justify;\">Ainda dentro das a\u00e7\u00f5es, foram entregues 78 cart\u00f5es de alimenta\u00e7\u00e3o em parceria com o Projeto Europana no valor de R$200,00, cada. Por conta da pandemia e manter normas e protocolos de seguran\u00e7a e distanciamento a entrega foi feita via portador , mas,\u00a0 estima-se que ao todo 334 pessoas tenham sido beneficiadas, minimizando o efeito\u00a0provocado pela pandemia e pela migra\u00e7\u00e3o for\u00e7ada e desemprego.<\/p>\n<p style=\"font-weight: 400; text-align: justify;\"><a href=\"http:\/\/www.caritasne2.org.br\/e-tempo-de-cuidar-programa-de-migracao-e-refugio-da-caritas-regional-ne2-entrega-cestas-de-alimentos-e-cartoes-de-alimentacao-para-migrantes-venezuelanos-no-recife\/whatsapp-image-2021-06-08-at-15-59-04-13\/\" rel=\"attachment wp-att-8142\"><img decoding=\"async\" loading=\"lazy\" class=\"aligncenter wp-image-8142\" src=\"http:\/\/www.caritasne2.org.br\/wp-content\/uploads\/2021\/06\/WhatsApp-Image-2021-06-08-at-15.59.04-13.jpeg\" alt=\"\" width=\"600\" height=\"449\" srcset=\"https:\/\/www.caritasne2.org.br\/site\/wp-content\/uploads\/2021\/06\/WhatsApp-Image-2021-06-08-at-15.59.04-13.jpeg 1024w, https:\/\/www.caritasne2.org.br\/site\/wp-content\/uploads\/2021\/06\/WhatsApp-Image-2021-06-08-at-15.59.04-13-300x224.jpeg 300w, https:\/\/www.caritasne2.org.br\/site\/wp-content\/uploads\/2021\/06\/WhatsApp-Image-2021-06-08-at-15.59.04-13-768x575.jpeg 768w\" sizes=\"(max-width: 600px) 100vw, 600px\" \/><\/a><\/p>\n<p style=\"font-weight: 400; text-align: justify;\"><a href=\"http:\/\/www.caritasne2.org.br\/e-tempo-de-cuidar-programa-de-migracao-e-refugio-da-caritas-regional-ne2-entrega-cestas-de-alimentos-e-cartoes-de-alimentacao-para-migrantes-venezuelanos-no-recife\/whatsapp-image-2021-06-08-at-15-59-04-12\/\" rel=\"attachment wp-att-8143\"><img decoding=\"async\" loading=\"lazy\" class=\"aligncenter wp-image-8143\" src=\"http:\/\/www.caritasne2.org.br\/wp-content\/uploads\/2021\/06\/WhatsApp-Image-2021-06-08-at-15.59.04-12.jpeg\" alt=\"\" width=\"593\" height=\"444\" srcset=\"https:\/\/www.caritasne2.org.br\/site\/wp-content\/uploads\/2021\/06\/WhatsApp-Image-2021-06-08-at-15.59.04-12.jpeg 1024w, https:\/\/www.caritasne2.org.br\/site\/wp-content\/uploads\/2021\/06\/WhatsApp-Image-2021-06-08-at-15.59.04-12-300x224.jpeg 300w, https:\/\/www.caritasne2.org.br\/site\/wp-content\/uploads\/2021\/06\/WhatsApp-Image-2021-06-08-at-15.59.04-12-768x575.jpeg 768w\" sizes=\"(max-width: 593px) 100vw, 593px\" \/><\/a><\/p>\n<p style=\"font-weight: 400; text-align: justify;\"><a href=\"http:\/\/www.caritasne2.org.br\/e-tempo-de-cuidar-programa-de-migracao-e-refugio-da-caritas-regional-ne2-entrega-cestas-de-alimentos-e-cartoes-de-alimentacao-para-migrantes-venezuelanos-no-recife\/whatsapp-image-2021-06-08-at-15-59-04-10\/\" rel=\"attachment wp-att-8144\"><img decoding=\"async\" loading=\"lazy\" class=\"aligncenter wp-image-8144\" src=\"http:\/\/www.caritasne2.org.br\/wp-content\/uploads\/2021\/06\/WhatsApp-Image-2021-06-08-at-15.59.04-10.jpeg\" alt=\"\" width=\"633\" height=\"673\" srcset=\"https:\/\/www.caritasne2.org.br\/site\/wp-content\/uploads\/2021\/06\/WhatsApp-Image-2021-06-08-at-15.59.04-10.jpeg 964w, https:\/\/www.caritasne2.org.br\/site\/wp-content\/uploads\/2021\/06\/WhatsApp-Image-2021-06-08-at-15.59.04-10-282x300.jpeg 282w, https:\/\/www.caritasne2.org.br\/site\/wp-content\/uploads\/2021\/06\/WhatsApp-Image-2021-06-08-at-15.59.04-10-768x816.jpeg 768w\" sizes=\"(max-width: 633px) 100vw, 633px\" \/><\/a><\/p>\n<p style=\"font-weight: 400; text-align: justify;\"><a href=\"http:\/\/www.caritasne2.org.br\/e-tempo-de-cuidar-programa-de-migracao-e-refugio-da-caritas-regional-ne2-entrega-cestas-de-alimentos-e-cartoes-de-alimentacao-para-migrantes-venezuelanos-no-recife\/whatsapp-image-2021-06-08-at-15-58-18-2\/\" rel=\"attachment wp-att-8146\"><img decoding=\"async\" loading=\"lazy\" class=\"aligncenter wp-image-8146\" src=\"http:\/\/www.caritasne2.org.br\/wp-content\/uploads\/2021\/06\/WhatsApp-Image-2021-06-08-at-15.58.18-2.jpeg\" alt=\"\" width=\"631\" height=\"473\" srcset=\"https:\/\/www.caritasne2.org.br\/site\/wp-content\/uploads\/2021\/06\/WhatsApp-Image-2021-06-08-at-15.58.18-2.jpeg 1040w, https:\/\/www.caritasne2.org.br\/site\/wp-content\/uploads\/2021\/06\/WhatsApp-Image-2021-06-08-at-15.58.18-2-300x225.jpeg 300w, https:\/\/www.caritasne2.org.br\/site\/wp-content\/uploads\/2021\/06\/WhatsApp-Image-2021-06-08-at-15.58.18-2-768x576.jpeg 768w, https:\/\/www.caritasne2.org.br\/site\/wp-content\/uploads\/2021\/06\/WhatsApp-Image-2021-06-08-at-15.58.18-2-1024x768.jpeg 1024w\" sizes=\"(max-width: 631px) 100vw, 631px\" \/><\/a><\/p>\n<p style=\"font-weight: 400; text-align: justify;\"><a href=\"http:\/\/www.caritasne2.org.br\/e-tempo-de-cuidar-programa-de-migracao-e-refugio-da-caritas-regional-ne2-entrega-cestas-de-alimentos-e-cartoes-de-alimentacao-para-migrantes-venezuelanos-no-recife\/whatsapp-image-2021-06-08-at-15-58-16-2\/\" rel=\"attachment wp-att-8148\"><img decoding=\"async\" loading=\"lazy\" class=\"aligncenter wp-image-8148\" src=\"http:\/\/www.caritasne2.org.br\/wp-content\/uploads\/2021\/06\/WhatsApp-Image-2021-06-08-at-15.58.16-2.jpeg\" alt=\"\" width=\"632\" height=\"474\" srcset=\"https:\/\/www.caritasne2.org.br\/site\/wp-content\/uploads\/2021\/06\/WhatsApp-Image-2021-06-08-at-15.58.16-2.jpeg 1040w, https:\/\/www.caritasne2.org.br\/site\/wp-content\/uploads\/2021\/06\/WhatsApp-Image-2021-06-08-at-15.58.16-2-300x225.jpeg 300w, https:\/\/www.caritasne2.org.br\/site\/wp-content\/uploads\/2021\/06\/WhatsApp-Image-2021-06-08-at-15.58.16-2-768x576.jpeg 768w, https:\/\/www.caritasne2.org.br\/site\/wp-content\/uploads\/2021\/06\/WhatsApp-Image-2021-06-08-at-15.58.16-2-1024x768.jpeg 1024w\" sizes=\"(max-width: 632px) 100vw, 632px\" \/><\/a><\/p>\n<p style=\"font-weight: 400; text-align: justify;\"><a href=\"http:\/\/www.caritasne2.org.br\/e-tempo-de-cuidar-programa-de-migracao-e-refugio-da-caritas-regional-ne2-entrega-cestas-de-alimentos-e-cartoes-de-alimentacao-para-migrantes-venezuelanos-no-recife\/whatsapp-image-2021-06-02-at-15-04-55-1\/\" rel=\"attachment wp-att-8149\"><img decoding=\"async\" loading=\"lazy\" class=\"aligncenter wp-image-8149\" src=\"http:\/\/www.caritasne2.org.br\/wp-content\/uploads\/2021\/06\/WhatsApp-Image-2021-06-02-at-15.04.55-1.jpeg\" alt=\"\" width=\"635\" height=\"846\" srcset=\"https:\/\/www.caritasne2.org.br\/site\/wp-content\/uploads\/2021\/06\/WhatsApp-Image-2021-06-02-at-15.04.55-1.jpeg 774w, https:\/\/www.caritasne2.org.br\/site\/wp-content\/uploads\/2021\/06\/WhatsApp-Image-2021-06-02-at-15.04.55-1-225x300.jpeg 225w, https:\/\/www.caritasne2.org.br\/site\/wp-content\/uploads\/2021\/06\/WhatsApp-Image-2021-06-02-at-15.04.55-1-768x1024.jpeg 768w\" sizes=\"(max-width: 635px) 100vw, 635px\" \/><\/a><\/p>\n<p style=\"font-weight: 400; text-align: justify;\"><a href=\"http:\/\/www.caritasne2.org.br\/e-tempo-de-cuidar-programa-de-migracao-e-refugio-da-caritas-regional-ne2-entrega-cestas-de-alimentos-e-cartoes-de-alimentacao-para-migrantes-venezuelanos-no-recife\/whatsapp-image-2021-06-02-at-15-04-55\/\" rel=\"attachment wp-att-8150\"><img decoding=\"async\" loading=\"lazy\" class=\"aligncenter wp-image-8150\" src=\"http:\/\/www.caritasne2.org.br\/wp-content\/uploads\/2021\/06\/WhatsApp-Image-2021-06-02-at-15.04.55.jpeg\" alt=\"\" width=\"647\" height=\"862\" srcset=\"https:\/\/www.caritasne2.org.br\/site\/wp-content\/uploads\/2021\/06\/WhatsApp-Image-2021-06-02-at-15.04.55.jpeg 774w, https:\/\/www.caritasne2.org.br\/site\/wp-content\/uploads\/2021\/06\/WhatsApp-Image-2021-06-02-at-15.04.55-225x300.jpeg 225w, https:\/\/www.caritasne2.org.br\/site\/wp-content\/uploads\/2021\/06\/WhatsApp-Image-2021-06-02-at-15.04.55-768x1024.jpeg 768w\" sizes=\"(max-width: 647px) 100vw, 647px\" \/><\/a><\/p>\n<ul class=\"ssb_list_wrapper\"><li class=\"fb2\" style=\"width:135px\"><iframe src=\"\/\/www.facebook.com\/plugins\/like.php?href=https%3A%2F%2Fwww.caritasne2.org.br%2Fsite%2Fe-tempo-de-cuidar-programa-de-migracao-e-refugio-da-caritas-regional-ne2-entrega-cestas-de-alimentos-e-cartoes-de-alimentacao-para-migrantes-venezuelanos-no-recife%2F&amp;layout=button_count&amp;action=like&amp;show_faces=false&amp;share=true&amp;width=135&amp;height=21&amp;appId=307091639398582\" scrolling=\"no\" frameborder=\"0\" style=\"border:none; overflow:hidden;  width:150px; height:21px;\" allowTransparency=\"true\"><\/iframe><\/li><li class=\"twtr\" style=\"width:90px\"><a href=\"https:\/\/twitter.com\/share\" class=\"twitter-share-button\" data-url=\"https:\/\/www.caritasne2.org.br\/site\/e-tempo-de-cuidar-programa-de-migracao-e-refugio-da-caritas-regional-ne2-entrega-cestas-de-alimentos-e-cartoes-de-alimentacao-para-migrantes-venezuelanos-no-recife\/\">&nbsp;<\/a><script>!function(d,s,id){var js,fjs=d.getElementsByTagName(s)[0],p=\/^http:\/.test(d.location)?'http':'https';if(!d.getElementById(id)){js=d.createElement(s);js.id=id;js.src=p+':\/\/platform.twitter.com\/widgets.js';fjs.parentNode.insertBefore(js,fjs);}}(document, 'script', 'twitter-wjs');<\/script><\/li><li class=\"gplus\" style=\"width:68px\"><div class=\"g-plusone\" data-size=\"medium\" data-href=\"https:\/\/www.caritasne2.org.br\/site\/e-tempo-de-cuidar-programa-de-migracao-e-refugio-da-caritas-regional-ne2-entrega-cestas-de-alimentos-e-cartoes-de-alimentacao-para-migrantes-venezuelanos-no-recife\/\"><\/div><\/li><li class=\"ssb_linkedin\" style=\"width:64px\"><script src=\"\/\/platform.linkedin.com\/in.js\" type=\"text\/javascript\">lang: en_US<\/script><script type=\"IN\/Share\" data-url=\"https:\/\/www.caritasne2.org.br\/site\/e-tempo-de-cuidar-programa-de-migracao-e-refugio-da-caritas-regional-ne2-entrega-cestas-de-alimentos-e-cartoes-de-alimentacao-para-migrantes-venezuelanos-no-recife\/\" data-counter=\"right\"><\/script><\/li><\/ul>","protected":false},"excerpt":{"rendered":"<p>Mais de 300 cestas de alimenta\u00e7\u00e3o e 78 cart\u00f5es de subsist\u00eancia foram distribu\u00eddos com o intuito de contemplar fam\u00edlias em vulnerabilidade social na RMR Garantir a prote\u00e7\u00e3o, acolhimento e integra\u00e7\u00e3o dos migrantes e refugiados tem sido uma das prioridades do Programa de Migra\u00e7\u00e3o e Ref\u00fagio da C\u00e1ritas Regional NE2. Com o aumento da pandemia da covid-19, outra preocupa\u00e7\u00e3o se tornou prioridade, o combate \u00e0 fome [&hellip;]<\/p>\n<ul class=\"ssb_list_wrapper\"><li class=\"fb2\" style=\"width:135px\"><iframe src=\"\/\/www.facebook.com\/plugins\/like.php?href=https%3A%2F%2Fwww.caritasne2.org.br%2Fsite%2Fe-tempo-de-cuidar-programa-de-migracao-e-refugio-da-caritas-regional-ne2-entrega-cestas-de-alimentos-e-cartoes-de-alimentacao-para-migrantes-venezuelanos-no-recife%2F&amp;layout=button_count&amp;action=like&amp;show_faces=false&amp;share=true&amp;width=135&amp;height=21&amp;appId=307091639398582\" scrolling=\"no\" frameborder=\"0\" style=\"border:none; overflow:hidden;  width:150px; height:21px;\" allowTransparency=\"true\"><\/iframe><\/li><li class=\"twtr\" style=\"width:90px\"><a href=\"https:\/\/twitter.com\/share\" class=\"twitter-share-button\" data-url=\"https:\/\/www.caritasne2.org.br\/site\/e-tempo-de-cuidar-programa-de-migracao-e-refugio-da-caritas-regional-ne2-entrega-cestas-de-alimentos-e-cartoes-de-alimentacao-para-migrantes-venezuelanos-no-recife\/\">&nbsp;<\/a><script>!function(d,s,id){var js,fjs=d.getElementsByTagName(s)[0],p=\/^http:\/.test(d.location)?'http':'https';if(!d.getElementById(id)){js=d.createElement(s);js.id=id;js.src=p+':\/\/platform.twitter.com\/widgets.js';fjs.parentNode.insertBefore(js,fjs);}}(document, 'script', 'twitter-wjs');<\/script><\/li><li class=\"gplus\" style=\"width:68px\"><div class=\"g-plusone\" data-size=\"medium\" data-href=\"https:\/\/www.caritasne2.org.br\/site\/e-tempo-de-cuidar-programa-de-migracao-e-refugio-da-caritas-regional-ne2-entrega-cestas-de-alimentos-e-cartoes-de-alimentacao-para-migrantes-venezuelanos-no-recife\/\"><\/div><\/li><li class=\"ssb_linkedin\" style=\"width:64px\"><script src=\"\/\/platform.linkedin.com\/in.js\" type=\"text\/javascript\">lang: en_US<\/script><script type=\"IN\/Share\" data-url=\"https:\/\/www.caritasne2.org.br\/site\/e-tempo-de-cuidar-programa-de-migracao-e-refugio-da-caritas-regional-ne2-entrega-cestas-de-alimentos-e-cartoes-de-alimentacao-para-migrantes-venezuelanos-no-recife\/\" data-counter=\"right\"><\/script><\/li><\/ul>","protected":false},"author":4,"featured_media":8141,"comment_status":"open","ping_status":"open","sticky":false,"template":"","format":"standard","meta":[],"categories":[21,20],"tags":[],"_links":{"self":[{"href":"https:\/\/www.caritasne2.org.br\/site\/wp-json\/wp\/v2\/posts\/8138"}],"collection":[{"href":"https:\/\/www.caritasne2.org.br\/site\/wp-json\/wp\/v2\/posts"}],"about":[{"href":"https:\/\/www.caritasne2.org.br\/site\/wp-json\/wp\/v2\/types\/post"}],"author":[{"embeddable":true,"href":"https:\/\/www.caritasne2.org.br\/site\/wp-json\/wp\/v2\/users\/4"}],"replies":[{"embeddable":true,"href":"https:\/\/www.caritasne2.org.br\/site\/wp-json\/wp\/v2\/comments?post=8138"}],"version-history":[{"count":0,"href":"https:\/\/www.caritasne2.org.br\/site\/wp-json\/wp\/v2\/posts\/8138\/revisions"}],"wp:featuredmedia":[{"embeddable":true,"href":"https:\/\/www.caritasne2.org.br\/site\/wp-json\/wp\/v2\/media\/8141"}],"wp:attachment":[{"href":"https:\/\/www.caritasne2.org.br\/site\/wp-json\/wp\/v2\/media?parent=8138"}],"wp:term":[{"taxonomy":"category","embeddable":true,"href":"https:\/\/www.caritasne2.org.br\/site\/wp-json\/wp\/v2\/categories?post=8138"},{"taxonomy":"post_tag","embeddable":true,"href":"https:\/\/www.caritasne2.org.br\/site\/wp-json\/wp\/v2\/tags?post=8138"}],"curies":[{"name":"wp","href":"https:\/\/api.w.org\/{rel}","templated":true}]}}