{"id":8133,"date":"2021-06-10T12:49:48","date_gmt":"2021-06-10T15:49:48","guid":{"rendered":"http:\/\/www.caritasne2.org.br\/?p=8133"},"modified":"2021-06-10T12:51:47","modified_gmt":"2021-06-10T15:51:47","slug":"caritas-diocesana-de-guarabira-realiza-acao-solidaria-em-parceria-com-a-central-unica-das-favelas-na-paraiba","status":"publish","type":"post","link":"https:\/\/www.caritasne2.org.br\/site\/caritas-diocesana-de-guarabira-realiza-acao-solidaria-em-parceria-com-a-central-unica-das-favelas-na-paraiba\/","title":{"rendered":"C\u00e1ritas Diocesana de Guarabira realiza a\u00e7\u00e3o solid\u00e1ria em parceria com a Central \u00danica das Favelas na Para\u00edba"},"content":{"rendered":"<p style=\"text-align: center;\"><em>Ao todo, 100 cestas de alimentos beneficiaram fam\u00edlias no munic\u00edpio de Tacima (PB)<\/em><\/p>\n<p>O segundo ano da A\u00e7\u00e3o Emergencial Solid\u00e1ria \u00c9 Tempo de Cuidar, promovida pela C\u00e1ritas Brasileira e CNBB j\u00e1 mobilizou milhares de pessoas para doa\u00e7\u00e3o e gestos solid\u00e1rios em tempos de pandemia. No Regional Nordeste 2, a campanha chega com o intuito de combater a fome, e a extrema pobreza que assola nosso pa\u00eds em consequ\u00eancia do agravamento da pandemia da Covid-19.<\/p>\n<p style=\"text-align: justify;\">Em meio a este cen\u00e1rio a volunt\u00e1ria, agente da C\u00e1ritas Diocesana de Guarabira e membro do Conselho Regional da CBNE2, Marineide Bernardo, se sentiu tocada a promover uma a\u00e7\u00e3o importante para endossar a campanha &#8220;\u00c9 Tempo de Cuidar\u201d.<\/p>\n<p style=\"text-align: justify;\">Outras organiza\u00e7\u00f5es tamb\u00e9m estavam realizando doa\u00e7\u00f5es na regi\u00e3o como a Central \u00danica das Favelas (CUFA), assim, surgiu a ideia da parceria \u00a0da CUFA com a C\u00e1ritas Diocesana de Guarabira para ampliar as doa\u00e7\u00f5es.\u00a0 Dessa forma, 100 cestas de alimentos foram disponibilizadas para atender as fam\u00edlias em situa\u00e7\u00e3o de vulnerabilidade.<\/p>\n<p style=\"text-align: justify;\">As doa\u00e7\u00f5es foram entregues no \u00faltimo s\u00e1bado, 05, e contou uma equipe de volunt\u00e1rios da CUFA-PB, agentes da C\u00e1ritas Diocesana de Guarabira e p\u00e1roco local\u00a0 no munic\u00edpio de Tacima.<\/p>\n<ul class=\"ssb_list_wrapper\"><li class=\"fb2\" style=\"width:135px\"><iframe src=\"\/\/www.facebook.com\/plugins\/like.php?href=https%3A%2F%2Fwww.caritasne2.org.br%2Fsite%2Fcaritas-diocesana-de-guarabira-realiza-acao-solidaria-em-parceria-com-a-central-unica-das-favelas-na-paraiba%2F&amp;layout=button_count&amp;action=like&amp;show_faces=false&amp;share=true&amp;width=135&amp;height=21&amp;appId=307091639398582\" scrolling=\"no\" frameborder=\"0\" style=\"border:none; overflow:hidden;  width:150px; height:21px;\" allowTransparency=\"true\"><\/iframe><\/li><li class=\"twtr\" style=\"width:90px\"><a href=\"https:\/\/twitter.com\/share\" class=\"twitter-share-button\" data-url=\"https:\/\/www.caritasne2.org.br\/site\/caritas-diocesana-de-guarabira-realiza-acao-solidaria-em-parceria-com-a-central-unica-das-favelas-na-paraiba\/\">&nbsp;<\/a><script>!function(d,s,id){var js,fjs=d.getElementsByTagName(s)[0],p=\/^http:\/.test(d.location)?'http':'https';if(!d.getElementById(id)){js=d.createElement(s);js.id=id;js.src=p+':\/\/platform.twitter.com\/widgets.js';fjs.parentNode.insertBefore(js,fjs);}}(document, 'script', 'twitter-wjs');<\/script><\/li><li class=\"gplus\" style=\"width:68px\"><div class=\"g-plusone\" data-size=\"medium\" data-href=\"https:\/\/www.caritasne2.org.br\/site\/caritas-diocesana-de-guarabira-realiza-acao-solidaria-em-parceria-com-a-central-unica-das-favelas-na-paraiba\/\"><\/div><\/li><li class=\"ssb_linkedin\" style=\"width:64px\"><script src=\"\/\/platform.linkedin.com\/in.js\" type=\"text\/javascript\">lang: en_US<\/script><script type=\"IN\/Share\" data-url=\"https:\/\/www.caritasne2.org.br\/site\/caritas-diocesana-de-guarabira-realiza-acao-solidaria-em-parceria-com-a-central-unica-das-favelas-na-paraiba\/\" data-counter=\"right\"><\/script><\/li><\/ul>","protected":false},"excerpt":{"rendered":"<p>Ao todo, 100 cestas de alimentos beneficiaram fam\u00edlias no munic\u00edpio de Tacima (PB) O segundo ano da A\u00e7\u00e3o Emergencial Solid\u00e1ria \u00c9 Tempo de Cuidar, promovida pela C\u00e1ritas Brasileira e CNBB j\u00e1 mobilizou milhares de pessoas para doa\u00e7\u00e3o e gestos solid\u00e1rios em tempos de pandemia. No Regional Nordeste 2, a campanha chega com o intuito de combater a fome, e a extrema pobreza que assola nosso [&hellip;]<\/p>\n<ul class=\"ssb_list_wrapper\"><li class=\"fb2\" style=\"width:135px\"><iframe src=\"\/\/www.facebook.com\/plugins\/like.php?href=https%3A%2F%2Fwww.caritasne2.org.br%2Fsite%2Fcaritas-diocesana-de-guarabira-realiza-acao-solidaria-em-parceria-com-a-central-unica-das-favelas-na-paraiba%2F&amp;layout=button_count&amp;action=like&amp;show_faces=false&amp;share=true&amp;width=135&amp;height=21&amp;appId=307091639398582\" scrolling=\"no\" frameborder=\"0\" style=\"border:none; overflow:hidden;  width:150px; height:21px;\" allowTransparency=\"true\"><\/iframe><\/li><li class=\"twtr\" style=\"width:90px\"><a href=\"https:\/\/twitter.com\/share\" class=\"twitter-share-button\" data-url=\"https:\/\/www.caritasne2.org.br\/site\/caritas-diocesana-de-guarabira-realiza-acao-solidaria-em-parceria-com-a-central-unica-das-favelas-na-paraiba\/\">&nbsp;<\/a><script>!function(d,s,id){var js,fjs=d.getElementsByTagName(s)[0],p=\/^http:\/.test(d.location)?'http':'https';if(!d.getElementById(id)){js=d.createElement(s);js.id=id;js.src=p+':\/\/platform.twitter.com\/widgets.js';fjs.parentNode.insertBefore(js,fjs);}}(document, 'script', 'twitter-wjs');<\/script><\/li><li class=\"gplus\" style=\"width:68px\"><div class=\"g-plusone\" data-size=\"medium\" data-href=\"https:\/\/www.caritasne2.org.br\/site\/caritas-diocesana-de-guarabira-realiza-acao-solidaria-em-parceria-com-a-central-unica-das-favelas-na-paraiba\/\"><\/div><\/li><li class=\"ssb_linkedin\" style=\"width:64px\"><script src=\"\/\/platform.linkedin.com\/in.js\" type=\"text\/javascript\">lang: en_US<\/script><script type=\"IN\/Share\" data-url=\"https:\/\/www.caritasne2.org.br\/site\/caritas-diocesana-de-guarabira-realiza-acao-solidaria-em-parceria-com-a-central-unica-das-favelas-na-paraiba\/\" data-counter=\"right\"><\/script><\/li><\/ul>","protected":false},"author":4,"featured_media":8134,"comment_status":"open","ping_status":"open","sticky":false,"template":"","format":"standard","meta":[],"categories":[21,20],"tags":[],"_links":{"self":[{"href":"https:\/\/www.caritasne2.org.br\/site\/wp-json\/wp\/v2\/posts\/8133"}],"collection":[{"href":"https:\/\/www.caritasne2.org.br\/site\/wp-json\/wp\/v2\/posts"}],"about":[{"href":"https:\/\/www.caritasne2.org.br\/site\/wp-json\/wp\/v2\/types\/post"}],"author":[{"embeddable":true,"href":"https:\/\/www.caritasne2.org.br\/site\/wp-json\/wp\/v2\/users\/4"}],"replies":[{"embeddable":true,"href":"https:\/\/www.caritasne2.org.br\/site\/wp-json\/wp\/v2\/comments?post=8133"}],"version-history":[{"count":0,"href":"https:\/\/www.caritasne2.org.br\/site\/wp-json\/wp\/v2\/posts\/8133\/revisions"}],"wp:featuredmedia":[{"embeddable":true,"href":"https:\/\/www.caritasne2.org.br\/site\/wp-json\/wp\/v2\/media\/8134"}],"wp:attachment":[{"href":"https:\/\/www.caritasne2.org.br\/site\/wp-json\/wp\/v2\/media?parent=8133"}],"wp:term":[{"taxonomy":"category","embeddable":true,"href":"https:\/\/www.caritasne2.org.br\/site\/wp-json\/wp\/v2\/categories?post=8133"},{"taxonomy":"post_tag","embeddable":true,"href":"https:\/\/www.caritasne2.org.br\/site\/wp-json\/wp\/v2\/tags?post=8133"}],"curies":[{"name":"wp","href":"https:\/\/api.w.org\/{rel}","templated":true}]}}