{"id":8119,"date":"2021-06-08T18:53:13","date_gmt":"2021-06-08T21:53:13","guid":{"rendered":"http:\/\/www.caritasne2.org.br\/?p=8119"},"modified":"2021-06-08T18:58:37","modified_gmt":"2021-06-08T21:58:37","slug":"segundo-ano-da-acao-emergencial-solidaria-e-tempo-de-cuidar-convoca-populacao-para-doacao-de-alimentos-e-produtos-de-higiene-as-familias-em-situacao-de-vulnerabilidade-social","status":"publish","type":"post","link":"https:\/\/www.caritasne2.org.br\/site\/segundo-ano-da-acao-emergencial-solidaria-e-tempo-de-cuidar-convoca-populacao-para-doacao-de-alimentos-e-produtos-de-higiene-as-familias-em-situacao-de-vulnerabilidade-social\/","title":{"rendered":"Segundo ano da A\u00e7\u00e3o emergencial solid\u00e1ria \u201c\u00c9 Tempo de Cuidar\u201d convoca popula\u00e7\u00e3o para doa\u00e7\u00e3o de alimentos e produtos de higiene \u00e0s fam\u00edlias em situa\u00e7\u00e3o de vulnerabilidade social"},"content":{"rendered":"<p style=\"font-weight: 400;\"><em>A a\u00e7\u00e3o solid\u00e1ria contemplou, em 2020, mais de 140 mil fam\u00edlias no \u00a0Regional NE2 com cestas de alimentos e kits de higiene e limpeza<\/em><\/p>\n<p style=\"font-weight: 400; text-align: justify;\"><em>\u00a0<\/em>O Brasil chegou ao m\u00eas \u00a0de junho com \u00a01.119 mortes da Covid-19 registradas nas \u00faltimas horas, o que elevou o n\u00famero de \u00f3bitos para 474.614 desde o in\u00edcio da pandemia, em mar\u00e7o do ano passado- segundo dados do cons\u00f3rcio de ve\u00edculos de imprensa, que \u00a0foram obtidos junto \u00e0s secretarias estaduais de sa\u00fade. Pernambuco totalizou 16.468 mortos e 502.697 infectados, desde mar\u00e7o de 2020, quando foram identificados os primeiros casos no estado.<\/p>\n<p style=\"font-weight: 400; text-align: justify;\">Diante deste cen\u00e1rio a\u00a0Confer\u00eancia Nacional dos Bispos do Brasil (CNBB) e C\u00e1ritas Brasileira lan\u00e7aram em 2020 a A\u00e7\u00e3o Emergencial Solid\u00e1ria \u201c\u00c9 Tempo de Cuidar\u201d da Igreja no Brasil, com o objetivo de estimular a arrecada\u00e7\u00e3o de alimentos, produtos de higiene e prote\u00e7\u00e3o sanit\u00e1ria para doa\u00e7\u00e3o \u00e0s pessoas em situa\u00e7\u00e3o de vulnerabilidade.<\/p>\n<p style=\"font-weight: 400; text-align: justify;\">Organismo da CNBB, a C\u00e1ritas Regional NE2, com atua\u00e7\u00e3o nos estados de Alagoas, Rio Grande do Norte, Pernambuco e Para\u00edba, em 2020, contemplou mais de 141 mil fam\u00edlias, com 17 mil cestas de alimentos e mais de 8 mil kits de higiene e limpeza doados. Ap\u00f3s o \u00a0primeiro ano da a\u00e7\u00e3o emergencial e a pandemia em seu pior momento, a C\u00e1ritas NE2 novamente busca sensibilizar e mobilizar volunt\u00e1rios (as), a sociedade em geral, \u00a0assim como, ampliar parcerias a participar do segundo ano da a\u00e7\u00e3o emergencial junto as par\u00f3quias e Dioceses nos 4 estados do NE.<\/p>\n<p style=\"font-weight: 400; text-align: justify;\">Algumas iniciativas est\u00e3o chegando mas, ainda de forma t\u00edmida. Na capital pernambucana no m\u00eas de maio, o Projeto RAFA (Rede de Amor, Fraternidade e Amizade),\u00a0uma iniciativa que integra a tem\u00e1tica \u00a0de Migra\u00e7\u00e3o e Ref\u00fagio da C\u00e1ritas NE2\u00a0\u00a0na perspectiva da economia solid\u00e1ria junto aos migrantes empreendedores, atrav\u00e9s de capacita\u00e7\u00f5es e assessorias individuais distribuiu \u00a0cerca de 173 cestas de alimentos para migrantes venezuelanos e ind\u00edgenas waraos.\u00a0A a\u00e7\u00e3o solid\u00e1ria pelo projeto RAFA\u00a0 totalizou a entrega com doa\u00e7\u00e3o de\u00a0 cerca de 450 kg, o que representa um\u00a0 pouco mais de 1 tonelada de alimentos, que pode beneficiar 125 fam\u00edlias .<\/p>\n<p style=\"font-weight: 400; text-align: justify;\">Como fruto da parceria com organiza\u00e7\u00f5es internacionais a Funda\u00e7\u00e3o Interamericana (IAF), doou mais de 150 cestas de alimentos e kits de higiene e limpeza, que abasteceram a\u00a0\u201c<em>Despensa que Dispensa- M\u00e3os da Caridade<strong>\u201d,\u00a0<\/strong><\/em>um espa\u00e7o localizado dentro do Convento da Gl\u00f3ria que recebe doa\u00e7\u00e3o de alimentos, e produtos de higiene e limpeza para as fam\u00edlias carentes da RMR.<\/p>\n<p style=\"font-weight: 400; text-align: justify;\">Para Neilda Pereira, secret\u00e1ria executiva da C\u00e1ritas Regional NE2, al\u00e9m de milhares de mortes causadas pela pandemia da Covid-19, temos nos deparado com milh\u00f5es de brasileiros com fome. \u201cQuem tem fome tem pressa, por isso, procure a par\u00f3quia, ou a Diocese mais pr\u00f3xima, e juntos vamos ampliar essa rede de solidariedade\u201d, finaliza.<\/p>\n<p style=\"font-weight: 400; text-align: justify;\">Para atender mais fam\u00edlias neste segundo ano, a campanha est\u00e1 dividida em dois eixos:<\/p>\n<p style=\"font-weight: 400; text-align: justify;\">\u00a0\u00a0Pontos da Solidariedade- Para doa\u00e7\u00f5es de alimentos n\u00e3o perec\u00edveis, \u00e1gua, m\u00e1scaras, e produtos de higiene e limpeza;<\/p>\n<p style=\"font-weight: 400; text-align: justify;\">\u00a0Ou atrav\u00e9s da Rede de Solidariedade- um canal para doa\u00e7\u00f5es online atrav\u00e9s da chave PIX da CBNE2, ou conta banc\u00e1ria.<\/p>\n<p style=\"text-align: justify;\">Servi\u00e7o:<\/p>\n<p style=\"text-align: justify;\">A\u00e7\u00e3o Emergencial Solid\u00e1ria \u201c\u00c9 Tempo de Cuidar\u201d<\/p>\n<p style=\"text-align: justify;\">Rede de Solidariedade:<\/p>\n<ul style=\"text-align: justify;\">\n<li style=\"font-weight: 400;\">Banco do Brasil<\/li>\n<\/ul>\n<p style=\"font-weight: 400; text-align: justify;\">\u00a0\u00a0\u00a0\u00a0\u00a0 Ag\u00eancia: 1833-3<\/p>\n<p style=\"font-weight: 400; text-align: justify;\">\u00a0\u00a0\u00a0\u00a0\u00a0 Conta-Corrente: 43.879-0<\/p>\n<ul style=\"text-align: justify;\">\n<li style=\"font-weight: 400;\">Chave PIX<\/li>\n<\/ul>\n<p style=\"text-align: justify;\">\u00a0\u00a0\u00a0\u00a0\u00a0 \u00a0CNPJ: 33.654.419\/0011-98<\/p>\n<p style=\"text-align: justify;\"><strong>\u00a0<\/strong><\/p>\n<p style=\"text-align: justify;\"><strong>Pontos de solidariedade:<\/strong><\/p>\n<ul style=\"text-align: justify;\">\n<li style=\"font-weight: 400;\"><strong>Recife<\/strong><\/li>\n<\/ul>\n<p style=\"font-weight: 400; text-align: justify;\">\u2b9a\u00a0\u00a0\u00a0\u00a0\u00a0\u00a0<strong>Convento Nossa Senhora da Gl\u00f3ria<\/strong><\/p>\n<ol style=\"text-align: justify;\">\n<li style=\"font-weight: 400;\">da Gl\u00f3ria, 375 &#8211; Boa Vista, Recife &#8211; PE<\/li>\n<\/ol>\n<p style=\"font-weight: 400; text-align: justify;\">Hor\u00e1rio de atendimento \u2013 das 8h \u00e0s 12h, das 14h \u00e0s 17h\u00a0(segunda a sexta)<\/p>\n<p style=\"font-weight: 400; text-align: justify;\">\u2b9a\u00a0\u00a0\u00a0\u00a0\u00a0\u00a0<strong>C\u00e1ritas Arquidiocesana de Olinda e Recife<\/strong><\/p>\n<p style=\"font-weight: 400; text-align: justify;\">Av. Rui Barbosa, 409, Gra\u00e7as \u2013 Recife<\/p>\n<p style=\"font-weight: 400; text-align: justify;\">Hor\u00e1rio de atendimento \u2013 das 8h \u00e0s 12h, das 14h \u00e0s 18h\u00a0(segunda a sexta)<\/p>\n<p style=\"font-weight: 400; text-align: justify;\"><a href=\"http:\/\/www.caritasne2.org.br\/segundo-ano-da-acao-emergencial-solidaria-e-tempo-de-cuidar-convoca-populacao-para-doacao-de-alimentos-e-produtos-de-higiene-as-familias-em-situacao-de-vulnerabilidade-social\/whatsapp-image-2021-06-02-at-09-57-46-1\/\" rel=\"attachment wp-att-8125\"><img decoding=\"async\" loading=\"lazy\" class=\"aligncenter wp-image-8125\" src=\"http:\/\/www.caritasne2.org.br\/wp-content\/uploads\/2021\/06\/WhatsApp-Image-2021-06-02-at-09.57.46-1.jpeg\" alt=\"\" width=\"543\" height=\"407\" srcset=\"https:\/\/www.caritasne2.org.br\/site\/wp-content\/uploads\/2021\/06\/WhatsApp-Image-2021-06-02-at-09.57.46-1.jpeg 1040w, https:\/\/www.caritasne2.org.br\/site\/wp-content\/uploads\/2021\/06\/WhatsApp-Image-2021-06-02-at-09.57.46-1-300x225.jpeg 300w, https:\/\/www.caritasne2.org.br\/site\/wp-content\/uploads\/2021\/06\/WhatsApp-Image-2021-06-02-at-09.57.46-1-768x576.jpeg 768w, https:\/\/www.caritasne2.org.br\/site\/wp-content\/uploads\/2021\/06\/WhatsApp-Image-2021-06-02-at-09.57.46-1-1024x768.jpeg 1024w\" sizes=\"(max-width: 543px) 100vw, 543px\" \/><\/a><\/p>\n<p style=\"font-weight: 400; text-align: justify;\"><a href=\"http:\/\/www.caritasne2.org.br\/segundo-ano-da-acao-emergencial-solidaria-e-tempo-de-cuidar-convoca-populacao-para-doacao-de-alimentos-e-produtos-de-higiene-as-familias-em-situacao-de-vulnerabilidade-social\/whatsapp-image-2021-06-02-at-10-03-53-3\/\" rel=\"attachment wp-att-8122\"><img decoding=\"async\" loading=\"lazy\" class=\"aligncenter wp-image-8122\" src=\"http:\/\/www.caritasne2.org.br\/wp-content\/uploads\/2021\/06\/WhatsApp-Image-2021-06-02-at-10.03.53-3.jpeg\" alt=\"\" width=\"504\" height=\"377\" srcset=\"https:\/\/www.caritasne2.org.br\/site\/wp-content\/uploads\/2021\/06\/WhatsApp-Image-2021-06-02-at-10.03.53-3.jpeg 1280w, https:\/\/www.caritasne2.org.br\/site\/wp-content\/uploads\/2021\/06\/WhatsApp-Image-2021-06-02-at-10.03.53-3-300x225.jpeg 300w, https:\/\/www.caritasne2.org.br\/site\/wp-content\/uploads\/2021\/06\/WhatsApp-Image-2021-06-02-at-10.03.53-3-768x575.jpeg 768w, https:\/\/www.caritasne2.org.br\/site\/wp-content\/uploads\/2021\/06\/WhatsApp-Image-2021-06-02-at-10.03.53-3-1024x766.jpeg 1024w\" sizes=\"(max-width: 504px) 100vw, 504px\" \/><\/a><\/p>\n<p style=\"font-weight: 400; text-align: justify;\"><a href=\"http:\/\/www.caritasne2.org.br\/segundo-ano-da-acao-emergencial-solidaria-e-tempo-de-cuidar-convoca-populacao-para-doacao-de-alimentos-e-produtos-de-higiene-as-familias-em-situacao-de-vulnerabilidade-social\/whatsapp-image-2021-06-02-at-09-57-47-6\/\" rel=\"attachment wp-att-8124\"><img decoding=\"async\" loading=\"lazy\" class=\"aligncenter wp-image-8124\" src=\"http:\/\/www.caritasne2.org.br\/wp-content\/uploads\/2021\/06\/WhatsApp-Image-2021-06-02-at-09.57.47-6.jpeg\" alt=\"\" width=\"527\" height=\"395\" srcset=\"https:\/\/www.caritasne2.org.br\/site\/wp-content\/uploads\/2021\/06\/WhatsApp-Image-2021-06-02-at-09.57.47-6.jpeg 1040w, https:\/\/www.caritasne2.org.br\/site\/wp-content\/uploads\/2021\/06\/WhatsApp-Image-2021-06-02-at-09.57.47-6-300x225.jpeg 300w, https:\/\/www.caritasne2.org.br\/site\/wp-content\/uploads\/2021\/06\/WhatsApp-Image-2021-06-02-at-09.57.47-6-768x576.jpeg 768w, https:\/\/www.caritasne2.org.br\/site\/wp-content\/uploads\/2021\/06\/WhatsApp-Image-2021-06-02-at-09.57.47-6-1024x768.jpeg 1024w\" sizes=\"(max-width: 527px) 100vw, 527px\" \/><\/a><\/p>\n<ul class=\"ssb_list_wrapper\"><li class=\"fb2\" style=\"width:135px\"><iframe src=\"\/\/www.facebook.com\/plugins\/like.php?href=https%3A%2F%2Fwww.caritasne2.org.br%2Fsite%2Fsegundo-ano-da-acao-emergencial-solidaria-e-tempo-de-cuidar-convoca-populacao-para-doacao-de-alimentos-e-produtos-de-higiene-as-familias-em-situacao-de-vulnerabilidade-social%2F&amp;layout=button_count&amp;action=like&amp;show_faces=false&amp;share=true&amp;width=135&amp;height=21&amp;appId=307091639398582\" scrolling=\"no\" frameborder=\"0\" style=\"border:none; overflow:hidden;  width:150px; height:21px;\" allowTransparency=\"true\"><\/iframe><\/li><li class=\"twtr\" style=\"width:90px\"><a href=\"https:\/\/twitter.com\/share\" class=\"twitter-share-button\" data-url=\"https:\/\/www.caritasne2.org.br\/site\/segundo-ano-da-acao-emergencial-solidaria-e-tempo-de-cuidar-convoca-populacao-para-doacao-de-alimentos-e-produtos-de-higiene-as-familias-em-situacao-de-vulnerabilidade-social\/\">&nbsp;<\/a><script>!function(d,s,id){var js,fjs=d.getElementsByTagName(s)[0],p=\/^http:\/.test(d.location)?'http':'https';if(!d.getElementById(id)){js=d.createElement(s);js.id=id;js.src=p+':\/\/platform.twitter.com\/widgets.js';fjs.parentNode.insertBefore(js,fjs);}}(document, 'script', 'twitter-wjs');<\/script><\/li><li class=\"gplus\" style=\"width:68px\"><div class=\"g-plusone\" data-size=\"medium\" data-href=\"https:\/\/www.caritasne2.org.br\/site\/segundo-ano-da-acao-emergencial-solidaria-e-tempo-de-cuidar-convoca-populacao-para-doacao-de-alimentos-e-produtos-de-higiene-as-familias-em-situacao-de-vulnerabilidade-social\/\"><\/div><\/li><li class=\"ssb_linkedin\" style=\"width:64px\"><script src=\"\/\/platform.linkedin.com\/in.js\" type=\"text\/javascript\">lang: en_US<\/script><script type=\"IN\/Share\" data-url=\"https:\/\/www.caritasne2.org.br\/site\/segundo-ano-da-acao-emergencial-solidaria-e-tempo-de-cuidar-convoca-populacao-para-doacao-de-alimentos-e-produtos-de-higiene-as-familias-em-situacao-de-vulnerabilidade-social\/\" data-counter=\"right\"><\/script><\/li><\/ul>","protected":false},"excerpt":{"rendered":"<p>A a\u00e7\u00e3o solid\u00e1ria contemplou, em 2020, mais de 140 mil fam\u00edlias no \u00a0Regional NE2 com cestas de alimentos e kits de higiene e limpeza \u00a0O Brasil chegou ao m\u00eas \u00a0de junho com \u00a01.119 mortes da Covid-19 registradas nas \u00faltimas horas, o que elevou o n\u00famero de \u00f3bitos para 474.614 desde o in\u00edcio da pandemia, em mar\u00e7o do ano passado- segundo dados do cons\u00f3rcio de ve\u00edculos [&hellip;]<\/p>\n<ul class=\"ssb_list_wrapper\"><li class=\"fb2\" style=\"width:135px\"><iframe src=\"\/\/www.facebook.com\/plugins\/like.php?href=https%3A%2F%2Fwww.caritasne2.org.br%2Fsite%2Fsegundo-ano-da-acao-emergencial-solidaria-e-tempo-de-cuidar-convoca-populacao-para-doacao-de-alimentos-e-produtos-de-higiene-as-familias-em-situacao-de-vulnerabilidade-social%2F&amp;layout=button_count&amp;action=like&amp;show_faces=false&amp;share=true&amp;width=135&amp;height=21&amp;appId=307091639398582\" scrolling=\"no\" frameborder=\"0\" style=\"border:none; overflow:hidden;  width:150px; height:21px;\" allowTransparency=\"true\"><\/iframe><\/li><li class=\"twtr\" style=\"width:90px\"><a href=\"https:\/\/twitter.com\/share\" class=\"twitter-share-button\" data-url=\"https:\/\/www.caritasne2.org.br\/site\/segundo-ano-da-acao-emergencial-solidaria-e-tempo-de-cuidar-convoca-populacao-para-doacao-de-alimentos-e-produtos-de-higiene-as-familias-em-situacao-de-vulnerabilidade-social\/\">&nbsp;<\/a><script>!function(d,s,id){var js,fjs=d.getElementsByTagName(s)[0],p=\/^http:\/.test(d.location)?'http':'https';if(!d.getElementById(id)){js=d.createElement(s);js.id=id;js.src=p+':\/\/platform.twitter.com\/widgets.js';fjs.parentNode.insertBefore(js,fjs);}}(document, 'script', 'twitter-wjs');<\/script><\/li><li class=\"gplus\" style=\"width:68px\"><div class=\"g-plusone\" data-size=\"medium\" data-href=\"https:\/\/www.caritasne2.org.br\/site\/segundo-ano-da-acao-emergencial-solidaria-e-tempo-de-cuidar-convoca-populacao-para-doacao-de-alimentos-e-produtos-de-higiene-as-familias-em-situacao-de-vulnerabilidade-social\/\"><\/div><\/li><li class=\"ssb_linkedin\" style=\"width:64px\"><script src=\"\/\/platform.linkedin.com\/in.js\" type=\"text\/javascript\">lang: en_US<\/script><script type=\"IN\/Share\" data-url=\"https:\/\/www.caritasne2.org.br\/site\/segundo-ano-da-acao-emergencial-solidaria-e-tempo-de-cuidar-convoca-populacao-para-doacao-de-alimentos-e-produtos-de-higiene-as-familias-em-situacao-de-vulnerabilidade-social\/\" data-counter=\"right\"><\/script><\/li><\/ul>","protected":false},"author":4,"featured_media":8121,"comment_status":"open","ping_status":"open","sticky":false,"template":"","format":"standard","meta":[],"categories":[21,20],"tags":[],"_links":{"self":[{"href":"https:\/\/www.caritasne2.org.br\/site\/wp-json\/wp\/v2\/posts\/8119"}],"collection":[{"href":"https:\/\/www.caritasne2.org.br\/site\/wp-json\/wp\/v2\/posts"}],"about":[{"href":"https:\/\/www.caritasne2.org.br\/site\/wp-json\/wp\/v2\/types\/post"}],"author":[{"embeddable":true,"href":"https:\/\/www.caritasne2.org.br\/site\/wp-json\/wp\/v2\/users\/4"}],"replies":[{"embeddable":true,"href":"https:\/\/www.caritasne2.org.br\/site\/wp-json\/wp\/v2\/comments?post=8119"}],"version-history":[{"count":0,"href":"https:\/\/www.caritasne2.org.br\/site\/wp-json\/wp\/v2\/posts\/8119\/revisions"}],"wp:featuredmedia":[{"embeddable":true,"href":"https:\/\/www.caritasne2.org.br\/site\/wp-json\/wp\/v2\/media\/8121"}],"wp:attachment":[{"href":"https:\/\/www.caritasne2.org.br\/site\/wp-json\/wp\/v2\/media?parent=8119"}],"wp:term":[{"taxonomy":"category","embeddable":true,"href":"https:\/\/www.caritasne2.org.br\/site\/wp-json\/wp\/v2\/categories?post=8119"},{"taxonomy":"post_tag","embeddable":true,"href":"https:\/\/www.caritasne2.org.br\/site\/wp-json\/wp\/v2\/tags?post=8119"}],"curies":[{"name":"wp","href":"https:\/\/api.w.org\/{rel}","templated":true}]}}