{"id":8105,"date":"2021-06-08T10:54:38","date_gmt":"2021-06-08T13:54:38","guid":{"rendered":"http:\/\/www.caritasne2.org.br\/?p=8105"},"modified":"2021-06-08T18:47:34","modified_gmt":"2021-06-08T21:47:34","slug":"diagnostico-construido-em-parceria-com-estudantes-da-ufpe-mede-situacao-socio-demografica-de-migrantes-venezuelanos-no-brasil","status":"publish","type":"post","link":"https:\/\/www.caritasne2.org.br\/site\/diagnostico-construido-em-parceria-com-estudantes-da-ufpe-mede-situacao-socio-demografica-de-migrantes-venezuelanos-no-brasil\/","title":{"rendered":"Diagn\u00f3stico constru\u00eddo em parceria com estudantes da UFPE mede situa\u00e7\u00e3o s\u00f3cio demogr\u00e1fica de migrantes venezuelanos no Brasil"},"content":{"rendered":"<p style=\"font-weight: 400; text-align: justify;\"><span style=\"font-family: georgia, palatino, serif; font-size: 12pt;\"><em>Ao todo mais de 100 venezuelanos entrevistados, os dados foram sistematizados e ir\u00e3o ajudar a equipe de Migra\u00e7\u00e3o e Ref\u00fagio da C\u00e1ritas NE2 a identificar problemas, e apontar solu\u00e7\u00f5es para os migrantes e refugiados<\/em><\/span><\/p>\n<p style=\"font-weight: 400; text-align: justify;\"><span style=\"font-family: georgia, palatino, serif; font-size: 12pt;\">O Diagn\u00f3stico R\u00e1pido Urbano e Participativo (DRUP) \u00e9 uma t\u00e9cnica que consiste na coleta de informa\u00e7\u00e3o que podem ser usadas em projetos de desenvolvimento, para apontar as principais caracter\u00edsticas; os problemas priorit\u00e1rios que afetam uma popula\u00e7\u00e3o e as poss\u00edveis solu\u00e7\u00f5es dentro de uma comunidade.<\/span><\/p>\n<p style=\"font-weight: 400; text-align: justify;\"><span style=\"font-family: georgia, palatino, serif; font-size: 12pt;\">Com o objetivo de implementar a\u00e7\u00f5es que integrem e promovam a inclus\u00e3o s\u00f3cio laboral de venezuelanos e venezuelanas nos estados de Pernambuco, Para\u00edba, Rio Grande do Norte e Alagoas, al\u00e9m de aprofundar sobre a situa\u00e7\u00e3o das fam\u00edlias venezuelanas diante do atual cen\u00e1rio pand\u00eamico, a C\u00e1ritas Regional Nordeste 2 e estudantes volunt\u00e1rias da Universidade Federal de Pernambuco (UFPE) integrantes do \u00a0Grupo de pesquisa CNPq Migra\u00e7\u00f5es, Mobilidades e Gest\u00e3o Contempor\u00e2nea de Popula\u00e7\u00f5es (MIGRA)\u00a0apresentaram o Diagn\u00f3stico R\u00e1pido Urbano Participativo (DRUP) 2021.<\/span><\/p>\n<p style=\"font-weight: 400; text-align: justify;\"><span style=\"font-family: georgia, palatino, serif; font-size: 12pt;\">Foram realizadas mais de 100 entrevistas, no primeiro momento, iniciadas no final de 2019 e retomadas em 2020. Este ano, no m\u00eas de fevereiro, foi realizado o agendamento para entrevista de outros 150 migrantes venezuelanos que residem no estado de Pernambuco, onde o foco para os entrevistados foi o destaque do impacto causado pela pandemia.<\/span><\/p>\n<p style=\"text-align: justify;\"><span style=\"font-family: georgia, palatino, serif; font-size: 12pt;\"><span style=\"font-weight: 400;\">Diante do contexto observado, dois pontos\u00a0tiveram\u00a0maior destaque. O primeiro \u00e9 referente a a<\/span><span style=\"font-weight: 400;\">lguns caminhos a serem seguidos que podem auxiliar o migrante na busca por emprego e renda , o segundo se refere\u00a0 ao\u00a0<\/span><span style=\"font-weight: 400;\">\u00a0interesse da\u00a0 maioria abrir o pr\u00f3prio neg\u00f3cio ou fazer parte de algum grupo de economia solid\u00e1ria.\u00a0 \u00c9 importante ressaltar, que o<\/span><span style=\"font-weight: 400;\">\u00a0cen\u00e1rio verificado entre os migrantes est\u00e1 intrinsecamente ligado ao quadro de desemprego crescente no Brasil. <\/span><\/span><\/p>\n<p style=\"text-align: justify;\"><span style=\"font-family: georgia, palatino, serif; font-size: 12pt;\"><span style=\"font-weight: 400;\">Nesse sentido, est\u00e3o sendo articuladas parcerias <\/span><span style=\"font-weight: 400;\">para a realiza\u00e7\u00e3o de curso de portugu\u00eas funcional, no intuito de favorecer a empregabilidade formal dos migrantes, e com diversas institui\u00e7\u00f5es para a realiza\u00e7\u00e3o de oficinas nas \u00e1reas de gastronomia, beleza, moda\/customiza\u00e7\u00e3o e eletricista residencial, com o objetivo de proporcionar iniciativas empreendedoras, assim como, a facilita\u00e7\u00e3o\u00a0\u00a0da emiss\u00e3o da\u00a0 Carteira Nacional de Habilita\u00e7\u00e3o (CNH), no intuito de\u00a0aumentar a ades\u00e3o profissional formal e informal por parte desses venezuelanos.\u00a0<\/span><\/span><\/p>\n<p style=\"font-weight: 400; text-align: justify;\"><span style=\"font-family: georgia, palatino, serif; font-size: 12pt;\">O mapeamento \u00e9\u00a0 realizado h\u00e1 dois anos,\u00a0 e foi apresentado no dia 11 de maio, de forma online pela equipe de Migra\u00e7\u00e3o e Ref\u00fagio da CBNE2 onde o instrumental foi exibido em formato de gr\u00e1ficos com porcentagens focando a situa\u00e7\u00e3o s\u00f3cio demogr\u00e1fica, que estuda e mede a qualidade de vida de migrantes venezuelanos\u00a0aqui no Brasil contatados pela CBNE2 em seu territ\u00f3rio de atua\u00e7\u00e3o.<\/span><\/p>\n<p style=\"text-align: justify;\"><span style=\"font-family: georgia, palatino, serif; font-size: 12pt;\">O DRUP integra as atividades do programa de Migra\u00e7\u00e3o e Ref\u00fagio da\u00a0 C\u00e1ritas Regional NE2, em parceria com o Minist\u00e9rio da Justi\u00e7a (MJ).<\/span><\/p>\n<p><a href=\"http:\/\/www.caritasne2.org.br\/diagnostico-construido-em-parceria-com-estudantes-da-ufpe-mede-situacao-socio-demografica-de-migrantes-venezuelanos-no-brasil\/whatsapp-image-2021-06-08-at-10-49-34-2\/\" rel=\"attachment wp-att-8107\"><img decoding=\"async\" loading=\"lazy\" class=\"aligncenter wp-image-8107\" src=\"http:\/\/www.caritasne2.org.br\/wp-content\/uploads\/2021\/06\/WhatsApp-Image-2021-06-08-at-10.49.34-2.jpeg\" alt=\"\" width=\"688\" height=\"387\" srcset=\"https:\/\/www.caritasne2.org.br\/site\/wp-content\/uploads\/2021\/06\/WhatsApp-Image-2021-06-08-at-10.49.34-2.jpeg 1280w, https:\/\/www.caritasne2.org.br\/site\/wp-content\/uploads\/2021\/06\/WhatsApp-Image-2021-06-08-at-10.49.34-2-300x169.jpeg 300w, https:\/\/www.caritasne2.org.br\/site\/wp-content\/uploads\/2021\/06\/WhatsApp-Image-2021-06-08-at-10.49.34-2-768x432.jpeg 768w, https:\/\/www.caritasne2.org.br\/site\/wp-content\/uploads\/2021\/06\/WhatsApp-Image-2021-06-08-at-10.49.34-2-1024x576.jpeg 1024w, https:\/\/www.caritasne2.org.br\/site\/wp-content\/uploads\/2021\/06\/WhatsApp-Image-2021-06-08-at-10.49.34-2-588x330.jpeg 588w\" sizes=\"(max-width: 688px) 100vw, 688px\" \/><\/a><\/p>\n<p><a href=\"http:\/\/www.caritasne2.org.br\/diagnostico-construido-em-parceria-com-estudantes-da-ufpe-mede-situacao-socio-demografica-de-migrantes-venezuelanos-no-brasil\/whatsapp-image-2021-06-08-at-10-49-34-1\/\" rel=\"attachment wp-att-8108\"><img decoding=\"async\" loading=\"lazy\" class=\"aligncenter wp-image-8108\" src=\"http:\/\/www.caritasne2.org.br\/wp-content\/uploads\/2021\/06\/WhatsApp-Image-2021-06-08-at-10.49.34-1.jpeg\" alt=\"\" width=\"696\" height=\"391\" srcset=\"https:\/\/www.caritasne2.org.br\/site\/wp-content\/uploads\/2021\/06\/WhatsApp-Image-2021-06-08-at-10.49.34-1.jpeg 1280w, https:\/\/www.caritasne2.org.br\/site\/wp-content\/uploads\/2021\/06\/WhatsApp-Image-2021-06-08-at-10.49.34-1-300x169.jpeg 300w, https:\/\/www.caritasne2.org.br\/site\/wp-content\/uploads\/2021\/06\/WhatsApp-Image-2021-06-08-at-10.49.34-1-768x432.jpeg 768w, https:\/\/www.caritasne2.org.br\/site\/wp-content\/uploads\/2021\/06\/WhatsApp-Image-2021-06-08-at-10.49.34-1-1024x576.jpeg 1024w, https:\/\/www.caritasne2.org.br\/site\/wp-content\/uploads\/2021\/06\/WhatsApp-Image-2021-06-08-at-10.49.34-1-588x330.jpeg 588w\" sizes=\"(max-width: 696px) 100vw, 696px\" \/><\/a><\/p>\n<ul class=\"ssb_list_wrapper\"><li class=\"fb2\" style=\"width:135px\"><iframe src=\"\/\/www.facebook.com\/plugins\/like.php?href=https%3A%2F%2Fwww.caritasne2.org.br%2Fsite%2Fdiagnostico-construido-em-parceria-com-estudantes-da-ufpe-mede-situacao-socio-demografica-de-migrantes-venezuelanos-no-brasil%2F&amp;layout=button_count&amp;action=like&amp;show_faces=false&amp;share=true&amp;width=135&amp;height=21&amp;appId=307091639398582\" scrolling=\"no\" frameborder=\"0\" style=\"border:none; overflow:hidden;  width:150px; height:21px;\" allowTransparency=\"true\"><\/iframe><\/li><li class=\"twtr\" style=\"width:90px\"><a href=\"https:\/\/twitter.com\/share\" class=\"twitter-share-button\" data-url=\"https:\/\/www.caritasne2.org.br\/site\/diagnostico-construido-em-parceria-com-estudantes-da-ufpe-mede-situacao-socio-demografica-de-migrantes-venezuelanos-no-brasil\/\">&nbsp;<\/a><script>!function(d,s,id){var js,fjs=d.getElementsByTagName(s)[0],p=\/^http:\/.test(d.location)?'http':'https';if(!d.getElementById(id)){js=d.createElement(s);js.id=id;js.src=p+':\/\/platform.twitter.com\/widgets.js';fjs.parentNode.insertBefore(js,fjs);}}(document, 'script', 'twitter-wjs');<\/script><\/li><li class=\"gplus\" style=\"width:68px\"><div class=\"g-plusone\" data-size=\"medium\" data-href=\"https:\/\/www.caritasne2.org.br\/site\/diagnostico-construido-em-parceria-com-estudantes-da-ufpe-mede-situacao-socio-demografica-de-migrantes-venezuelanos-no-brasil\/\"><\/div><\/li><li class=\"ssb_linkedin\" style=\"width:64px\"><script src=\"\/\/platform.linkedin.com\/in.js\" type=\"text\/javascript\">lang: en_US<\/script><script type=\"IN\/Share\" data-url=\"https:\/\/www.caritasne2.org.br\/site\/diagnostico-construido-em-parceria-com-estudantes-da-ufpe-mede-situacao-socio-demografica-de-migrantes-venezuelanos-no-brasil\/\" data-counter=\"right\"><\/script><\/li><\/ul>","protected":false},"excerpt":{"rendered":"<p>Ao todo mais de 100 venezuelanos entrevistados, os dados foram sistematizados e ir\u00e3o ajudar a equipe de Migra\u00e7\u00e3o e Ref\u00fagio da C\u00e1ritas NE2 a identificar problemas, e apontar solu\u00e7\u00f5es para os migrantes e refugiados O Diagn\u00f3stico R\u00e1pido Urbano e Participativo (DRUP) \u00e9 uma t\u00e9cnica que consiste na coleta de informa\u00e7\u00e3o que podem ser usadas em projetos de desenvolvimento, para apontar as principais caracter\u00edsticas; os problemas [&hellip;]<\/p>\n<ul class=\"ssb_list_wrapper\"><li class=\"fb2\" style=\"width:135px\"><iframe src=\"\/\/www.facebook.com\/plugins\/like.php?href=https%3A%2F%2Fwww.caritasne2.org.br%2Fsite%2Fdiagnostico-construido-em-parceria-com-estudantes-da-ufpe-mede-situacao-socio-demografica-de-migrantes-venezuelanos-no-brasil%2F&amp;layout=button_count&amp;action=like&amp;show_faces=false&amp;share=true&amp;width=135&amp;height=21&amp;appId=307091639398582\" scrolling=\"no\" frameborder=\"0\" style=\"border:none; overflow:hidden;  width:150px; height:21px;\" allowTransparency=\"true\"><\/iframe><\/li><li class=\"twtr\" style=\"width:90px\"><a href=\"https:\/\/twitter.com\/share\" class=\"twitter-share-button\" data-url=\"https:\/\/www.caritasne2.org.br\/site\/diagnostico-construido-em-parceria-com-estudantes-da-ufpe-mede-situacao-socio-demografica-de-migrantes-venezuelanos-no-brasil\/\">&nbsp;<\/a><script>!function(d,s,id){var js,fjs=d.getElementsByTagName(s)[0],p=\/^http:\/.test(d.location)?'http':'https';if(!d.getElementById(id)){js=d.createElement(s);js.id=id;js.src=p+':\/\/platform.twitter.com\/widgets.js';fjs.parentNode.insertBefore(js,fjs);}}(document, 'script', 'twitter-wjs');<\/script><\/li><li class=\"gplus\" style=\"width:68px\"><div class=\"g-plusone\" data-size=\"medium\" data-href=\"https:\/\/www.caritasne2.org.br\/site\/diagnostico-construido-em-parceria-com-estudantes-da-ufpe-mede-situacao-socio-demografica-de-migrantes-venezuelanos-no-brasil\/\"><\/div><\/li><li class=\"ssb_linkedin\" style=\"width:64px\"><script src=\"\/\/platform.linkedin.com\/in.js\" type=\"text\/javascript\">lang: en_US<\/script><script type=\"IN\/Share\" data-url=\"https:\/\/www.caritasne2.org.br\/site\/diagnostico-construido-em-parceria-com-estudantes-da-ufpe-mede-situacao-socio-demografica-de-migrantes-venezuelanos-no-brasil\/\" data-counter=\"right\"><\/script><\/li><\/ul>","protected":false},"author":4,"featured_media":8106,"comment_status":"open","ping_status":"open","sticky":false,"template":"","format":"standard","meta":[],"categories":[21,20],"tags":[],"_links":{"self":[{"href":"https:\/\/www.caritasne2.org.br\/site\/wp-json\/wp\/v2\/posts\/8105"}],"collection":[{"href":"https:\/\/www.caritasne2.org.br\/site\/wp-json\/wp\/v2\/posts"}],"about":[{"href":"https:\/\/www.caritasne2.org.br\/site\/wp-json\/wp\/v2\/types\/post"}],"author":[{"embeddable":true,"href":"https:\/\/www.caritasne2.org.br\/site\/wp-json\/wp\/v2\/users\/4"}],"replies":[{"embeddable":true,"href":"https:\/\/www.caritasne2.org.br\/site\/wp-json\/wp\/v2\/comments?post=8105"}],"version-history":[{"count":0,"href":"https:\/\/www.caritasne2.org.br\/site\/wp-json\/wp\/v2\/posts\/8105\/revisions"}],"wp:featuredmedia":[{"embeddable":true,"href":"https:\/\/www.caritasne2.org.br\/site\/wp-json\/wp\/v2\/media\/8106"}],"wp:attachment":[{"href":"https:\/\/www.caritasne2.org.br\/site\/wp-json\/wp\/v2\/media?parent=8105"}],"wp:term":[{"taxonomy":"category","embeddable":true,"href":"https:\/\/www.caritasne2.org.br\/site\/wp-json\/wp\/v2\/categories?post=8105"},{"taxonomy":"post_tag","embeddable":true,"href":"https:\/\/www.caritasne2.org.br\/site\/wp-json\/wp\/v2\/tags?post=8105"}],"curies":[{"name":"wp","href":"https:\/\/api.w.org\/{rel}","templated":true}]}}