{"id":8095,"date":"2021-07-05T12:51:35","date_gmt":"2021-07-05T15:51:35","guid":{"rendered":"http:\/\/www.caritasne2.org.br\/?p=8095"},"modified":"2021-07-06T07:57:15","modified_gmt":"2021-07-06T10:57:15","slug":"voluntarios-da-caritas-em-mossoro-criam-espaco-para-acolhimento-em-tempos-de-pandemia","status":"publish","type":"post","link":"https:\/\/www.caritasne2.org.br\/site\/voluntarios-da-caritas-em-mossoro-criam-espaco-para-acolhimento-em-tempos-de-pandemia\/","title":{"rendered":"Volunt\u00e1rios da C\u00e1ritas em Mossor\u00f3 e residentes multifuncionais de sa\u00fade criam espa\u00e7o para acolhimento em tempos de pandemia"},"content":{"rendered":"<p>Motivado pela frase do educador e fil\u00f3sofo Paulo Freire, \u201c\u00c9 preciso ter esperan\u00e7a, mas ter esperan\u00e7a do verbo esperan\u00e7ar; porque tem gente que tem esperan\u00e7a do verbo esperar. E esperan\u00e7a do verbo esperar n\u00e3o \u00e9 esperan\u00e7a, \u00e9 espera\u201d, que Francisco Rogenildo, volunt\u00e1rio da C\u00e1ritas Diocesana de Mossor\u00f3 e agente comunit\u00e1rio de sa\u00fade criou juntamente Luiza Maria, e v\u00e1rios residentes multiprofissionais o Projeto Esperan\u00e7ar, na Unidade B\u00e1sica de Sa\u00fade- UBS, Ant\u00f4nio Camilo, na ilha de Santa Luzia, Mossor\u00f3-RN.<\/p>\n<p>O Projeto foi inspirado pelo encontro cuidar de quem cuida, promovido pela C\u00e1ritas Regional NE2, que aconteceu no dia 16 de abril e teve como palestrante a irm\u00e3 Fausta, das irm\u00e3s Clarissas Franciscanas. Na sua fala, a irm\u00e3 trouxe v\u00e1rios pontos sobre o que \u00e9 esperan\u00e7ar e como fazer a diferen\u00e7a na pr\u00e1tica, a partir de a\u00e7\u00f5es no dia a dia, e foi o que Rogenildo, Luiza e tantas outras m\u00e3os fizeram.<\/p>\n<p>O espa\u00e7o \u00e9 dedicado para que as pessoas se sintam acolhidas, l\u00e1 elas podem ter atendimento especializado como terapia em grupo, pintura, bordagem, acompanhamento psicol\u00f3gico entre outros, e absorver li\u00e7\u00f5es no sentido do cuidado, bem viver e autoestima. O local tamb\u00e9m foca a parte espiritual, a partir de m\u00edsticas e momentos de espiritualidade, e para garantir todas essas a\u00e7\u00f5es, muitas m\u00e3os s\u00e3o necess\u00e1rias, a equipe conta com diversos residentes multiprofissionais que compraram a ideia, s\u00e3o eles: psic\u00f3logos, dentistas, educadores f\u00edsicos, assistentes sociais, nutricionistas, enfermeiros, terapeutas ocupacionais, entre outros.<\/p>\n<p>Rogenildo, que tamb\u00e9m \u00e9 educador popular e conselheiro municipal de sa\u00fade, refor\u00e7ou a import\u00e2ncia da parte espiritual e m\u00edstica no projeto, e conta que o ponto de partida para come\u00e7ar essa iniciativa foi a fala da irm\u00e3 Fausta no encontro de espiritualidade promovido pela CBNE2 \u201cEu sou neto de rezadeira, e tamb\u00e9m sou rezador, e comecei a iniciativa do projeto a partir da nossa UBS. Toda equipe de profissionais multiprofissionais ajudou na constru\u00e7\u00e3o, Luiza vai cuidar do corredor do cuidar na tenda Paulo Freire, e eu cuidarei da ora\u00e7\u00e3o do cuidar e a espiritualidade\u201d, declara.<\/p>\n<p>Para Luiza Maria, que al\u00e9m de agente de sa\u00fade, tamb\u00e9m \u00e9 vice conselheira municipal e educadora popular, o sentimento \u00e9 de gratid\u00e3o e privil\u00e9gio, ela destaca que participar do projeto \u00e9 um momento de encantamento \u201c Eu defino meu sentimento em duas palavras: encantamento e gratid\u00e3o. Gratid\u00e3o por ter meu trabalho acreditado e encantamento pelo apoio que Rogenildo vem tendo pela equipe dele na UBS para esse trabalho, e a gente faz esse trabalho para uma popula\u00e7\u00e3o carente, e atrav\u00e9s dos saberes populares e espirituais damos a oportunidade dessas pessoas esquecerem suas dores, suas depress\u00f5es, seus rem\u00e9dios, suas drogas psicod\u00e9licas, que \u00e9 o objetivo maior\u201d, conclui.<\/p>\n<p>O projeto est\u00e1 em fase de conclus\u00e3o para o lan\u00e7amento, onde ser\u00e3o divulgadas a forma de se inscrever e participar.<\/p>\n<p><strong>Equipe t\u00e9cnica: <\/strong><\/p>\n<p>Isis Ariscia de Araujo Martins- <strong>psic\u00f3loga<\/strong><\/p>\n<p>L\u00edvia Maria e Silva- <strong>assistente social<\/strong><\/p>\n<p>Isabelly Maia- <strong>fisioterapeuta<\/strong><\/p>\n<p>Fernanda Gomes- <strong>enfermeira<\/strong><\/p>\n<p>Lorena Mezaabe- <strong>dentista<\/strong><\/p>\n<p>Kaio Vinicius Zaccarias Nunes- <strong>nutricionista<\/strong><\/p>\n<p>George Wagner-<strong> educador f\u00edsico<\/strong><\/p>\n<p>&nbsp;<\/p>\n<p>&nbsp;<\/p>\n<p style=\"font-weight: 400;\"><a href=\"http:\/\/www.caritasne2.org.br\/voluntarios-da-caritas-em-mossoro-criam-espaco-para-acolhimento-em-tempos-de-pandemia\/whatsapp-image-2021-06-02-at-10-59-56\/\" rel=\"attachment wp-att-8097\"><img decoding=\"async\" loading=\"lazy\" class=\"aligncenter wp-image-8097\" src=\"http:\/\/www.caritasne2.org.br\/wp-content\/uploads\/2021\/06\/WhatsApp-Image-2021-06-02-at-10.59.56.jpeg\" alt=\"\" width=\"599\" height=\"449\" srcset=\"https:\/\/www.caritasne2.org.br\/site\/wp-content\/uploads\/2021\/06\/WhatsApp-Image-2021-06-02-at-10.59.56.jpeg 1040w, https:\/\/www.caritasne2.org.br\/site\/wp-content\/uploads\/2021\/06\/WhatsApp-Image-2021-06-02-at-10.59.56-300x225.jpeg 300w, https:\/\/www.caritasne2.org.br\/site\/wp-content\/uploads\/2021\/06\/WhatsApp-Image-2021-06-02-at-10.59.56-768x576.jpeg 768w, https:\/\/www.caritasne2.org.br\/site\/wp-content\/uploads\/2021\/06\/WhatsApp-Image-2021-06-02-at-10.59.56-1024x768.jpeg 1024w\" sizes=\"(max-width: 599px) 100vw, 599px\" \/><\/a><\/p>\n<p style=\"font-weight: 400;\"><a href=\"http:\/\/www.caritasne2.org.br\/voluntarios-da-caritas-em-mossoro-criam-espaco-para-acolhimento-em-tempos-de-pandemia\/whatsapp-image-2021-06-02-at-10-59-57-2\/\" rel=\"attachment wp-att-8098\"><img decoding=\"async\" loading=\"lazy\" class=\"aligncenter wp-image-8098\" src=\"http:\/\/www.caritasne2.org.br\/wp-content\/uploads\/2021\/06\/WhatsApp-Image-2021-06-02-at-10.59.57-2.jpeg\" alt=\"\" width=\"640\" height=\"856\" srcset=\"https:\/\/www.caritasne2.org.br\/site\/wp-content\/uploads\/2021\/06\/WhatsApp-Image-2021-06-02-at-10.59.57-2.jpeg 958w, https:\/\/www.caritasne2.org.br\/site\/wp-content\/uploads\/2021\/06\/WhatsApp-Image-2021-06-02-at-10.59.57-2-225x300.jpeg 225w, https:\/\/www.caritasne2.org.br\/site\/wp-content\/uploads\/2021\/06\/WhatsApp-Image-2021-06-02-at-10.59.57-2-768x1026.jpeg 768w, https:\/\/www.caritasne2.org.br\/site\/wp-content\/uploads\/2021\/06\/WhatsApp-Image-2021-06-02-at-10.59.57-2-766x1024.jpeg 766w\" sizes=\"(max-width: 640px) 100vw, 640px\" \/><\/a><\/p>\n<p style=\"font-weight: 400;\"><a href=\"http:\/\/www.caritasne2.org.br\/voluntarios-da-caritas-em-mossoro-criam-espaco-para-acolhimento-em-tempos-de-pandemia\/whatsapp-image-2021-06-02-at-10-59-56-1\/\" rel=\"attachment wp-att-8100\"><img decoding=\"async\" loading=\"lazy\" class=\"aligncenter wp-image-8100\" src=\"http:\/\/www.caritasne2.org.br\/wp-content\/uploads\/2021\/06\/WhatsApp-Image-2021-06-02-at-10.59.56-1.jpeg\" alt=\"\" width=\"668\" height=\"891\" srcset=\"https:\/\/www.caritasne2.org.br\/site\/wp-content\/uploads\/2021\/06\/WhatsApp-Image-2021-06-02-at-10.59.56-1.jpeg 780w, https:\/\/www.caritasne2.org.br\/site\/wp-content\/uploads\/2021\/06\/WhatsApp-Image-2021-06-02-at-10.59.56-1-225x300.jpeg 225w, https:\/\/www.caritasne2.org.br\/site\/wp-content\/uploads\/2021\/06\/WhatsApp-Image-2021-06-02-at-10.59.56-1-768x1024.jpeg 768w\" sizes=\"(max-width: 668px) 100vw, 668px\" \/><\/a><\/p>\n<p style=\"font-weight: 400;\"><a href=\"http:\/\/www.caritasne2.org.br\/voluntarios-da-caritas-em-mossoro-criam-espaco-para-acolhimento-em-tempos-de-pandemia\/whatsapp-image-2021-06-02-at-10-57-52\/\" rel=\"attachment wp-att-8102\"><img decoding=\"async\" loading=\"lazy\" class=\"aligncenter wp-image-8102\" src=\"http:\/\/www.caritasne2.org.br\/wp-content\/uploads\/2021\/06\/WhatsApp-Image-2021-06-02-at-10.57.52.jpeg\" alt=\"\" width=\"689\" height=\"689\" srcset=\"https:\/\/www.caritasne2.org.br\/site\/wp-content\/uploads\/2021\/06\/WhatsApp-Image-2021-06-02-at-10.57.52.jpeg 1280w, https:\/\/www.caritasne2.org.br\/site\/wp-content\/uploads\/2021\/06\/WhatsApp-Image-2021-06-02-at-10.57.52-150x150.jpeg 150w, https:\/\/www.caritasne2.org.br\/site\/wp-content\/uploads\/2021\/06\/WhatsApp-Image-2021-06-02-at-10.57.52-300x300.jpeg 300w, https:\/\/www.caritasne2.org.br\/site\/wp-content\/uploads\/2021\/06\/WhatsApp-Image-2021-06-02-at-10.57.52-768x768.jpeg 768w, https:\/\/www.caritasne2.org.br\/site\/wp-content\/uploads\/2021\/06\/WhatsApp-Image-2021-06-02-at-10.57.52-1024x1024.jpeg 1024w\" sizes=\"(max-width: 689px) 100vw, 689px\" \/><\/a><\/p>\n<ul class=\"ssb_list_wrapper\"><li class=\"fb2\" style=\"width:135px\"><iframe src=\"\/\/www.facebook.com\/plugins\/like.php?href=https%3A%2F%2Fwww.caritasne2.org.br%2Fsite%2Fvoluntarios-da-caritas-em-mossoro-criam-espaco-para-acolhimento-em-tempos-de-pandemia%2F&amp;layout=button_count&amp;action=like&amp;show_faces=false&amp;share=true&amp;width=135&amp;height=21&amp;appId=307091639398582\" scrolling=\"no\" frameborder=\"0\" style=\"border:none; overflow:hidden;  width:150px; height:21px;\" allowTransparency=\"true\"><\/iframe><\/li><li class=\"twtr\" style=\"width:90px\"><a href=\"https:\/\/twitter.com\/share\" class=\"twitter-share-button\" data-url=\"https:\/\/www.caritasne2.org.br\/site\/voluntarios-da-caritas-em-mossoro-criam-espaco-para-acolhimento-em-tempos-de-pandemia\/\">&nbsp;<\/a><script>!function(d,s,id){var js,fjs=d.getElementsByTagName(s)[0],p=\/^http:\/.test(d.location)?'http':'https';if(!d.getElementById(id)){js=d.createElement(s);js.id=id;js.src=p+':\/\/platform.twitter.com\/widgets.js';fjs.parentNode.insertBefore(js,fjs);}}(document, 'script', 'twitter-wjs');<\/script><\/li><li class=\"gplus\" style=\"width:68px\"><div class=\"g-plusone\" data-size=\"medium\" data-href=\"https:\/\/www.caritasne2.org.br\/site\/voluntarios-da-caritas-em-mossoro-criam-espaco-para-acolhimento-em-tempos-de-pandemia\/\"><\/div><\/li><li class=\"ssb_linkedin\" style=\"width:64px\"><script src=\"\/\/platform.linkedin.com\/in.js\" type=\"text\/javascript\">lang: en_US<\/script><script type=\"IN\/Share\" data-url=\"https:\/\/www.caritasne2.org.br\/site\/voluntarios-da-caritas-em-mossoro-criam-espaco-para-acolhimento-em-tempos-de-pandemia\/\" data-counter=\"right\"><\/script><\/li><\/ul>","protected":false},"excerpt":{"rendered":"<p>Motivado pela frase do educador e fil\u00f3sofo Paulo Freire, \u201c\u00c9 preciso ter esperan\u00e7a, mas ter esperan\u00e7a do verbo esperan\u00e7ar; porque tem gente que tem esperan\u00e7a do verbo esperar. E esperan\u00e7a do verbo esperar n\u00e3o \u00e9 esperan\u00e7a, \u00e9 espera\u201d, que Francisco Rogenildo, volunt\u00e1rio da C\u00e1ritas Diocesana de Mossor\u00f3 e agente comunit\u00e1rio de sa\u00fade criou juntamente Luiza Maria, e v\u00e1rios residentes multiprofissionais o Projeto Esperan\u00e7ar, na Unidade [&hellip;]<\/p>\n<ul class=\"ssb_list_wrapper\"><li class=\"fb2\" style=\"width:135px\"><iframe src=\"\/\/www.facebook.com\/plugins\/like.php?href=https%3A%2F%2Fwww.caritasne2.org.br%2Fsite%2Fvoluntarios-da-caritas-em-mossoro-criam-espaco-para-acolhimento-em-tempos-de-pandemia%2F&amp;layout=button_count&amp;action=like&amp;show_faces=false&amp;share=true&amp;width=135&amp;height=21&amp;appId=307091639398582\" scrolling=\"no\" frameborder=\"0\" style=\"border:none; overflow:hidden;  width:150px; height:21px;\" allowTransparency=\"true\"><\/iframe><\/li><li class=\"twtr\" style=\"width:90px\"><a href=\"https:\/\/twitter.com\/share\" class=\"twitter-share-button\" data-url=\"https:\/\/www.caritasne2.org.br\/site\/voluntarios-da-caritas-em-mossoro-criam-espaco-para-acolhimento-em-tempos-de-pandemia\/\">&nbsp;<\/a><script>!function(d,s,id){var js,fjs=d.getElementsByTagName(s)[0],p=\/^http:\/.test(d.location)?'http':'https';if(!d.getElementById(id)){js=d.createElement(s);js.id=id;js.src=p+':\/\/platform.twitter.com\/widgets.js';fjs.parentNode.insertBefore(js,fjs);}}(document, 'script', 'twitter-wjs');<\/script><\/li><li class=\"gplus\" style=\"width:68px\"><div class=\"g-plusone\" data-size=\"medium\" data-href=\"https:\/\/www.caritasne2.org.br\/site\/voluntarios-da-caritas-em-mossoro-criam-espaco-para-acolhimento-em-tempos-de-pandemia\/\"><\/div><\/li><li class=\"ssb_linkedin\" style=\"width:64px\"><script src=\"\/\/platform.linkedin.com\/in.js\" type=\"text\/javascript\">lang: en_US<\/script><script type=\"IN\/Share\" data-url=\"https:\/\/www.caritasne2.org.br\/site\/voluntarios-da-caritas-em-mossoro-criam-espaco-para-acolhimento-em-tempos-de-pandemia\/\" data-counter=\"right\"><\/script><\/li><\/ul>","protected":false},"author":4,"featured_media":8096,"comment_status":"open","ping_status":"open","sticky":false,"template":"","format":"standard","meta":[],"categories":[20],"tags":[],"_links":{"self":[{"href":"https:\/\/www.caritasne2.org.br\/site\/wp-json\/wp\/v2\/posts\/8095"}],"collection":[{"href":"https:\/\/www.caritasne2.org.br\/site\/wp-json\/wp\/v2\/posts"}],"about":[{"href":"https:\/\/www.caritasne2.org.br\/site\/wp-json\/wp\/v2\/types\/post"}],"author":[{"embeddable":true,"href":"https:\/\/www.caritasne2.org.br\/site\/wp-json\/wp\/v2\/users\/4"}],"replies":[{"embeddable":true,"href":"https:\/\/www.caritasne2.org.br\/site\/wp-json\/wp\/v2\/comments?post=8095"}],"version-history":[{"count":0,"href":"https:\/\/www.caritasne2.org.br\/site\/wp-json\/wp\/v2\/posts\/8095\/revisions"}],"wp:featuredmedia":[{"embeddable":true,"href":"https:\/\/www.caritasne2.org.br\/site\/wp-json\/wp\/v2\/media\/8096"}],"wp:attachment":[{"href":"https:\/\/www.caritasne2.org.br\/site\/wp-json\/wp\/v2\/media?parent=8095"}],"wp:term":[{"taxonomy":"category","embeddable":true,"href":"https:\/\/www.caritasne2.org.br\/site\/wp-json\/wp\/v2\/categories?post=8095"},{"taxonomy":"post_tag","embeddable":true,"href":"https:\/\/www.caritasne2.org.br\/site\/wp-json\/wp\/v2\/tags?post=8095"}],"curies":[{"name":"wp","href":"https:\/\/api.w.org\/{rel}","templated":true}]}}