{"id":8080,"date":"2021-05-27T09:37:13","date_gmt":"2021-05-27T12:37:13","guid":{"rendered":"http:\/\/www.caritasne2.org.br\/?p=8080"},"modified":"2021-05-27T09:38:06","modified_gmt":"2021-05-27T12:38:06","slug":"caritas-regional-ne2-participa-de-mutirao-de-regularizacao-migratoria-para-migrantes-e-refugiados-venezuelanos","status":"publish","type":"post","link":"https:\/\/www.caritasne2.org.br\/site\/caritas-regional-ne2-participa-de-mutirao-de-regularizacao-migratoria-para-migrantes-e-refugiados-venezuelanos\/","title":{"rendered":"C\u00e1ritas Regional NE2 participa de mutir\u00e3o de regulariza\u00e7\u00e3o para migrantes e refugiados venezuelanos"},"content":{"rendered":"<p style=\"text-align: center;\"><em>Ao todo, mais de 50 migrantes e refugiados realizaram procedimentos para renova\u00e7\u00e3o de solicita\u00e7\u00e3o de ref\u00fagio e solicita\u00e7\u00e3o de autoriza\u00e7\u00e3o de resid\u00eancia<\/em><\/p>\n<p style=\"text-align: justify;\">A C\u00e1ritas Brasileira Regional Nordeste 2, organismo da Conven\u00e7\u00e3o Nacional dos Bispos (CNBB), esteve presente em um mutir\u00e3o realizado na Delegacia de Imigra\u00e7\u00e3o da Pol\u00edcia Federal para atendimento e regulariza\u00e7\u00e3o migrat\u00f3ria de migrantes venezuelanos ind\u00edgenas da etnia Warao residentes na Regi\u00e3o Metropolitana do Recife.<\/p>\n<p style=\"text-align: justify;\">A a\u00e7\u00e3o aconteceu nos dias 24, 25 e 26 de maio atrav\u00e9s de articula\u00e7\u00e3o da Defensoria P\u00fablica da Uni\u00e3o &#8211; DPU, C\u00e1ritas Brasileira Regional Nordeste 2, Servi\u00e7o Pastoral dos Migrantes \u2013 SPM, Funai e colabora\u00e7\u00e3o das prefeituras do Recife e de Jaboat\u00e3o dos Guararapes.<\/p>\n<p style=\"text-align: justify;\">Ao todo, foram atendidos mais de 50 migrantes que realizaram os procedimentos para renova\u00e7\u00e3o de solicita\u00e7\u00e3o de ref\u00fagio e solicita\u00e7\u00e3o de autoriza\u00e7\u00e3o de resid\u00eancia.<\/p>\n<p style=\"text-align: justify;\">Para o assessor de prote\u00e7\u00e3o Daniel Lins, que acompanhou a a\u00e7\u00e3o, a articula\u00e7\u00e3o da CBNE2 em parceria com outras organiza\u00e7\u00f5es da sociedade civil tem sido fundamentais para o andamento desses processos\u00a0&#8220;Tem sido fundamental a articula\u00e7\u00e3o da C\u00e1ritas Regional NE2 com outras organiza\u00e7\u00f5es da sociedade civil, defensorias p\u00fablicas, \u00f3rg\u00e3os de controle e o poder p\u00fablico para fortalecer a rede e garantir a efetiva\u00e7\u00e3o de direitos e integra\u00e7\u00e3o social dos migrantes em situa\u00e7\u00e3o de vulnerabilidade&#8221;, conclui.<\/p>\n<ul class=\"ssb_list_wrapper\"><li class=\"fb2\" style=\"width:135px\"><iframe src=\"\/\/www.facebook.com\/plugins\/like.php?href=https%3A%2F%2Fwww.caritasne2.org.br%2Fsite%2Fcaritas-regional-ne2-participa-de-mutirao-de-regularizacao-migratoria-para-migrantes-e-refugiados-venezuelanos%2F&amp;layout=button_count&amp;action=like&amp;show_faces=false&amp;share=true&amp;width=135&amp;height=21&amp;appId=307091639398582\" scrolling=\"no\" frameborder=\"0\" style=\"border:none; overflow:hidden;  width:150px; height:21px;\" allowTransparency=\"true\"><\/iframe><\/li><li class=\"twtr\" style=\"width:90px\"><a href=\"https:\/\/twitter.com\/share\" class=\"twitter-share-button\" data-url=\"https:\/\/www.caritasne2.org.br\/site\/caritas-regional-ne2-participa-de-mutirao-de-regularizacao-migratoria-para-migrantes-e-refugiados-venezuelanos\/\">&nbsp;<\/a><script>!function(d,s,id){var js,fjs=d.getElementsByTagName(s)[0],p=\/^http:\/.test(d.location)?'http':'https';if(!d.getElementById(id)){js=d.createElement(s);js.id=id;js.src=p+':\/\/platform.twitter.com\/widgets.js';fjs.parentNode.insertBefore(js,fjs);}}(document, 'script', 'twitter-wjs');<\/script><\/li><li class=\"gplus\" style=\"width:68px\"><div class=\"g-plusone\" data-size=\"medium\" data-href=\"https:\/\/www.caritasne2.org.br\/site\/caritas-regional-ne2-participa-de-mutirao-de-regularizacao-migratoria-para-migrantes-e-refugiados-venezuelanos\/\"><\/div><\/li><li class=\"ssb_linkedin\" style=\"width:64px\"><script src=\"\/\/platform.linkedin.com\/in.js\" type=\"text\/javascript\">lang: en_US<\/script><script type=\"IN\/Share\" data-url=\"https:\/\/www.caritasne2.org.br\/site\/caritas-regional-ne2-participa-de-mutirao-de-regularizacao-migratoria-para-migrantes-e-refugiados-venezuelanos\/\" data-counter=\"right\"><\/script><\/li><\/ul>","protected":false},"excerpt":{"rendered":"<p>Ao todo, mais de 50 migrantes e refugiados realizaram procedimentos para renova\u00e7\u00e3o de solicita\u00e7\u00e3o de ref\u00fagio e solicita\u00e7\u00e3o de autoriza\u00e7\u00e3o de resid\u00eancia A C\u00e1ritas Brasileira Regional Nordeste 2, organismo da Conven\u00e7\u00e3o Nacional dos Bispos (CNBB), esteve presente em um mutir\u00e3o realizado na Delegacia de Imigra\u00e7\u00e3o da Pol\u00edcia Federal para atendimento e regulariza\u00e7\u00e3o migrat\u00f3ria de migrantes venezuelanos ind\u00edgenas da etnia Warao residentes na Regi\u00e3o Metropolitana do [&hellip;]<\/p>\n<ul class=\"ssb_list_wrapper\"><li class=\"fb2\" style=\"width:135px\"><iframe src=\"\/\/www.facebook.com\/plugins\/like.php?href=https%3A%2F%2Fwww.caritasne2.org.br%2Fsite%2Fcaritas-regional-ne2-participa-de-mutirao-de-regularizacao-migratoria-para-migrantes-e-refugiados-venezuelanos%2F&amp;layout=button_count&amp;action=like&amp;show_faces=false&amp;share=true&amp;width=135&amp;height=21&amp;appId=307091639398582\" scrolling=\"no\" frameborder=\"0\" style=\"border:none; overflow:hidden;  width:150px; height:21px;\" allowTransparency=\"true\"><\/iframe><\/li><li class=\"twtr\" style=\"width:90px\"><a href=\"https:\/\/twitter.com\/share\" class=\"twitter-share-button\" data-url=\"https:\/\/www.caritasne2.org.br\/site\/caritas-regional-ne2-participa-de-mutirao-de-regularizacao-migratoria-para-migrantes-e-refugiados-venezuelanos\/\">&nbsp;<\/a><script>!function(d,s,id){var js,fjs=d.getElementsByTagName(s)[0],p=\/^http:\/.test(d.location)?'http':'https';if(!d.getElementById(id)){js=d.createElement(s);js.id=id;js.src=p+':\/\/platform.twitter.com\/widgets.js';fjs.parentNode.insertBefore(js,fjs);}}(document, 'script', 'twitter-wjs');<\/script><\/li><li class=\"gplus\" style=\"width:68px\"><div class=\"g-plusone\" data-size=\"medium\" data-href=\"https:\/\/www.caritasne2.org.br\/site\/caritas-regional-ne2-participa-de-mutirao-de-regularizacao-migratoria-para-migrantes-e-refugiados-venezuelanos\/\"><\/div><\/li><li class=\"ssb_linkedin\" style=\"width:64px\"><script src=\"\/\/platform.linkedin.com\/in.js\" type=\"text\/javascript\">lang: en_US<\/script><script type=\"IN\/Share\" data-url=\"https:\/\/www.caritasne2.org.br\/site\/caritas-regional-ne2-participa-de-mutirao-de-regularizacao-migratoria-para-migrantes-e-refugiados-venezuelanos\/\" data-counter=\"right\"><\/script><\/li><\/ul>","protected":false},"author":4,"featured_media":8081,"comment_status":"open","ping_status":"open","sticky":false,"template":"","format":"standard","meta":[],"categories":[21,20],"tags":[],"_links":{"self":[{"href":"https:\/\/www.caritasne2.org.br\/site\/wp-json\/wp\/v2\/posts\/8080"}],"collection":[{"href":"https:\/\/www.caritasne2.org.br\/site\/wp-json\/wp\/v2\/posts"}],"about":[{"href":"https:\/\/www.caritasne2.org.br\/site\/wp-json\/wp\/v2\/types\/post"}],"author":[{"embeddable":true,"href":"https:\/\/www.caritasne2.org.br\/site\/wp-json\/wp\/v2\/users\/4"}],"replies":[{"embeddable":true,"href":"https:\/\/www.caritasne2.org.br\/site\/wp-json\/wp\/v2\/comments?post=8080"}],"version-history":[{"count":0,"href":"https:\/\/www.caritasne2.org.br\/site\/wp-json\/wp\/v2\/posts\/8080\/revisions"}],"wp:featuredmedia":[{"embeddable":true,"href":"https:\/\/www.caritasne2.org.br\/site\/wp-json\/wp\/v2\/media\/8081"}],"wp:attachment":[{"href":"https:\/\/www.caritasne2.org.br\/site\/wp-json\/wp\/v2\/media?parent=8080"}],"wp:term":[{"taxonomy":"category","embeddable":true,"href":"https:\/\/www.caritasne2.org.br\/site\/wp-json\/wp\/v2\/categories?post=8080"},{"taxonomy":"post_tag","embeddable":true,"href":"https:\/\/www.caritasne2.org.br\/site\/wp-json\/wp\/v2\/tags?post=8080"}],"curies":[{"name":"wp","href":"https:\/\/api.w.org\/{rel}","templated":true}]}}