{"id":8074,"date":"2021-05-26T10:27:54","date_gmt":"2021-05-26T13:27:54","guid":{"rendered":"http:\/\/www.caritasne2.org.br\/?p=8074"},"modified":"2021-06-08T18:55:27","modified_gmt":"2021-06-08T21:55:27","slug":"folder-de-conscientizacao-sobre-impactos-causados-pela-implementacao-de-parques-eolicos","status":"publish","type":"post","link":"https:\/\/www.caritasne2.org.br\/site\/folder-de-conscientizacao-sobre-impactos-causados-pela-implementacao-de-parques-eolicos\/","title":{"rendered":"Voc\u00ea conhece os impactos causados pela implementa\u00e7\u00e3o dos Parques E\u00f3licos ?"},"content":{"rendered":"<p>V\u00e1rios s\u00e3o os problemas ambientais, econ\u00f4micos e sociais gerados a\u00a0 partir de uma assinatura de contrato para instala\u00e7\u00e3o de Parques E\u00f3licos. Voc\u00ea conhece os danos deixados por um parque e\u00f3lico na regi\u00e3o em que ele \u00e9 instalado? n\u00e3o?!<\/p>\n<p>Ent\u00e3o confira detalhes a partir do folder de conscientiza\u00e7\u00e3o criado pela C\u00e1ritas Regional NE2, sobre os impactos dos Parque E\u00f3licos\u00a0 Clicando\u00a0<a href=\"http:\/\/www.caritasne2.org.br\/wp-content\/uploads\/2021\/05\/Folder-Parque-E\u00f3lico-A3-frente-e-verso-VALIDADA.pdf\">aqui<\/a>.<\/p>\n<ul class=\"ssb_list_wrapper\"><li class=\"fb2\" style=\"width:135px\"><iframe src=\"\/\/www.facebook.com\/plugins\/like.php?href=https%3A%2F%2Fwww.caritasne2.org.br%2Fsite%2Ffolder-de-conscientizacao-sobre-impactos-causados-pela-implementacao-de-parques-eolicos%2F&amp;layout=button_count&amp;action=like&amp;show_faces=false&amp;share=true&amp;width=135&amp;height=21&amp;appId=307091639398582\" scrolling=\"no\" frameborder=\"0\" style=\"border:none; overflow:hidden;  width:150px; height:21px;\" allowTransparency=\"true\"><\/iframe><\/li><li class=\"twtr\" style=\"width:90px\"><a href=\"https:\/\/twitter.com\/share\" class=\"twitter-share-button\" data-url=\"https:\/\/www.caritasne2.org.br\/site\/folder-de-conscientizacao-sobre-impactos-causados-pela-implementacao-de-parques-eolicos\/\">&nbsp;<\/a><script>!function(d,s,id){var js,fjs=d.getElementsByTagName(s)[0],p=\/^http:\/.test(d.location)?'http':'https';if(!d.getElementById(id)){js=d.createElement(s);js.id=id;js.src=p+':\/\/platform.twitter.com\/widgets.js';fjs.parentNode.insertBefore(js,fjs);}}(document, 'script', 'twitter-wjs');<\/script><\/li><li class=\"gplus\" style=\"width:68px\"><div class=\"g-plusone\" data-size=\"medium\" data-href=\"https:\/\/www.caritasne2.org.br\/site\/folder-de-conscientizacao-sobre-impactos-causados-pela-implementacao-de-parques-eolicos\/\"><\/div><\/li><li class=\"ssb_linkedin\" style=\"width:64px\"><script src=\"\/\/platform.linkedin.com\/in.js\" type=\"text\/javascript\">lang: en_US<\/script><script type=\"IN\/Share\" data-url=\"https:\/\/www.caritasne2.org.br\/site\/folder-de-conscientizacao-sobre-impactos-causados-pela-implementacao-de-parques-eolicos\/\" data-counter=\"right\"><\/script><\/li><\/ul>","protected":false},"excerpt":{"rendered":"<p>V\u00e1rios s\u00e3o os problemas ambientais, econ\u00f4micos e sociais gerados a\u00a0 partir de uma assinatura de contrato para instala\u00e7\u00e3o de Parques E\u00f3licos. Voc\u00ea conhece os danos deixados por um parque e\u00f3lico na regi\u00e3o em que ele \u00e9 instalado? n\u00e3o?! Ent\u00e3o confira detalhes a partir do folder de conscientiza\u00e7\u00e3o criado pela C\u00e1ritas Regional NE2, sobre os impactos dos Parque E\u00f3licos\u00a0 Clicando\u00a0aqui. &nbsp;<\/p>\n<ul class=\"ssb_list_wrapper\"><li class=\"fb2\" style=\"width:135px\"><iframe src=\"\/\/www.facebook.com\/plugins\/like.php?href=https%3A%2F%2Fwww.caritasne2.org.br%2Fsite%2Ffolder-de-conscientizacao-sobre-impactos-causados-pela-implementacao-de-parques-eolicos%2F&amp;layout=button_count&amp;action=like&amp;show_faces=false&amp;share=true&amp;width=135&amp;height=21&amp;appId=307091639398582\" scrolling=\"no\" frameborder=\"0\" style=\"border:none; overflow:hidden;  width:150px; height:21px;\" allowTransparency=\"true\"><\/iframe><\/li><li class=\"twtr\" style=\"width:90px\"><a href=\"https:\/\/twitter.com\/share\" class=\"twitter-share-button\" data-url=\"https:\/\/www.caritasne2.org.br\/site\/folder-de-conscientizacao-sobre-impactos-causados-pela-implementacao-de-parques-eolicos\/\">&nbsp;<\/a><script>!function(d,s,id){var js,fjs=d.getElementsByTagName(s)[0],p=\/^http:\/.test(d.location)?'http':'https';if(!d.getElementById(id)){js=d.createElement(s);js.id=id;js.src=p+':\/\/platform.twitter.com\/widgets.js';fjs.parentNode.insertBefore(js,fjs);}}(document, 'script', 'twitter-wjs');<\/script><\/li><li class=\"gplus\" style=\"width:68px\"><div class=\"g-plusone\" data-size=\"medium\" data-href=\"https:\/\/www.caritasne2.org.br\/site\/folder-de-conscientizacao-sobre-impactos-causados-pela-implementacao-de-parques-eolicos\/\"><\/div><\/li><li class=\"ssb_linkedin\" style=\"width:64px\"><script src=\"\/\/platform.linkedin.com\/in.js\" type=\"text\/javascript\">lang: en_US<\/script><script type=\"IN\/Share\" data-url=\"https:\/\/www.caritasne2.org.br\/site\/folder-de-conscientizacao-sobre-impactos-causados-pela-implementacao-de-parques-eolicos\/\" data-counter=\"right\"><\/script><\/li><\/ul>","protected":false},"author":4,"featured_media":8077,"comment_status":"open","ping_status":"open","sticky":false,"template":"","format":"standard","meta":[],"categories":[21,20],"tags":[],"_links":{"self":[{"href":"https:\/\/www.caritasne2.org.br\/site\/wp-json\/wp\/v2\/posts\/8074"}],"collection":[{"href":"https:\/\/www.caritasne2.org.br\/site\/wp-json\/wp\/v2\/posts"}],"about":[{"href":"https:\/\/www.caritasne2.org.br\/site\/wp-json\/wp\/v2\/types\/post"}],"author":[{"embeddable":true,"href":"https:\/\/www.caritasne2.org.br\/site\/wp-json\/wp\/v2\/users\/4"}],"replies":[{"embeddable":true,"href":"https:\/\/www.caritasne2.org.br\/site\/wp-json\/wp\/v2\/comments?post=8074"}],"version-history":[{"count":0,"href":"https:\/\/www.caritasne2.org.br\/site\/wp-json\/wp\/v2\/posts\/8074\/revisions"}],"wp:featuredmedia":[{"embeddable":true,"href":"https:\/\/www.caritasne2.org.br\/site\/wp-json\/wp\/v2\/media\/8077"}],"wp:attachment":[{"href":"https:\/\/www.caritasne2.org.br\/site\/wp-json\/wp\/v2\/media?parent=8074"}],"wp:term":[{"taxonomy":"category","embeddable":true,"href":"https:\/\/www.caritasne2.org.br\/site\/wp-json\/wp\/v2\/categories?post=8074"},{"taxonomy":"post_tag","embeddable":true,"href":"https:\/\/www.caritasne2.org.br\/site\/wp-json\/wp\/v2\/tags?post=8074"}],"curies":[{"name":"wp","href":"https:\/\/api.w.org\/{rel}","templated":true}]}}