{"id":8065,"date":"2021-05-21T16:02:26","date_gmt":"2021-05-21T19:02:26","guid":{"rendered":"http:\/\/www.caritasne2.org.br\/?p=8065"},"modified":"2021-05-21T16:02:27","modified_gmt":"2021-05-21T19:02:27","slug":"formacao-virtual-para-multiplicadoresas-da-economia-popular-e-solidaria-tem-inicio-no-regional-ne2","status":"publish","type":"post","link":"https:\/\/www.caritasne2.org.br\/site\/formacao-virtual-para-multiplicadoresas-da-economia-popular-e-solidaria-tem-inicio-no-regional-ne2\/","title":{"rendered":"Forma\u00e7\u00e3o Virtual para Multiplicadores(as) da Economia Popular e Solid\u00e1ria tem in\u00edcio no Regional NE2"},"content":{"rendered":"<p style=\"font-weight: 400; text-align: center;\"><em>Ao final da forma\u00e7\u00e3o, o espa\u00e7o foi aberto para opini\u00f5es sobre o material apresentado, al\u00e9m de acordos sobre a execu\u00e7\u00e3o do primeiro m\u00f3dulo do encontro, que acontece no pr\u00f3ximo dia 26 de maio<\/em><\/p>\n<p style=\"font-weight: 400; text-align: justify;\">Em 2020, a C\u00e1ritas Brasileira celebrou os 40 anos de caminhada da Economia Popular e Solid\u00e1ria como uma de suas linhas de a\u00e7\u00e3o. No Regional NE2, algumas atividades comemorativas tamb\u00e9m foram realizadas, homenageando o tema e os grupos e agentes C\u00e1ritas que estiveram presentes ao longo dessa jornada. Nesse sentido, com o prop\u00f3sito de fortalecer esta \u00e1rea de atua\u00e7\u00e3o, os seus agentes C\u00e1ritas nas entidades membro e os assessores regionais de Economia Solid\u00e1ria, a C\u00e1ritas Nordeste 2, atrav\u00e9s do Projeto Promo\u00e7\u00e3o e defesa de direitos na perspectiva da constru\u00e7\u00e3o de sociedades do Bem-viver, parceria com a Misereor, deu in\u00edcio nesta quarta-feira, 19, ao I Curso de Forma\u00e7\u00e3o Virtual de Multiplicadores e Multiplicadoras da Economia Popular e Solid\u00e1ria.<\/p>\n<p style=\"font-weight: 400; text-align: justify;\">O primeiro encontro do curso aconteceu atrav\u00e9s da plataforma Microsoft Teams, e contou com a participa\u00e7\u00e3o dos agentes C\u00e1ritas, assessores regionais, da secret\u00e1ria regional, Neilda Pereira, e de Marcela Vieira, referencial da C\u00e1ritas Brasileira em Economia Popular e Solid\u00e1ria. Tamb\u00e9m estiveram presentes os facilitadores da proposta formativa, os professores universit\u00e1rios Roberto Marinho e Ronalda Barreto, que possuem larga experi\u00eancia com a tem\u00e1tica\u00a0de EPS\u00a0no pa\u00eds.<\/p>\n<p style=\"font-weight: 400; text-align: justify;\">A programa\u00e7\u00e3o teve in\u00edcio com um momento de m\u00edstica, onde foi apresentado um v\u00eddeo com a can\u00e7\u00e3o Ciranda do Bem-Viver, m\u00fasica celebrativa\u00a0dos 40 anos de EPS na C\u00e1ritas Brasileira. Em seguida, Neilda e Marcela deram as boas-vindas aos presentes, destacando a import\u00e2ncia dessa iniciativa para toda a Rede C\u00e1ritas. \u201cSomos um Regional muito grande, com 04 estados de atua\u00e7\u00e3o que ajudaram a construir a hist\u00f3ria da Economia Solid\u00e1ria no nosso territ\u00f3rio e tamb\u00e9m nacionalmente. Mesmo diante da pandemia, tivemos que nos reinventar com criatividade a fim de fortalecer a luta de Paul Singer e Ademar Bertucci, que deram sua vida para que a gente pudesse falar de economia popular e solid\u00e1ria como uma alternativa a esse modelo capitalista \u201d, destacou a secret\u00e1ria.<\/p>\n<p style=\"font-weight: 400; text-align: justify;\">Ap\u00f3s isso, Bruna Suianne e Maria Aparecida Mafra, da assessoria regional, destacaram os objetivos do curso e fizeram um resgate da hist\u00f3ria do tema no Regional. \u201cAs mudan\u00e7as r\u00e1pidas no mundo do trabalho e as perdas de direitos s\u00e3o uma constante no sistema capitalista, deixando \u00e0 revelia os mais fracos que precisam do apoio e da coopera\u00e7\u00e3o solid\u00e1ria para enfrentar os desafios impostos pelo capital. Portanto, a forma\u00e7\u00e3o permanente contribui para a compreens\u00e3o do lugar social que os pequenos ocupam neste ambiente desfavor\u00e1vel, organizando-se para produzir, comercializar, construindo novas rela\u00e7\u00f5es sociais onde a coopera\u00e7\u00e3o, a solidariedade e o cuidado com o outro estejam em primeiro lugar\u201d, refor\u00e7ou Mafra.<\/p>\n<p style=\"font-weight: 400; text-align: justify;\">Na ocasi\u00e3o, o professor Roberto Marinho fez a apresenta\u00e7\u00e3o da grade metodol\u00f3gica do curso, que conta com temas como\u00a0origens hist\u00f3ricas e express\u00f5es da EPS no contexto do capitalismo,\u00a0finan\u00e7as solid\u00e1rias,\u00a0comercializa\u00e7\u00e3o solid\u00e1ria,\u00a0estudo de viabilidade e planos de sustentabilidade em sua grade. Ao final, o espa\u00e7o foi aberto para opini\u00f5es sobre o material apresentado, al\u00e9m de acordos sobre a execu\u00e7\u00e3o do primeiro m\u00f3dulo do encontro, que acontece no pr\u00f3ximo dia 26 de maio.<\/p>\n<p style=\"font-weight: 400; text-align: justify;\">\n<p style=\"font-weight: 400; text-align: justify;\"><a href=\"http:\/\/www.caritasne2.org.br\/formacao-virtual-para-multiplicadoresas-da-economia-popular-e-solidaria-tem-inicio-no-regional-ne2\/whatsapp-image-2021-05-20-at-09-26-46\/\" rel=\"attachment wp-att-8067\"><img decoding=\"async\" loading=\"lazy\" class=\"aligncenter  wp-image-8067\" src=\"http:\/\/www.caritasne2.org.br\/wp-content\/uploads\/2021\/05\/WhatsApp-Image-2021-05-20-at-09.26.46.jpeg\" alt=\"\" width=\"698\" height=\"373\" srcset=\"https:\/\/www.caritasne2.org.br\/site\/wp-content\/uploads\/2021\/05\/WhatsApp-Image-2021-05-20-at-09.26.46.jpeg 1280w, https:\/\/www.caritasne2.org.br\/site\/wp-content\/uploads\/2021\/05\/WhatsApp-Image-2021-05-20-at-09.26.46-300x160.jpeg 300w, https:\/\/www.caritasne2.org.br\/site\/wp-content\/uploads\/2021\/05\/WhatsApp-Image-2021-05-20-at-09.26.46-768x410.jpeg 768w, https:\/\/www.caritasne2.org.br\/site\/wp-content\/uploads\/2021\/05\/WhatsApp-Image-2021-05-20-at-09.26.46-1024x547.jpeg 1024w\" sizes=\"(max-width: 698px) 100vw, 698px\" \/><\/a><\/p>\n<p style=\"font-weight: 400; text-align: justify;\"><a href=\"http:\/\/www.caritasne2.org.br\/formacao-virtual-para-multiplicadoresas-da-economia-popular-e-solidaria-tem-inicio-no-regional-ne2\/whatsapp-image-2021-05-20-at-09-26-45\/\" rel=\"attachment wp-att-8068\"><img decoding=\"async\" loading=\"lazy\" class=\"aligncenter  wp-image-8068\" src=\"http:\/\/www.caritasne2.org.br\/wp-content\/uploads\/2021\/05\/WhatsApp-Image-2021-05-20-at-09.26.45.jpeg\" alt=\"\" width=\"703\" height=\"375\" srcset=\"https:\/\/www.caritasne2.org.br\/site\/wp-content\/uploads\/2021\/05\/WhatsApp-Image-2021-05-20-at-09.26.45.jpeg 1280w, https:\/\/www.caritasne2.org.br\/site\/wp-content\/uploads\/2021\/05\/WhatsApp-Image-2021-05-20-at-09.26.45-300x160.jpeg 300w, https:\/\/www.caritasne2.org.br\/site\/wp-content\/uploads\/2021\/05\/WhatsApp-Image-2021-05-20-at-09.26.45-768x409.jpeg 768w, https:\/\/www.caritasne2.org.br\/site\/wp-content\/uploads\/2021\/05\/WhatsApp-Image-2021-05-20-at-09.26.45-1024x546.jpeg 1024w\" sizes=\"(max-width: 703px) 100vw, 703px\" \/><\/a><\/p>\n<p style=\"font-weight: 400; text-align: justify;\"><a href=\"http:\/\/www.caritasne2.org.br\/formacao-virtual-para-multiplicadoresas-da-economia-popular-e-solidaria-tem-inicio-no-regional-ne2\/whatsapp-image-2021-05-20-at-09-26-44\/\" rel=\"attachment wp-att-8069\"><img decoding=\"async\" loading=\"lazy\" class=\"aligncenter  wp-image-8069\" src=\"http:\/\/www.caritasne2.org.br\/wp-content\/uploads\/2021\/05\/WhatsApp-Image-2021-05-20-at-09.26.44.jpeg\" alt=\"\" width=\"705\" height=\"376\" srcset=\"https:\/\/www.caritasne2.org.br\/site\/wp-content\/uploads\/2021\/05\/WhatsApp-Image-2021-05-20-at-09.26.44.jpeg 1280w, https:\/\/www.caritasne2.org.br\/site\/wp-content\/uploads\/2021\/05\/WhatsApp-Image-2021-05-20-at-09.26.44-300x160.jpeg 300w, https:\/\/www.caritasne2.org.br\/site\/wp-content\/uploads\/2021\/05\/WhatsApp-Image-2021-05-20-at-09.26.44-768x409.jpeg 768w, https:\/\/www.caritasne2.org.br\/site\/wp-content\/uploads\/2021\/05\/WhatsApp-Image-2021-05-20-at-09.26.44-1024x546.jpeg 1024w\" sizes=\"(max-width: 705px) 100vw, 705px\" \/><\/a><\/p>\n<p style=\"font-weight: 400; text-align: justify;\"><a href=\"http:\/\/www.caritasne2.org.br\/formacao-virtual-para-multiplicadoresas-da-economia-popular-e-solidaria-tem-inicio-no-regional-ne2\/whatsapp-image-2021-05-20-at-09-26-43-1\/\" rel=\"attachment wp-att-8070\"><img decoding=\"async\" loading=\"lazy\" class=\"aligncenter  wp-image-8070\" src=\"http:\/\/www.caritasne2.org.br\/wp-content\/uploads\/2021\/05\/WhatsApp-Image-2021-05-20-at-09.26.43-1.jpeg\" alt=\"\" width=\"701\" height=\"372\" srcset=\"https:\/\/www.caritasne2.org.br\/site\/wp-content\/uploads\/2021\/05\/WhatsApp-Image-2021-05-20-at-09.26.43-1.jpeg 1280w, https:\/\/www.caritasne2.org.br\/site\/wp-content\/uploads\/2021\/05\/WhatsApp-Image-2021-05-20-at-09.26.43-1-300x159.jpeg 300w, https:\/\/www.caritasne2.org.br\/site\/wp-content\/uploads\/2021\/05\/WhatsApp-Image-2021-05-20-at-09.26.43-1-768x408.jpeg 768w, https:\/\/www.caritasne2.org.br\/site\/wp-content\/uploads\/2021\/05\/WhatsApp-Image-2021-05-20-at-09.26.43-1-1024x544.jpeg 1024w\" sizes=\"(max-width: 701px) 100vw, 701px\" \/><\/a><\/p>\n<p style=\"font-weight: 400; text-align: justify;\"><a href=\"http:\/\/www.caritasne2.org.br\/formacao-virtual-para-multiplicadoresas-da-economia-popular-e-solidaria-tem-inicio-no-regional-ne2\/whatsapp-image-2021-05-20-at-09-26-43\/\" rel=\"attachment wp-att-8071\"><img decoding=\"async\" loading=\"lazy\" class=\"aligncenter  wp-image-8071\" src=\"http:\/\/www.caritasne2.org.br\/wp-content\/uploads\/2021\/05\/WhatsApp-Image-2021-05-20-at-09.26.43.jpeg\" alt=\"\" width=\"700\" height=\"373\" srcset=\"https:\/\/www.caritasne2.org.br\/site\/wp-content\/uploads\/2021\/05\/WhatsApp-Image-2021-05-20-at-09.26.43.jpeg 1280w, https:\/\/www.caritasne2.org.br\/site\/wp-content\/uploads\/2021\/05\/WhatsApp-Image-2021-05-20-at-09.26.43-300x160.jpeg 300w, https:\/\/www.caritasne2.org.br\/site\/wp-content\/uploads\/2021\/05\/WhatsApp-Image-2021-05-20-at-09.26.43-768x410.jpeg 768w, https:\/\/www.caritasne2.org.br\/site\/wp-content\/uploads\/2021\/05\/WhatsApp-Image-2021-05-20-at-09.26.43-1024x546.jpeg 1024w\" sizes=\"(max-width: 700px) 100vw, 700px\" \/><\/a><\/p>\n<ul class=\"ssb_list_wrapper\"><li class=\"fb2\" style=\"width:135px\"><iframe src=\"\/\/www.facebook.com\/plugins\/like.php?href=https%3A%2F%2Fwww.caritasne2.org.br%2Fsite%2Fformacao-virtual-para-multiplicadoresas-da-economia-popular-e-solidaria-tem-inicio-no-regional-ne2%2F&amp;layout=button_count&amp;action=like&amp;show_faces=false&amp;share=true&amp;width=135&amp;height=21&amp;appId=307091639398582\" scrolling=\"no\" frameborder=\"0\" style=\"border:none; overflow:hidden;  width:150px; height:21px;\" allowTransparency=\"true\"><\/iframe><\/li><li class=\"twtr\" style=\"width:90px\"><a href=\"https:\/\/twitter.com\/share\" class=\"twitter-share-button\" data-url=\"https:\/\/www.caritasne2.org.br\/site\/formacao-virtual-para-multiplicadoresas-da-economia-popular-e-solidaria-tem-inicio-no-regional-ne2\/\">&nbsp;<\/a><script>!function(d,s,id){var js,fjs=d.getElementsByTagName(s)[0],p=\/^http:\/.test(d.location)?'http':'https';if(!d.getElementById(id)){js=d.createElement(s);js.id=id;js.src=p+':\/\/platform.twitter.com\/widgets.js';fjs.parentNode.insertBefore(js,fjs);}}(document, 'script', 'twitter-wjs');<\/script><\/li><li class=\"gplus\" style=\"width:68px\"><div class=\"g-plusone\" data-size=\"medium\" data-href=\"https:\/\/www.caritasne2.org.br\/site\/formacao-virtual-para-multiplicadoresas-da-economia-popular-e-solidaria-tem-inicio-no-regional-ne2\/\"><\/div><\/li><li class=\"ssb_linkedin\" style=\"width:64px\"><script src=\"\/\/platform.linkedin.com\/in.js\" type=\"text\/javascript\">lang: en_US<\/script><script type=\"IN\/Share\" data-url=\"https:\/\/www.caritasne2.org.br\/site\/formacao-virtual-para-multiplicadoresas-da-economia-popular-e-solidaria-tem-inicio-no-regional-ne2\/\" data-counter=\"right\"><\/script><\/li><\/ul>","protected":false},"excerpt":{"rendered":"<p>Ao final da forma\u00e7\u00e3o, o espa\u00e7o foi aberto para opini\u00f5es sobre o material apresentado, al\u00e9m de acordos sobre a execu\u00e7\u00e3o do primeiro m\u00f3dulo do encontro, que acontece no pr\u00f3ximo dia 26 de maio Em 2020, a C\u00e1ritas Brasileira celebrou os 40 anos de caminhada da Economia Popular e Solid\u00e1ria como uma de suas linhas de a\u00e7\u00e3o. No Regional NE2, algumas atividades comemorativas tamb\u00e9m foram realizadas, [&hellip;]<\/p>\n<ul class=\"ssb_list_wrapper\"><li class=\"fb2\" style=\"width:135px\"><iframe src=\"\/\/www.facebook.com\/plugins\/like.php?href=https%3A%2F%2Fwww.caritasne2.org.br%2Fsite%2Fformacao-virtual-para-multiplicadoresas-da-economia-popular-e-solidaria-tem-inicio-no-regional-ne2%2F&amp;layout=button_count&amp;action=like&amp;show_faces=false&amp;share=true&amp;width=135&amp;height=21&amp;appId=307091639398582\" scrolling=\"no\" frameborder=\"0\" style=\"border:none; overflow:hidden;  width:150px; height:21px;\" allowTransparency=\"true\"><\/iframe><\/li><li class=\"twtr\" style=\"width:90px\"><a href=\"https:\/\/twitter.com\/share\" class=\"twitter-share-button\" data-url=\"https:\/\/www.caritasne2.org.br\/site\/formacao-virtual-para-multiplicadoresas-da-economia-popular-e-solidaria-tem-inicio-no-regional-ne2\/\">&nbsp;<\/a><script>!function(d,s,id){var js,fjs=d.getElementsByTagName(s)[0],p=\/^http:\/.test(d.location)?'http':'https';if(!d.getElementById(id)){js=d.createElement(s);js.id=id;js.src=p+':\/\/platform.twitter.com\/widgets.js';fjs.parentNode.insertBefore(js,fjs);}}(document, 'script', 'twitter-wjs');<\/script><\/li><li class=\"gplus\" style=\"width:68px\"><div class=\"g-plusone\" data-size=\"medium\" data-href=\"https:\/\/www.caritasne2.org.br\/site\/formacao-virtual-para-multiplicadoresas-da-economia-popular-e-solidaria-tem-inicio-no-regional-ne2\/\"><\/div><\/li><li class=\"ssb_linkedin\" style=\"width:64px\"><script src=\"\/\/platform.linkedin.com\/in.js\" type=\"text\/javascript\">lang: en_US<\/script><script type=\"IN\/Share\" data-url=\"https:\/\/www.caritasne2.org.br\/site\/formacao-virtual-para-multiplicadoresas-da-economia-popular-e-solidaria-tem-inicio-no-regional-ne2\/\" data-counter=\"right\"><\/script><\/li><\/ul>","protected":false},"author":4,"featured_media":8066,"comment_status":"open","ping_status":"open","sticky":false,"template":"","format":"standard","meta":[],"categories":[21,20],"tags":[],"_links":{"self":[{"href":"https:\/\/www.caritasne2.org.br\/site\/wp-json\/wp\/v2\/posts\/8065"}],"collection":[{"href":"https:\/\/www.caritasne2.org.br\/site\/wp-json\/wp\/v2\/posts"}],"about":[{"href":"https:\/\/www.caritasne2.org.br\/site\/wp-json\/wp\/v2\/types\/post"}],"author":[{"embeddable":true,"href":"https:\/\/www.caritasne2.org.br\/site\/wp-json\/wp\/v2\/users\/4"}],"replies":[{"embeddable":true,"href":"https:\/\/www.caritasne2.org.br\/site\/wp-json\/wp\/v2\/comments?post=8065"}],"version-history":[{"count":0,"href":"https:\/\/www.caritasne2.org.br\/site\/wp-json\/wp\/v2\/posts\/8065\/revisions"}],"wp:featuredmedia":[{"embeddable":true,"href":"https:\/\/www.caritasne2.org.br\/site\/wp-json\/wp\/v2\/media\/8066"}],"wp:attachment":[{"href":"https:\/\/www.caritasne2.org.br\/site\/wp-json\/wp\/v2\/media?parent=8065"}],"wp:term":[{"taxonomy":"category","embeddable":true,"href":"https:\/\/www.caritasne2.org.br\/site\/wp-json\/wp\/v2\/categories?post=8065"},{"taxonomy":"post_tag","embeddable":true,"href":"https:\/\/www.caritasne2.org.br\/site\/wp-json\/wp\/v2\/tags?post=8065"}],"curies":[{"name":"wp","href":"https:\/\/api.w.org\/{rel}","templated":true}]}}