{"id":8045,"date":"2021-05-18T15:57:24","date_gmt":"2021-05-18T18:57:24","guid":{"rendered":"http:\/\/www.caritasne2.org.br\/?p=8045"},"modified":"2021-05-19T11:08:46","modified_gmt":"2021-05-19T14:08:46","slug":"visita-a-comunidade-agricultora-em-moreno-pe-promove-acolhimento-e-integracao-da-populacao-indigena-warao-residente-no-recife","status":"publish","type":"post","link":"https:\/\/www.caritasne2.org.br\/site\/visita-a-comunidade-agricultora-em-moreno-pe-promove-acolhimento-e-integracao-da-populacao-indigena-warao-residente-no-recife\/","title":{"rendered":"Visita a comunidade agricultora em Moreno &#8211; PE promove acolhimento e integra\u00e7\u00e3o da popula\u00e7\u00e3o ind\u00edgena Warao residente no Recife"},"content":{"rendered":"<p style=\"font-weight: 400; text-align: center;\"><em>A programa\u00e7\u00e3o foi diversa, desde a acolhida com um caf\u00e9 da manh\u00e3, at\u00e9 a distribui\u00e7\u00e3o de presentes e a ben\u00e7\u00e3o de Dom Limac\u00eado, bispo auxiliar da Arquidiocese de Olinda e Recife ao final da visita<\/em><\/p>\n<p style=\"font-weight: 400; text-align: justify;\">Nesta segunda-feira, (17), a C\u00e1ritas Regional NE2 se fez presente na Comunidade do Una, Moreno &#8211; PE, com o objetivo de propiciar um momento de encontro e integra\u00e7\u00e3o comunit\u00e1ria de migrantes venezuelanos da etnia ind\u00edgena Warao, residentes no Recife, com integrantes da Comunidade Rural do Una.<\/p>\n<p style=\"font-weight: 400; text-align: justify;\">A visita se deu atrav\u00e9s de uma articula\u00e7\u00e3o conjunta com a Confer\u00eancia dos Religiosos do Brasil Regional Recife, Comiss\u00e3o Pastoral da Terra Nordeste 2 \u2013 CPT NE2, Servi\u00e7o Pastoral dos Migrantes &#8211; SPM, representantes da Arquidiocese de Olinda e Recife, com a presen\u00e7a de Dom Limac\u00eado, Bispo auxiliar da Arquidiocese de Olinda e Recife, e um pequeno grupo de ind\u00edgenas venezuelanos da etnia Warao.<\/p>\n<p style=\"font-weight: 400; text-align: justify;\">A programa\u00e7\u00e3o teve in\u00edcio com um caf\u00e9 da manh\u00e3 organizado por agricultores da comunidade para acolhimento dos visitantes e foi seguida por uma ampla roda de di\u00e1logo entre todos os presentes, apresenta\u00e7\u00e3o hist\u00f3rica do lugar e uma caminhada por diferentes s\u00edtios e depend\u00eancias que integram a comunidade, como forma de conhecimento e apresenta\u00e7\u00e3o da forma de vida das pessoas que vivem e trabalham no local.<\/p>\n<p style=\"font-weight: 400; text-align: justify;\">A Comunidade do Una \u00e9 composta por mais de 50 fam\u00edlias, sendo algumas residentes na localidade h\u00e1 mais de 70 anos, que, al\u00e9m de desenvolverem atividades agr\u00edcolas de maneira comunit\u00e1ria, lutam pelo direito \u00e0 terra e de desenvolverem suas vidas com o trabalho dedicado a ela.<\/p>\n<p style=\"font-weight: 400; text-align: justify;\">A C\u00e1ritas Regional NE2 se fez presente atrav\u00e9s\u00a0do assistente de prote\u00e7\u00e3o Daniel Lins e do educador social David Ramos, ambos integrantes do Programa de Migra\u00e7\u00e3o e Ref\u00fagio do Regional NE2. Tocado pelo momento, o educador social David Ramos, que tamb\u00e9m \u00e9 venezuelano, destacou a import\u00e2ncia desse encontro para as a\u00e7\u00f5es da C\u00e1ritas\u00a0 Regional NE2 atrav\u00e9s do Programa de Migra\u00e7\u00e3o e Ref\u00fagio e para o grupo de ind\u00edgenas Warao: \u201cFoi muito importante participar dessa atividade, pois foi uma a\u00e7\u00e3o que nasce da iniciativa das bases e \u00e9 articulada por parceiros das distintas pastorais que deram in\u00edcio a abordagem, tanto da pastoral da terra como de migra\u00e7\u00e3o, tendo possibilidade de continuar o acompanhamento de processos aut\u00eanticos de integra\u00e7\u00e3o social no objetivo dos migrantes conseguirem caminhar por sua conta pr\u00f3pria\u201d, conclui.<\/p>\n<p style=\"font-weight: 400;\"><a href=\"http:\/\/www.caritasne2.org.br\/visita-a-comunidade-agricultora-em-moreno-pe-promove-acolhimento-e-integracao-da-populacao-indigena-warao-residente-no-recife\/whatsapp-image-2021-05-18-at-08-17-07\/\" rel=\"attachment wp-att-8047\"><img decoding=\"async\" loading=\"lazy\" class=\"aligncenter wp-image-8047\" src=\"http:\/\/www.caritasne2.org.br\/wp-content\/uploads\/2021\/05\/WhatsApp-Image-2021-05-18-at-08.17.07.jpeg\" alt=\"\" width=\"702\" height=\"525\" srcset=\"https:\/\/www.caritasne2.org.br\/site\/wp-content\/uploads\/2021\/05\/WhatsApp-Image-2021-05-18-at-08.17.07.jpeg 1280w, https:\/\/www.caritasne2.org.br\/site\/wp-content\/uploads\/2021\/05\/WhatsApp-Image-2021-05-18-at-08.17.07-300x225.jpeg 300w, https:\/\/www.caritasne2.org.br\/site\/wp-content\/uploads\/2021\/05\/WhatsApp-Image-2021-05-18-at-08.17.07-768x575.jpeg 768w, https:\/\/www.caritasne2.org.br\/site\/wp-content\/uploads\/2021\/05\/WhatsApp-Image-2021-05-18-at-08.17.07-1024x766.jpeg 1024w\" sizes=\"(max-width: 702px) 100vw, 702px\" \/><\/a><\/p>\n<p style=\"font-weight: 400;\"><a href=\"http:\/\/www.caritasne2.org.br\/visita-a-comunidade-agricultora-em-moreno-pe-promove-acolhimento-e-integracao-da-populacao-indigena-warao-residente-no-recife\/whatsapp-image-2021-05-18-at-08-17-06-3\/\" rel=\"attachment wp-att-8048\"><img decoding=\"async\" loading=\"lazy\" class=\"aligncenter wp-image-8048\" src=\"http:\/\/www.caritasne2.org.br\/wp-content\/uploads\/2021\/05\/WhatsApp-Image-2021-05-18-at-08.17.06-3.jpeg\" alt=\"\" width=\"712\" height=\"533\" srcset=\"https:\/\/www.caritasne2.org.br\/site\/wp-content\/uploads\/2021\/05\/WhatsApp-Image-2021-05-18-at-08.17.06-3.jpeg 1280w, https:\/\/www.caritasne2.org.br\/site\/wp-content\/uploads\/2021\/05\/WhatsApp-Image-2021-05-18-at-08.17.06-3-300x225.jpeg 300w, https:\/\/www.caritasne2.org.br\/site\/wp-content\/uploads\/2021\/05\/WhatsApp-Image-2021-05-18-at-08.17.06-3-768x575.jpeg 768w, https:\/\/www.caritasne2.org.br\/site\/wp-content\/uploads\/2021\/05\/WhatsApp-Image-2021-05-18-at-08.17.06-3-1024x766.jpeg 1024w\" sizes=\"(max-width: 712px) 100vw, 712px\" \/><\/a><\/p>\n<p style=\"font-weight: 400;\"><a href=\"http:\/\/www.caritasne2.org.br\/visita-a-comunidade-agricultora-em-moreno-pe-promove-acolhimento-e-integracao-da-populacao-indigena-warao-residente-no-recife\/whatsapp-image-2021-05-18-at-08-17-06-2\/\" rel=\"attachment wp-att-8049\"><img decoding=\"async\" loading=\"lazy\" class=\"aligncenter wp-image-8049\" src=\"http:\/\/www.caritasne2.org.br\/wp-content\/uploads\/2021\/05\/WhatsApp-Image-2021-05-18-at-08.17.06-2.jpeg\" alt=\"\" width=\"715\" height=\"535\" srcset=\"https:\/\/www.caritasne2.org.br\/site\/wp-content\/uploads\/2021\/05\/WhatsApp-Image-2021-05-18-at-08.17.06-2.jpeg 1280w, https:\/\/www.caritasne2.org.br\/site\/wp-content\/uploads\/2021\/05\/WhatsApp-Image-2021-05-18-at-08.17.06-2-300x225.jpeg 300w, https:\/\/www.caritasne2.org.br\/site\/wp-content\/uploads\/2021\/05\/WhatsApp-Image-2021-05-18-at-08.17.06-2-768x575.jpeg 768w, https:\/\/www.caritasne2.org.br\/site\/wp-content\/uploads\/2021\/05\/WhatsApp-Image-2021-05-18-at-08.17.06-2-1024x766.jpeg 1024w\" sizes=\"(max-width: 715px) 100vw, 715px\" \/><\/a><\/p>\n<p style=\"font-weight: 400;\"><a href=\"http:\/\/www.caritasne2.org.br\/visita-a-comunidade-agricultora-em-moreno-pe-promove-acolhimento-e-integracao-da-populacao-indigena-warao-residente-no-recife\/whatsapp-image-2021-05-18-at-08-17-05\/\" rel=\"attachment wp-att-8050\"><img decoding=\"async\" loading=\"lazy\" class=\"aligncenter wp-image-8050\" src=\"http:\/\/www.caritasne2.org.br\/wp-content\/uploads\/2021\/05\/WhatsApp-Image-2021-05-18-at-08.17.05.jpeg\" alt=\"\" width=\"714\" height=\"536\" srcset=\"https:\/\/www.caritasne2.org.br\/site\/wp-content\/uploads\/2021\/05\/WhatsApp-Image-2021-05-18-at-08.17.05.jpeg 1280w, https:\/\/www.caritasne2.org.br\/site\/wp-content\/uploads\/2021\/05\/WhatsApp-Image-2021-05-18-at-08.17.05-300x225.jpeg 300w, https:\/\/www.caritasne2.org.br\/site\/wp-content\/uploads\/2021\/05\/WhatsApp-Image-2021-05-18-at-08.17.05-768x576.jpeg 768w, https:\/\/www.caritasne2.org.br\/site\/wp-content\/uploads\/2021\/05\/WhatsApp-Image-2021-05-18-at-08.17.05-1024x768.jpeg 1024w\" sizes=\"(max-width: 714px) 100vw, 714px\" \/><\/a><\/p>\n<ul class=\"ssb_list_wrapper\"><li class=\"fb2\" style=\"width:135px\"><iframe src=\"\/\/www.facebook.com\/plugins\/like.php?href=https%3A%2F%2Fwww.caritasne2.org.br%2Fsite%2Fvisita-a-comunidade-agricultora-em-moreno-pe-promove-acolhimento-e-integracao-da-populacao-indigena-warao-residente-no-recife%2F&amp;layout=button_count&amp;action=like&amp;show_faces=false&amp;share=true&amp;width=135&amp;height=21&amp;appId=307091639398582\" scrolling=\"no\" frameborder=\"0\" style=\"border:none; overflow:hidden;  width:150px; height:21px;\" allowTransparency=\"true\"><\/iframe><\/li><li class=\"twtr\" style=\"width:90px\"><a href=\"https:\/\/twitter.com\/share\" class=\"twitter-share-button\" data-url=\"https:\/\/www.caritasne2.org.br\/site\/visita-a-comunidade-agricultora-em-moreno-pe-promove-acolhimento-e-integracao-da-populacao-indigena-warao-residente-no-recife\/\">&nbsp;<\/a><script>!function(d,s,id){var js,fjs=d.getElementsByTagName(s)[0],p=\/^http:\/.test(d.location)?'http':'https';if(!d.getElementById(id)){js=d.createElement(s);js.id=id;js.src=p+':\/\/platform.twitter.com\/widgets.js';fjs.parentNode.insertBefore(js,fjs);}}(document, 'script', 'twitter-wjs');<\/script><\/li><li class=\"gplus\" style=\"width:68px\"><div class=\"g-plusone\" data-size=\"medium\" data-href=\"https:\/\/www.caritasne2.org.br\/site\/visita-a-comunidade-agricultora-em-moreno-pe-promove-acolhimento-e-integracao-da-populacao-indigena-warao-residente-no-recife\/\"><\/div><\/li><li class=\"ssb_linkedin\" style=\"width:64px\"><script src=\"\/\/platform.linkedin.com\/in.js\" type=\"text\/javascript\">lang: en_US<\/script><script type=\"IN\/Share\" data-url=\"https:\/\/www.caritasne2.org.br\/site\/visita-a-comunidade-agricultora-em-moreno-pe-promove-acolhimento-e-integracao-da-populacao-indigena-warao-residente-no-recife\/\" data-counter=\"right\"><\/script><\/li><\/ul>","protected":false},"excerpt":{"rendered":"<p>A programa\u00e7\u00e3o foi diversa, desde a acolhida com um caf\u00e9 da manh\u00e3, at\u00e9 a distribui\u00e7\u00e3o de presentes e a ben\u00e7\u00e3o de Dom Limac\u00eado, bispo auxiliar da Arquidiocese de Olinda e Recife ao final da visita Nesta segunda-feira, (17), a C\u00e1ritas Regional NE2 se fez presente na Comunidade do Una, Moreno &#8211; PE, com o objetivo de propiciar um momento de encontro e integra\u00e7\u00e3o comunit\u00e1ria de [&hellip;]<\/p>\n<ul class=\"ssb_list_wrapper\"><li class=\"fb2\" style=\"width:135px\"><iframe src=\"\/\/www.facebook.com\/plugins\/like.php?href=https%3A%2F%2Fwww.caritasne2.org.br%2Fsite%2Fvisita-a-comunidade-agricultora-em-moreno-pe-promove-acolhimento-e-integracao-da-populacao-indigena-warao-residente-no-recife%2F&amp;layout=button_count&amp;action=like&amp;show_faces=false&amp;share=true&amp;width=135&amp;height=21&amp;appId=307091639398582\" scrolling=\"no\" frameborder=\"0\" style=\"border:none; overflow:hidden;  width:150px; height:21px;\" allowTransparency=\"true\"><\/iframe><\/li><li class=\"twtr\" style=\"width:90px\"><a href=\"https:\/\/twitter.com\/share\" class=\"twitter-share-button\" data-url=\"https:\/\/www.caritasne2.org.br\/site\/visita-a-comunidade-agricultora-em-moreno-pe-promove-acolhimento-e-integracao-da-populacao-indigena-warao-residente-no-recife\/\">&nbsp;<\/a><script>!function(d,s,id){var js,fjs=d.getElementsByTagName(s)[0],p=\/^http:\/.test(d.location)?'http':'https';if(!d.getElementById(id)){js=d.createElement(s);js.id=id;js.src=p+':\/\/platform.twitter.com\/widgets.js';fjs.parentNode.insertBefore(js,fjs);}}(document, 'script', 'twitter-wjs');<\/script><\/li><li class=\"gplus\" style=\"width:68px\"><div class=\"g-plusone\" data-size=\"medium\" data-href=\"https:\/\/www.caritasne2.org.br\/site\/visita-a-comunidade-agricultora-em-moreno-pe-promove-acolhimento-e-integracao-da-populacao-indigena-warao-residente-no-recife\/\"><\/div><\/li><li class=\"ssb_linkedin\" style=\"width:64px\"><script src=\"\/\/platform.linkedin.com\/in.js\" type=\"text\/javascript\">lang: en_US<\/script><script type=\"IN\/Share\" data-url=\"https:\/\/www.caritasne2.org.br\/site\/visita-a-comunidade-agricultora-em-moreno-pe-promove-acolhimento-e-integracao-da-populacao-indigena-warao-residente-no-recife\/\" data-counter=\"right\"><\/script><\/li><\/ul>","protected":false},"author":4,"featured_media":8046,"comment_status":"open","ping_status":"open","sticky":false,"template":"","format":"standard","meta":[],"categories":[21,20],"tags":[],"_links":{"self":[{"href":"https:\/\/www.caritasne2.org.br\/site\/wp-json\/wp\/v2\/posts\/8045"}],"collection":[{"href":"https:\/\/www.caritasne2.org.br\/site\/wp-json\/wp\/v2\/posts"}],"about":[{"href":"https:\/\/www.caritasne2.org.br\/site\/wp-json\/wp\/v2\/types\/post"}],"author":[{"embeddable":true,"href":"https:\/\/www.caritasne2.org.br\/site\/wp-json\/wp\/v2\/users\/4"}],"replies":[{"embeddable":true,"href":"https:\/\/www.caritasne2.org.br\/site\/wp-json\/wp\/v2\/comments?post=8045"}],"version-history":[{"count":0,"href":"https:\/\/www.caritasne2.org.br\/site\/wp-json\/wp\/v2\/posts\/8045\/revisions"}],"wp:featuredmedia":[{"embeddable":true,"href":"https:\/\/www.caritasne2.org.br\/site\/wp-json\/wp\/v2\/media\/8046"}],"wp:attachment":[{"href":"https:\/\/www.caritasne2.org.br\/site\/wp-json\/wp\/v2\/media?parent=8045"}],"wp:term":[{"taxonomy":"category","embeddable":true,"href":"https:\/\/www.caritasne2.org.br\/site\/wp-json\/wp\/v2\/categories?post=8045"},{"taxonomy":"post_tag","embeddable":true,"href":"https:\/\/www.caritasne2.org.br\/site\/wp-json\/wp\/v2\/tags?post=8045"}],"curies":[{"name":"wp","href":"https:\/\/api.w.org\/{rel}","templated":true}]}}