{"id":8035,"date":"2021-05-18T10:50:59","date_gmt":"2021-05-18T13:50:59","guid":{"rendered":"http:\/\/www.caritasne2.org.br\/?p=8035"},"modified":"2021-05-19T11:09:18","modified_gmt":"2021-05-19T14:09:18","slug":"caritas-regional-ne2-participa-de-seminario-sobre-transicao-energetica-justa-e-popular","status":"publish","type":"post","link":"https:\/\/www.caritasne2.org.br\/site\/caritas-regional-ne2-participa-de-seminario-sobre-transicao-energetica-justa-e-popular\/","title":{"rendered":"C\u00e1ritas Regional NE2 participa de semin\u00e1rio sobre transi\u00e7\u00e3o energ\u00e9tica justa e popular"},"content":{"rendered":"<p style=\"font-weight: 400; text-align: center;\"><em>O evento foi promovido pelo F\u00f3rum de Mudan\u00e7as Clim\u00e1ticas e Justi\u00e7a Socioambiental n\u00facleo Nordeste, do qual a institui\u00e7\u00e3o \u00e9 integrante<\/em><\/p>\n<p style=\"font-weight: 400; text-align: justify;\">Nos dias 8 e 15 de maio, a C\u00e1ritas Regional NE2 participou do Semin\u00e1rio de Transi\u00e7\u00e3o Energ\u00e9tica Justa e Popular para o Nordeste da gente, promovido pelo N\u00facleo NE do F\u00f3rum de Mudan\u00e7as Clim\u00e1ticas e Justi\u00e7a Socioambiental (FMCJS), pelo\u00a0Comit\u00ea de Energia Renov\u00e1vel (CERSA), pela Frente Por Uma Nova Pol\u00edtica Energ\u00e9tica para o Brasil e pela C\u00e1ritas Brasileira, como parte do projeto \u201cCuidando da Casa Comum\u201d, apoiado pela institui\u00e7\u00e3o cat\u00f3lica alem\u00e3 Misereor.<\/p>\n<p style=\"font-weight: 400; text-align: justify;\">O encontro aconteceu virtualmente, atrav\u00e9s da plataforma Zoom Meeting, e teve como prop\u00f3sito definir estrat\u00e9gias e objetivos comuns para a regi\u00e3o do Nordeste, com vistas \u00e0 transi\u00e7\u00e3o justa e popular alinhadas com os movimentos nacional e internacional; elaborar diretrizes comuns para a organiza\u00e7\u00e3o das articula\u00e7\u00f5es estaduais e biomas; e definir bandeiras e estrat\u00e9gias de lutas imediatas.<\/p>\n<p style=\"font-weight: 400; text-align: justify;\">A atividade reuniu mais de 60 membros de organiza\u00e7\u00f5es, universidades, movimentos e associa\u00e7\u00f5es que t\u00eam atua\u00e7\u00e3o com a tem\u00e1tica e que integram o FMCJS. Na pauta do primeiro dia, um painel discutiu o panorama e os desafios da transi\u00e7\u00e3o energ\u00e9tica justa e popular, seguido de um debate sobre as principais quest\u00f5es abordadas. O painel foi ministrado pelos palestrantes\u00a0T\u00e2nia Ricaldi, pesquisadora do Centro de Estudos Superiores Universit\u00e1rios da Universidad Mayor de San Sim\u00f3n (CESU-UMSS),\u00a0da Bol\u00edvia; e por Jo\u00edlson Costa, engenheiro el\u00e9trico e coordenador da Frente Por Uma Nova Pol\u00edtica Energ\u00e9tica. Tamb\u00e9m foram mostradas nove experi\u00eancias exitosas dos diversos biomas brasileiros, promovendo um interc\u00e2mbio sobre o que est\u00e1 sendo realizado pelas organiza\u00e7\u00f5es de experi\u00eancias concretas envolvendo a transi\u00e7\u00e3o energ\u00e9tica justa e popular nessas regi\u00f5es.<\/p>\n<p style=\"font-weight: 400; text-align: justify;\">No dia 15, ocorreu um painel que trouxe como quest\u00e3o central como os biomas nordestinos est\u00e3o sendo impactados pela ind\u00fastria energ\u00e9tica, ministrado pelo professor Alexandre Costa, da\u00a0Universidade Estadual do Cear\u00e1 (UECE),\u00a0e pela climat\u00f3loga do\u00a0Instituto Agron\u00f4mico de Pernambuco, Francis Lacerda. Ap\u00f3s as palestras, os participantes foram divididos em grupos, por estados, para discutir quais os principais desafios, estrat\u00e9gias de enfrentamento e a\u00e7\u00f5es concretas para a constru\u00e7\u00e3o da TEJP no Nordeste. O encontro foi finalizado com a apresenta\u00e7\u00e3o de estrat\u00e9gias e propostas de a\u00e7\u00f5es concretas, al\u00e9m da constru\u00e7\u00e3o coletiva de uma Carta P\u00fablica do semin\u00e1rio.<\/p>\n<p style=\"font-weight: 400; text-align: justify;\">Para a assessora regional da C\u00e1ritas Nordeste 2, Bruna Suianne, a participa\u00e7\u00e3o nessas discuss\u00f5es possibilita a constru\u00e7\u00e3o de estrat\u00e9gias coletivas e incid\u00eancia nas comunidades. \u201c\u00c9 fundamental que o que n\u00f3s vivenciamos nesses dois dias tamb\u00e9m seja divulgado e repassado para toda a sociedade, que ainda n\u00e3o tem conhecimento sobre as reais problem\u00e1ticas causadas pelos atuais modelos energ\u00e9ticos que excluem e segregam a popula\u00e7\u00e3o mais vulner\u00e1vel. Essa transi\u00e7\u00e3o precisa acontecer de forma justa, popular e tamb\u00e9m inclusiva, como foi mostrado nas experi\u00eancias que j\u00e1 acontecem em todo o Nordeste\u201d, refor\u00e7ou.<\/p>\n<p style=\"font-weight: 400;\"><a href=\"http:\/\/www.caritasne2.org.br\/caritas-regional-ne2-participa-de-seminario-sobre-transicao-energetica-justa-e-popular\/forimmm\/\" rel=\"attachment wp-att-8038\"><img decoding=\"async\" loading=\"lazy\" class=\"aligncenter wp-image-8038\" src=\"http:\/\/www.caritasne2.org.br\/wp-content\/uploads\/2021\/05\/FORIMMM.png\" alt=\"\" width=\"676\" height=\"350\" srcset=\"https:\/\/www.caritasne2.org.br\/site\/wp-content\/uploads\/2021\/05\/FORIMMM.png 1366w, https:\/\/www.caritasne2.org.br\/site\/wp-content\/uploads\/2021\/05\/FORIMMM-300x155.png 300w, https:\/\/www.caritasne2.org.br\/site\/wp-content\/uploads\/2021\/05\/FORIMMM-768x397.png 768w, https:\/\/www.caritasne2.org.br\/site\/wp-content\/uploads\/2021\/05\/FORIMMM-1024x530.png 1024w\" sizes=\"(max-width: 676px) 100vw, 676px\" \/><\/a><\/p>\n<p style=\"font-weight: 400;\"><a href=\"http:\/\/www.caritasne2.org.br\/caritas-regional-ne2-participa-de-seminario-sobre-transicao-energetica-justa-e-popular\/seminatyo\/\" rel=\"attachment wp-att-8039\"><img decoding=\"async\" loading=\"lazy\" class=\"aligncenter wp-image-8039\" src=\"http:\/\/www.caritasne2.org.br\/wp-content\/uploads\/2021\/05\/seminatyo.png\" alt=\"\" width=\"671\" height=\"345\" srcset=\"https:\/\/www.caritasne2.org.br\/site\/wp-content\/uploads\/2021\/05\/seminatyo.png 1366w, https:\/\/www.caritasne2.org.br\/site\/wp-content\/uploads\/2021\/05\/seminatyo-300x154.png 300w, https:\/\/www.caritasne2.org.br\/site\/wp-content\/uploads\/2021\/05\/seminatyo-768x395.png 768w, https:\/\/www.caritasne2.org.br\/site\/wp-content\/uploads\/2021\/05\/seminatyo-1024x526.png 1024w\" sizes=\"(max-width: 671px) 100vw, 671px\" \/><\/a><\/p>\n<p style=\"font-weight: 400;\"><a href=\"http:\/\/www.caritasne2.org.br\/caritas-regional-ne2-participa-de-seminario-sobre-transicao-energetica-justa-e-popular\/sistem\/\" rel=\"attachment wp-att-8040\"><img decoding=\"async\" loading=\"lazy\" class=\"aligncenter wp-image-8040\" src=\"http:\/\/www.caritasne2.org.br\/wp-content\/uploads\/2021\/05\/sistem.png\" alt=\"\" width=\"670\" height=\"347\" srcset=\"https:\/\/www.caritasne2.org.br\/site\/wp-content\/uploads\/2021\/05\/sistem.png 1366w, https:\/\/www.caritasne2.org.br\/site\/wp-content\/uploads\/2021\/05\/sistem-300x155.png 300w, https:\/\/www.caritasne2.org.br\/site\/wp-content\/uploads\/2021\/05\/sistem-768x398.png 768w, https:\/\/www.caritasne2.org.br\/site\/wp-content\/uploads\/2021\/05\/sistem-1024x531.png 1024w\" sizes=\"(max-width: 670px) 100vw, 670px\" \/><\/a><\/p>\n<p style=\"font-weight: 400;\"><a href=\"http:\/\/www.caritasne2.org.br\/caritas-regional-ne2-participa-de-seminario-sobre-transicao-energetica-justa-e-popular\/forum\/\" rel=\"attachment wp-att-8041\"><img decoding=\"async\" loading=\"lazy\" class=\"aligncenter wp-image-8041\" src=\"http:\/\/www.caritasne2.org.br\/wp-content\/uploads\/2021\/05\/FORUM.png\" alt=\"\" width=\"663\" height=\"354\" srcset=\"https:\/\/www.caritasne2.org.br\/site\/wp-content\/uploads\/2021\/05\/FORUM.png 1366w, https:\/\/www.caritasne2.org.br\/site\/wp-content\/uploads\/2021\/05\/FORUM-300x160.png 300w, https:\/\/www.caritasne2.org.br\/site\/wp-content\/uploads\/2021\/05\/FORUM-768x409.png 768w, https:\/\/www.caritasne2.org.br\/site\/wp-content\/uploads\/2021\/05\/FORUM-1024x546.png 1024w\" sizes=\"(max-width: 663px) 100vw, 663px\" \/><\/a><\/p>\n<p style=\"font-weight: 400;\"><a href=\"http:\/\/www.caritasne2.org.br\/caritas-regional-ne2-participa-de-seminario-sobre-transicao-energetica-justa-e-popular\/semina\/\" rel=\"attachment wp-att-8042\"><img decoding=\"async\" loading=\"lazy\" class=\"aligncenter wp-image-8042\" src=\"http:\/\/www.caritasne2.org.br\/wp-content\/uploads\/2021\/05\/semina.png\" alt=\"\" width=\"670\" height=\"347\" srcset=\"https:\/\/www.caritasne2.org.br\/site\/wp-content\/uploads\/2021\/05\/semina.png 1366w, https:\/\/www.caritasne2.org.br\/site\/wp-content\/uploads\/2021\/05\/semina-300x155.png 300w, https:\/\/www.caritasne2.org.br\/site\/wp-content\/uploads\/2021\/05\/semina-768x397.png 768w, https:\/\/www.caritasne2.org.br\/site\/wp-content\/uploads\/2021\/05\/semina-1024x530.png 1024w\" sizes=\"(max-width: 670px) 100vw, 670px\" \/><\/a><\/p>\n<ul class=\"ssb_list_wrapper\"><li class=\"fb2\" style=\"width:135px\"><iframe src=\"\/\/www.facebook.com\/plugins\/like.php?href=https%3A%2F%2Fwww.caritasne2.org.br%2Fsite%2Fcaritas-regional-ne2-participa-de-seminario-sobre-transicao-energetica-justa-e-popular%2F&amp;layout=button_count&amp;action=like&amp;show_faces=false&amp;share=true&amp;width=135&amp;height=21&amp;appId=307091639398582\" scrolling=\"no\" frameborder=\"0\" style=\"border:none; overflow:hidden;  width:150px; height:21px;\" allowTransparency=\"true\"><\/iframe><\/li><li class=\"twtr\" style=\"width:90px\"><a href=\"https:\/\/twitter.com\/share\" class=\"twitter-share-button\" data-url=\"https:\/\/www.caritasne2.org.br\/site\/caritas-regional-ne2-participa-de-seminario-sobre-transicao-energetica-justa-e-popular\/\">&nbsp;<\/a><script>!function(d,s,id){var js,fjs=d.getElementsByTagName(s)[0],p=\/^http:\/.test(d.location)?'http':'https';if(!d.getElementById(id)){js=d.createElement(s);js.id=id;js.src=p+':\/\/platform.twitter.com\/widgets.js';fjs.parentNode.insertBefore(js,fjs);}}(document, 'script', 'twitter-wjs');<\/script><\/li><li class=\"gplus\" style=\"width:68px\"><div class=\"g-plusone\" data-size=\"medium\" data-href=\"https:\/\/www.caritasne2.org.br\/site\/caritas-regional-ne2-participa-de-seminario-sobre-transicao-energetica-justa-e-popular\/\"><\/div><\/li><li class=\"ssb_linkedin\" style=\"width:64px\"><script src=\"\/\/platform.linkedin.com\/in.js\" type=\"text\/javascript\">lang: en_US<\/script><script type=\"IN\/Share\" data-url=\"https:\/\/www.caritasne2.org.br\/site\/caritas-regional-ne2-participa-de-seminario-sobre-transicao-energetica-justa-e-popular\/\" data-counter=\"right\"><\/script><\/li><\/ul>","protected":false},"excerpt":{"rendered":"<p>O evento foi promovido pelo F\u00f3rum de Mudan\u00e7as Clim\u00e1ticas e Justi\u00e7a Socioambiental n\u00facleo Nordeste, do qual a institui\u00e7\u00e3o \u00e9 integrante Nos dias 8 e 15 de maio, a C\u00e1ritas Regional NE2 participou do Semin\u00e1rio de Transi\u00e7\u00e3o Energ\u00e9tica Justa e Popular para o Nordeste da gente, promovido pelo N\u00facleo NE do F\u00f3rum de Mudan\u00e7as Clim\u00e1ticas e Justi\u00e7a Socioambiental (FMCJS), pelo\u00a0Comit\u00ea de Energia Renov\u00e1vel (CERSA), pela Frente [&hellip;]<\/p>\n<ul class=\"ssb_list_wrapper\"><li class=\"fb2\" style=\"width:135px\"><iframe src=\"\/\/www.facebook.com\/plugins\/like.php?href=https%3A%2F%2Fwww.caritasne2.org.br%2Fsite%2Fcaritas-regional-ne2-participa-de-seminario-sobre-transicao-energetica-justa-e-popular%2F&amp;layout=button_count&amp;action=like&amp;show_faces=false&amp;share=true&amp;width=135&amp;height=21&amp;appId=307091639398582\" scrolling=\"no\" frameborder=\"0\" style=\"border:none; overflow:hidden;  width:150px; height:21px;\" allowTransparency=\"true\"><\/iframe><\/li><li class=\"twtr\" style=\"width:90px\"><a href=\"https:\/\/twitter.com\/share\" class=\"twitter-share-button\" data-url=\"https:\/\/www.caritasne2.org.br\/site\/caritas-regional-ne2-participa-de-seminario-sobre-transicao-energetica-justa-e-popular\/\">&nbsp;<\/a><script>!function(d,s,id){var js,fjs=d.getElementsByTagName(s)[0],p=\/^http:\/.test(d.location)?'http':'https';if(!d.getElementById(id)){js=d.createElement(s);js.id=id;js.src=p+':\/\/platform.twitter.com\/widgets.js';fjs.parentNode.insertBefore(js,fjs);}}(document, 'script', 'twitter-wjs');<\/script><\/li><li class=\"gplus\" style=\"width:68px\"><div class=\"g-plusone\" data-size=\"medium\" data-href=\"https:\/\/www.caritasne2.org.br\/site\/caritas-regional-ne2-participa-de-seminario-sobre-transicao-energetica-justa-e-popular\/\"><\/div><\/li><li class=\"ssb_linkedin\" style=\"width:64px\"><script src=\"\/\/platform.linkedin.com\/in.js\" type=\"text\/javascript\">lang: en_US<\/script><script type=\"IN\/Share\" data-url=\"https:\/\/www.caritasne2.org.br\/site\/caritas-regional-ne2-participa-de-seminario-sobre-transicao-energetica-justa-e-popular\/\" data-counter=\"right\"><\/script><\/li><\/ul>","protected":false},"author":4,"featured_media":8036,"comment_status":"open","ping_status":"open","sticky":false,"template":"","format":"standard","meta":[],"categories":[21,20],"tags":[],"_links":{"self":[{"href":"https:\/\/www.caritasne2.org.br\/site\/wp-json\/wp\/v2\/posts\/8035"}],"collection":[{"href":"https:\/\/www.caritasne2.org.br\/site\/wp-json\/wp\/v2\/posts"}],"about":[{"href":"https:\/\/www.caritasne2.org.br\/site\/wp-json\/wp\/v2\/types\/post"}],"author":[{"embeddable":true,"href":"https:\/\/www.caritasne2.org.br\/site\/wp-json\/wp\/v2\/users\/4"}],"replies":[{"embeddable":true,"href":"https:\/\/www.caritasne2.org.br\/site\/wp-json\/wp\/v2\/comments?post=8035"}],"version-history":[{"count":0,"href":"https:\/\/www.caritasne2.org.br\/site\/wp-json\/wp\/v2\/posts\/8035\/revisions"}],"wp:featuredmedia":[{"embeddable":true,"href":"https:\/\/www.caritasne2.org.br\/site\/wp-json\/wp\/v2\/media\/8036"}],"wp:attachment":[{"href":"https:\/\/www.caritasne2.org.br\/site\/wp-json\/wp\/v2\/media?parent=8035"}],"wp:term":[{"taxonomy":"category","embeddable":true,"href":"https:\/\/www.caritasne2.org.br\/site\/wp-json\/wp\/v2\/categories?post=8035"},{"taxonomy":"post_tag","embeddable":true,"href":"https:\/\/www.caritasne2.org.br\/site\/wp-json\/wp\/v2\/tags?post=8035"}],"curies":[{"name":"wp","href":"https:\/\/api.w.org\/{rel}","templated":true}]}}