{"id":8030,"date":"2021-05-14T13:47:41","date_gmt":"2021-05-14T16:47:41","guid":{"rendered":"http:\/\/www.caritasne2.org.br\/?p=8030"},"modified":"2021-05-14T13:48:41","modified_gmt":"2021-05-14T16:48:41","slug":"acao-emergencial-e-tempo-de-cuidar-diocese-de-nazare-convoca-fieis-para-acao-solidaria-no-dia-de-pentecostes","status":"publish","type":"post","link":"https:\/\/www.caritasne2.org.br\/site\/acao-emergencial-e-tempo-de-cuidar-diocese-de-nazare-convoca-fieis-para-acao-solidaria-no-dia-de-pentecostes\/","title":{"rendered":"&#8220;\u00c9 tempo de cuidar\u201d: Diocese de Nazar\u00e9 convoca fi\u00e9is para a\u00e7\u00e3o solid\u00e1ria no dia de Pentecostes"},"content":{"rendered":"<p style=\"text-align: justify;\">A Diocese de Nazar\u00e9, na pessoa de seu bispo diocesano, Dom Francisco de Assis Dantas de Lucena, e do presidente da Funda\u00e7\u00e3o Monsenhor Petronilo Pedrosa, Severino Ramos da Silva Santos, convoca todo o povo de Deus e pessoas de bom cora\u00e7\u00e3o a participarem da\u00a0<strong>A\u00e7\u00e3o Solid\u00e1ria Emergencial<\/strong>\u00a0que acontecer\u00e1 no pr\u00f3ximo dia\u00a0<strong>23 de maio, domingo, na solenidade de Pentecostes.\u00a0<\/strong>O objetivo \u00e9 arrecadar alimentos e itens de higiene, limpeza e prote\u00e7\u00e3o individual a serem doados aos que se encontram em situa\u00e7\u00e3o de vulnerabilidade social.<\/p>\n<p style=\"text-align: justify;\">Na Igreja Particular de Nazar\u00e9, milhares de fam\u00edlias j\u00e1 foram beneficiadas com a\u00e7\u00f5es diversas, desde o in\u00edcio da pandemia. Mas \u00e9 preciso fazer muito mais, visto que o n\u00famero de pessoas desempregadas e em situa\u00e7\u00e3o de exclus\u00e3o cresce de forma assustadora.<\/p>\n<p style=\"text-align: justify;\">A proposta de uma a\u00e7\u00e3o conjunta, unificada de arrecada\u00e7\u00e3o, em toda a diocese, foi feita pelo bispo diocesano na \u00faltima reuni\u00e3o do clero, no dia 04 de maio. A ideia foi acolhida e aprovada pelo clero e ser\u00e1 realizada em 23 de maio, no dia de Pentecostes. Cada par\u00f3quia organizar\u00e1, com criatividade e de acordo com a sua realidade, um mutir\u00e3o para arrecadar alimentos e outros materiais, que ser\u00e3o posteriormente doados \u00e0s fam\u00edlias que sofrem os impactos da pandemia da Covid-19.<\/p>\n<p>Leia mat\u00e9ria completa <a href=\"https:\/\/diocesedenazare.org.br\/e-tempo-de-cuidar-diocese-de-nazare-convoca-fieis-para-acao-solidaria-no-dia-de-pentecostes\/\">clicando aqui<\/a><\/p>\n<ul class=\"ssb_list_wrapper\"><li class=\"fb2\" style=\"width:135px\"><iframe src=\"\/\/www.facebook.com\/plugins\/like.php?href=https%3A%2F%2Fwww.caritasne2.org.br%2Fsite%2Facao-emergencial-e-tempo-de-cuidar-diocese-de-nazare-convoca-fieis-para-acao-solidaria-no-dia-de-pentecostes%2F&amp;layout=button_count&amp;action=like&amp;show_faces=false&amp;share=true&amp;width=135&amp;height=21&amp;appId=307091639398582\" scrolling=\"no\" frameborder=\"0\" style=\"border:none; overflow:hidden;  width:150px; height:21px;\" allowTransparency=\"true\"><\/iframe><\/li><li class=\"twtr\" style=\"width:90px\"><a href=\"https:\/\/twitter.com\/share\" class=\"twitter-share-button\" data-url=\"https:\/\/www.caritasne2.org.br\/site\/acao-emergencial-e-tempo-de-cuidar-diocese-de-nazare-convoca-fieis-para-acao-solidaria-no-dia-de-pentecostes\/\">&nbsp;<\/a><script>!function(d,s,id){var js,fjs=d.getElementsByTagName(s)[0],p=\/^http:\/.test(d.location)?'http':'https';if(!d.getElementById(id)){js=d.createElement(s);js.id=id;js.src=p+':\/\/platform.twitter.com\/widgets.js';fjs.parentNode.insertBefore(js,fjs);}}(document, 'script', 'twitter-wjs');<\/script><\/li><li class=\"gplus\" style=\"width:68px\"><div class=\"g-plusone\" data-size=\"medium\" data-href=\"https:\/\/www.caritasne2.org.br\/site\/acao-emergencial-e-tempo-de-cuidar-diocese-de-nazare-convoca-fieis-para-acao-solidaria-no-dia-de-pentecostes\/\"><\/div><\/li><li class=\"ssb_linkedin\" style=\"width:64px\"><script src=\"\/\/platform.linkedin.com\/in.js\" type=\"text\/javascript\">lang: en_US<\/script><script type=\"IN\/Share\" data-url=\"https:\/\/www.caritasne2.org.br\/site\/acao-emergencial-e-tempo-de-cuidar-diocese-de-nazare-convoca-fieis-para-acao-solidaria-no-dia-de-pentecostes\/\" data-counter=\"right\"><\/script><\/li><\/ul>","protected":false},"excerpt":{"rendered":"<p>A Diocese de Nazar\u00e9, na pessoa de seu bispo diocesano, Dom Francisco de Assis Dantas de Lucena, e do presidente da Funda\u00e7\u00e3o Monsenhor Petronilo Pedrosa, Severino Ramos da Silva Santos, convoca todo o povo de Deus e pessoas de bom cora\u00e7\u00e3o a participarem da\u00a0A\u00e7\u00e3o Solid\u00e1ria Emergencial\u00a0que acontecer\u00e1 no pr\u00f3ximo dia\u00a023 de maio, domingo, na solenidade de Pentecostes.\u00a0O objetivo \u00e9 arrecadar alimentos e itens de higiene, [&hellip;]<\/p>\n<ul class=\"ssb_list_wrapper\"><li class=\"fb2\" style=\"width:135px\"><iframe src=\"\/\/www.facebook.com\/plugins\/like.php?href=https%3A%2F%2Fwww.caritasne2.org.br%2Fsite%2Facao-emergencial-e-tempo-de-cuidar-diocese-de-nazare-convoca-fieis-para-acao-solidaria-no-dia-de-pentecostes%2F&amp;layout=button_count&amp;action=like&amp;show_faces=false&amp;share=true&amp;width=135&amp;height=21&amp;appId=307091639398582\" scrolling=\"no\" frameborder=\"0\" style=\"border:none; overflow:hidden;  width:150px; height:21px;\" allowTransparency=\"true\"><\/iframe><\/li><li class=\"twtr\" style=\"width:90px\"><a href=\"https:\/\/twitter.com\/share\" class=\"twitter-share-button\" data-url=\"https:\/\/www.caritasne2.org.br\/site\/acao-emergencial-e-tempo-de-cuidar-diocese-de-nazare-convoca-fieis-para-acao-solidaria-no-dia-de-pentecostes\/\">&nbsp;<\/a><script>!function(d,s,id){var js,fjs=d.getElementsByTagName(s)[0],p=\/^http:\/.test(d.location)?'http':'https';if(!d.getElementById(id)){js=d.createElement(s);js.id=id;js.src=p+':\/\/platform.twitter.com\/widgets.js';fjs.parentNode.insertBefore(js,fjs);}}(document, 'script', 'twitter-wjs');<\/script><\/li><li class=\"gplus\" style=\"width:68px\"><div class=\"g-plusone\" data-size=\"medium\" data-href=\"https:\/\/www.caritasne2.org.br\/site\/acao-emergencial-e-tempo-de-cuidar-diocese-de-nazare-convoca-fieis-para-acao-solidaria-no-dia-de-pentecostes\/\"><\/div><\/li><li class=\"ssb_linkedin\" style=\"width:64px\"><script src=\"\/\/platform.linkedin.com\/in.js\" type=\"text\/javascript\">lang: en_US<\/script><script type=\"IN\/Share\" data-url=\"https:\/\/www.caritasne2.org.br\/site\/acao-emergencial-e-tempo-de-cuidar-diocese-de-nazare-convoca-fieis-para-acao-solidaria-no-dia-de-pentecostes\/\" data-counter=\"right\"><\/script><\/li><\/ul>","protected":false},"author":4,"featured_media":8033,"comment_status":"open","ping_status":"open","sticky":false,"template":"","format":"standard","meta":[],"categories":[21,20],"tags":[],"_links":{"self":[{"href":"https:\/\/www.caritasne2.org.br\/site\/wp-json\/wp\/v2\/posts\/8030"}],"collection":[{"href":"https:\/\/www.caritasne2.org.br\/site\/wp-json\/wp\/v2\/posts"}],"about":[{"href":"https:\/\/www.caritasne2.org.br\/site\/wp-json\/wp\/v2\/types\/post"}],"author":[{"embeddable":true,"href":"https:\/\/www.caritasne2.org.br\/site\/wp-json\/wp\/v2\/users\/4"}],"replies":[{"embeddable":true,"href":"https:\/\/www.caritasne2.org.br\/site\/wp-json\/wp\/v2\/comments?post=8030"}],"version-history":[{"count":0,"href":"https:\/\/www.caritasne2.org.br\/site\/wp-json\/wp\/v2\/posts\/8030\/revisions"}],"wp:featuredmedia":[{"embeddable":true,"href":"https:\/\/www.caritasne2.org.br\/site\/wp-json\/wp\/v2\/media\/8033"}],"wp:attachment":[{"href":"https:\/\/www.caritasne2.org.br\/site\/wp-json\/wp\/v2\/media?parent=8030"}],"wp:term":[{"taxonomy":"category","embeddable":true,"href":"https:\/\/www.caritasne2.org.br\/site\/wp-json\/wp\/v2\/categories?post=8030"},{"taxonomy":"post_tag","embeddable":true,"href":"https:\/\/www.caritasne2.org.br\/site\/wp-json\/wp\/v2\/tags?post=8030"}],"curies":[{"name":"wp","href":"https:\/\/api.w.org\/{rel}","templated":true}]}}