{"id":8019,"date":"2021-05-07T11:53:34","date_gmt":"2021-05-07T14:53:34","guid":{"rendered":"http:\/\/www.caritasne2.org.br\/?p=8019"},"modified":"2021-05-14T13:18:38","modified_gmt":"2021-05-14T16:18:38","slug":"caritas-regional-ne2-participa-de-reuniao-para-discutir-medidas-contra-os-impactos-dos-parques-eolicos-em-pernambuco","status":"publish","type":"post","link":"https:\/\/www.caritasne2.org.br\/site\/caritas-regional-ne2-participa-de-reuniao-para-discutir-medidas-contra-os-impactos-dos-parques-eolicos-em-pernambuco\/","title":{"rendered":"Encontro discute a implementa\u00e7\u00e3o de parques e\u00f3licos em PE  e seus impactos socioambientais"},"content":{"rendered":"<p style=\"text-align: center;\"><em>O encontro contou a com participa\u00e7\u00e3o do Deputado Federal T\u00falio Gadelha e representantes da Articula\u00e7\u00e3o Contra os Impactos das E\u00f3licas em Pernambuco (ACIPE), da qual o Regional NE2 \u00e9 integrante<\/em><\/p>\n<p style=\"text-align: justify;\">Com o objetivo de alertar sobre os impactos da instala\u00e7\u00e3o de um parque e\u00f3lico no territ\u00f3rio dos brejos de altitude do estado de Pernambuco. A C\u00e1ritas Regional NE2 participou, na manh\u00e3 desta quinta-feira (06), de uma reuni\u00e3o com o deputado federal T\u00falio Gadelha (PDT). O encontro contou a com participa\u00e7\u00e3o de representantes da Articula\u00e7\u00e3o Contra os Impactos das E\u00f3licas em Pernambuco (ACIPE), da qual o Regional NE2 \u00e9 integrante. O coletivo tem discutido e articulado a\u00e7\u00f5es conjuntas, desde 2015, sobre as principais problem\u00e1ticas ligadas \u00e0 implementa\u00e7\u00e3o dos parques de energia e\u00f3lica no territ\u00f3rio pernambucano.<\/p>\n<p style=\"text-align: justify;\">Al\u00e9m da propositura inicial, os participantes tamb\u00e9m puderam apresentar ao deputado as principais pautas que as organiza\u00e7\u00f5es, movimentos, estudiosos e comunidades afetadas tem abordado junto as diversas esferas da sociedade, no que diz respeito as assinaturas de contratos draconianos, impactos sociais, econ\u00f4micos e ambientais e perda dos direitos das fam\u00edlias agricultoras.<\/p>\n<p style=\"text-align: justify;\">O momento foi planejado pelo Sindicato dos Trabalhadores e Trabalhadoras na Agricultura Familiar de Belo Jardim (SINTRAF-Belo Jardim), munic\u00edpio que se encontra na imin\u00eancia do recebimento de um parque de energia e\u00f3lica na regi\u00e3o e nos territ\u00f3rios circunvizinhos.<\/p>\n<p style=\"text-align: justify;\">Al\u00e9m da C\u00e1ritas, tamb\u00e9m participaram do encontro representantes do Instituto Federal de Pernambuco Campus Belo Jardim (IFPE Belo Jardim), do Conselho Municipal de Meio Ambiente de Belo Jardim\u00a0 (CONDEMA), da Universidade Federal Rural de Pernambuco (UFRPE), do Sindicato dos Trabalhadores e Trabalhadoras Rurais de Brejo da Madre de Deus\u00a0 e da Federa\u00e7\u00e3o dos Trabalhadores e Trabalhadoras na Agricultura Familiar do Estado de Pernambuco (FETRAF PE).<\/p>\n<ul class=\"ssb_list_wrapper\"><li class=\"fb2\" style=\"width:135px\"><iframe src=\"\/\/www.facebook.com\/plugins\/like.php?href=https%3A%2F%2Fwww.caritasne2.org.br%2Fsite%2Fcaritas-regional-ne2-participa-de-reuniao-para-discutir-medidas-contra-os-impactos-dos-parques-eolicos-em-pernambuco%2F&amp;layout=button_count&amp;action=like&amp;show_faces=false&amp;share=true&amp;width=135&amp;height=21&amp;appId=307091639398582\" scrolling=\"no\" frameborder=\"0\" style=\"border:none; overflow:hidden;  width:150px; height:21px;\" allowTransparency=\"true\"><\/iframe><\/li><li class=\"twtr\" style=\"width:90px\"><a href=\"https:\/\/twitter.com\/share\" class=\"twitter-share-button\" data-url=\"https:\/\/www.caritasne2.org.br\/site\/caritas-regional-ne2-participa-de-reuniao-para-discutir-medidas-contra-os-impactos-dos-parques-eolicos-em-pernambuco\/\">&nbsp;<\/a><script>!function(d,s,id){var js,fjs=d.getElementsByTagName(s)[0],p=\/^http:\/.test(d.location)?'http':'https';if(!d.getElementById(id)){js=d.createElement(s);js.id=id;js.src=p+':\/\/platform.twitter.com\/widgets.js';fjs.parentNode.insertBefore(js,fjs);}}(document, 'script', 'twitter-wjs');<\/script><\/li><li class=\"gplus\" style=\"width:68px\"><div class=\"g-plusone\" data-size=\"medium\" data-href=\"https:\/\/www.caritasne2.org.br\/site\/caritas-regional-ne2-participa-de-reuniao-para-discutir-medidas-contra-os-impactos-dos-parques-eolicos-em-pernambuco\/\"><\/div><\/li><li class=\"ssb_linkedin\" style=\"width:64px\"><script src=\"\/\/platform.linkedin.com\/in.js\" type=\"text\/javascript\">lang: en_US<\/script><script type=\"IN\/Share\" data-url=\"https:\/\/www.caritasne2.org.br\/site\/caritas-regional-ne2-participa-de-reuniao-para-discutir-medidas-contra-os-impactos-dos-parques-eolicos-em-pernambuco\/\" data-counter=\"right\"><\/script><\/li><\/ul>","protected":false},"excerpt":{"rendered":"<p>O encontro contou a com participa\u00e7\u00e3o do Deputado Federal T\u00falio Gadelha e representantes da Articula\u00e7\u00e3o Contra os Impactos das E\u00f3licas em Pernambuco (ACIPE), da qual o Regional NE2 \u00e9 integrante Com o objetivo de alertar sobre os impactos da instala\u00e7\u00e3o de um parque e\u00f3lico no territ\u00f3rio dos brejos de altitude do estado de Pernambuco. A C\u00e1ritas Regional NE2 participou, na manh\u00e3 desta quinta-feira (06), de [&hellip;]<\/p>\n<ul class=\"ssb_list_wrapper\"><li class=\"fb2\" style=\"width:135px\"><iframe src=\"\/\/www.facebook.com\/plugins\/like.php?href=https%3A%2F%2Fwww.caritasne2.org.br%2Fsite%2Fcaritas-regional-ne2-participa-de-reuniao-para-discutir-medidas-contra-os-impactos-dos-parques-eolicos-em-pernambuco%2F&amp;layout=button_count&amp;action=like&amp;show_faces=false&amp;share=true&amp;width=135&amp;height=21&amp;appId=307091639398582\" scrolling=\"no\" frameborder=\"0\" style=\"border:none; overflow:hidden;  width:150px; height:21px;\" allowTransparency=\"true\"><\/iframe><\/li><li class=\"twtr\" style=\"width:90px\"><a href=\"https:\/\/twitter.com\/share\" class=\"twitter-share-button\" data-url=\"https:\/\/www.caritasne2.org.br\/site\/caritas-regional-ne2-participa-de-reuniao-para-discutir-medidas-contra-os-impactos-dos-parques-eolicos-em-pernambuco\/\">&nbsp;<\/a><script>!function(d,s,id){var js,fjs=d.getElementsByTagName(s)[0],p=\/^http:\/.test(d.location)?'http':'https';if(!d.getElementById(id)){js=d.createElement(s);js.id=id;js.src=p+':\/\/platform.twitter.com\/widgets.js';fjs.parentNode.insertBefore(js,fjs);}}(document, 'script', 'twitter-wjs');<\/script><\/li><li class=\"gplus\" style=\"width:68px\"><div class=\"g-plusone\" data-size=\"medium\" data-href=\"https:\/\/www.caritasne2.org.br\/site\/caritas-regional-ne2-participa-de-reuniao-para-discutir-medidas-contra-os-impactos-dos-parques-eolicos-em-pernambuco\/\"><\/div><\/li><li class=\"ssb_linkedin\" style=\"width:64px\"><script src=\"\/\/platform.linkedin.com\/in.js\" type=\"text\/javascript\">lang: en_US<\/script><script type=\"IN\/Share\" data-url=\"https:\/\/www.caritasne2.org.br\/site\/caritas-regional-ne2-participa-de-reuniao-para-discutir-medidas-contra-os-impactos-dos-parques-eolicos-em-pernambuco\/\" data-counter=\"right\"><\/script><\/li><\/ul>","protected":false},"author":4,"featured_media":8022,"comment_status":"open","ping_status":"open","sticky":false,"template":"","format":"standard","meta":[],"categories":[21,20],"tags":[],"_links":{"self":[{"href":"https:\/\/www.caritasne2.org.br\/site\/wp-json\/wp\/v2\/posts\/8019"}],"collection":[{"href":"https:\/\/www.caritasne2.org.br\/site\/wp-json\/wp\/v2\/posts"}],"about":[{"href":"https:\/\/www.caritasne2.org.br\/site\/wp-json\/wp\/v2\/types\/post"}],"author":[{"embeddable":true,"href":"https:\/\/www.caritasne2.org.br\/site\/wp-json\/wp\/v2\/users\/4"}],"replies":[{"embeddable":true,"href":"https:\/\/www.caritasne2.org.br\/site\/wp-json\/wp\/v2\/comments?post=8019"}],"version-history":[{"count":0,"href":"https:\/\/www.caritasne2.org.br\/site\/wp-json\/wp\/v2\/posts\/8019\/revisions"}],"wp:featuredmedia":[{"embeddable":true,"href":"https:\/\/www.caritasne2.org.br\/site\/wp-json\/wp\/v2\/media\/8022"}],"wp:attachment":[{"href":"https:\/\/www.caritasne2.org.br\/site\/wp-json\/wp\/v2\/media?parent=8019"}],"wp:term":[{"taxonomy":"category","embeddable":true,"href":"https:\/\/www.caritasne2.org.br\/site\/wp-json\/wp\/v2\/categories?post=8019"},{"taxonomy":"post_tag","embeddable":true,"href":"https:\/\/www.caritasne2.org.br\/site\/wp-json\/wp\/v2\/tags?post=8019"}],"curies":[{"name":"wp","href":"https:\/\/api.w.org\/{rel}","templated":true}]}}