{"id":8009,"date":"2021-05-06T12:25:41","date_gmt":"2021-05-06T15:25:41","guid":{"rendered":"http:\/\/www.caritasne2.org.br\/?p=8009"},"modified":"2021-05-06T12:25:41","modified_gmt":"2021-05-06T15:25:41","slug":"caritas-regional-ne2-participa-do-lancamento-do-pacto-pela-vida-e-pelo-brasil-em-pernambuco","status":"publish","type":"post","link":"https:\/\/www.caritasne2.org.br\/site\/caritas-regional-ne2-participa-do-lancamento-do-pacto-pela-vida-e-pelo-brasil-em-pernambuco\/","title":{"rendered":"C\u00e1ritas Regional NE2 participa do Lan\u00e7amento do Pacto pela Vida e pelo Brasil em Pernambuco"},"content":{"rendered":"<p style=\"text-align: center;\"><em>O evento aconteceu de forma online e reuniu diversas organiza\u00e7\u00f5es da sociedade civil<\/em><\/p>\n<p style=\"text-align: justify;\">A crise que estamos vivenciando desde 2020, acarretada pela pandemia do Coronav\u00edrus, agravou diversos problemas em nossa sociedade, atingindo drasticamente as pessoas em situa\u00e7\u00e3o de vulnerabilidade e exclus\u00e3o social. A partir disso, surgiu a iniciativa do Pacto pela Vida e pelo Brasil, uma parceria entre a Confer\u00eancia Nacional dos Bispos do Brasil (CNBB), Ordem dos Advogados do Brasil (OAB), Associa\u00e7\u00e3o Brasileira de Imprensa (ABI), Sociedade Brasileira para o Progresso das Ci\u00eancias (SBPC), Academia Brasileira de Ci\u00eancias e a Comiss\u00e3o Arns \u2013 e mais de 100 outras\u00a0 entidades que aderiram \u00e0 causa, voltando o olhar para discutir as principais problem\u00e1ticas da pandemia com o objetivo de lutar por direitos e proteger os mais vulner\u00e1veis neste contexto de fome, mis\u00e9ria e mortes.<\/p>\n<p style=\"text-align: justify;\">Nesta quarta-feira (05), foi a vez do lan\u00e7amento do Pacto na prov\u00edncia de Pernambuco, no Regional NE2. A atividade contou com exposi\u00e7\u00f5es de Daniel Seidel, representante do GT Nacional do Pacto pela Vida e do Conselho Nacional do Laicato do Brasil; do bispo de Garanhuns e presidente da CNBB no Regional NE, Dom Paulo Jackson; C\u00edcera Nunes, presidente da Federa\u00e7\u00e3o dos Trabalhadores Rurais Agricultores e Agricultoras Familiares do estado de Pernambuco (FETAPE); do bispo da Diocese de Floresta, Dom Gabriel Marchesi; e do pastor Jos\u00e9 Marcos, da Igreja Batista de Coqueiral.<\/p>\n<p style=\"text-align: justify;\">Alguns agentes da\u00a0 C\u00e1ritas Regional NE2 tamb\u00e9m se fizeram presentes\u00a0 endossando o apoio \u00e0 esta causa que corrobora em v\u00e1rias a\u00e7\u00f5es realizadas pelo Regional NE2, como o apoio \u00e0 Economia Popular Solid\u00e1ria, a luta dos povos quilombolas e ind\u00edgenas, agricultores e os problemas com as e\u00f3licas e a situa\u00e7\u00e3o de pessoas em vulnerabilidade social, entre outras.<\/p>\n<p style=\"text-align: justify;\">Al\u00e9m da CBNE2, em Pernambuco, organiza\u00e7\u00f5es da sociedade civil como o Conselho Nacional do Laicato no Brasil NE2, a Escola de F\u00e9 e Pol\u00edtica Padre Humberto Plummen, a Comiss\u00e3o da A\u00e7\u00e3o Sociotransformadora do NE2, Pastoral da Juventude do Meio Popular do NE2, Pastoral Carcer\u00e1ria, F\u00f3rum das Pastorais Sociais e do Movimento dos Trabalhadores Sem Terra se somam nas a\u00e7\u00f5es de incid\u00eancia do Pacto pela Vida e pelo Brasil.<\/p>\n<p style=\"text-align: justify;\"><a href=\"http:\/\/www.caritasne2.org.br\/caritas-regional-ne2-participa-do-lancamento-do-pacto-pela-vida-e-pelo-brasil-em-pernambuco\/captura-de-tela-170\/\" rel=\"attachment wp-att-8014\"><img decoding=\"async\" loading=\"lazy\" class=\"aligncenter  wp-image-8014\" src=\"http:\/\/www.caritasne2.org.br\/wp-content\/uploads\/2021\/05\/Captura-de-Tela-170.png\" alt=\"\" width=\"705\" height=\"396\" srcset=\"https:\/\/www.caritasne2.org.br\/site\/wp-content\/uploads\/2021\/05\/Captura-de-Tela-170.png 1920w, https:\/\/www.caritasne2.org.br\/site\/wp-content\/uploads\/2021\/05\/Captura-de-Tela-170-300x169.png 300w, https:\/\/www.caritasne2.org.br\/site\/wp-content\/uploads\/2021\/05\/Captura-de-Tela-170-768x432.png 768w, https:\/\/www.caritasne2.org.br\/site\/wp-content\/uploads\/2021\/05\/Captura-de-Tela-170-1024x576.png 1024w, https:\/\/www.caritasne2.org.br\/site\/wp-content\/uploads\/2021\/05\/Captura-de-Tela-170-588x330.png 588w\" sizes=\"(max-width: 705px) 100vw, 705px\" \/><\/a><\/p>\n<p style=\"text-align: justify;\"><a href=\"http:\/\/www.caritasne2.org.br\/caritas-regional-ne2-participa-do-lancamento-do-pacto-pela-vida-e-pelo-brasil-em-pernambuco\/captura-de-tela-171\/\" rel=\"attachment wp-att-8015\"><img decoding=\"async\" loading=\"lazy\" class=\"aligncenter  wp-image-8015\" src=\"http:\/\/www.caritasne2.org.br\/wp-content\/uploads\/2021\/05\/Captura-de-Tela-171.png\" alt=\"\" width=\"711\" height=\"400\" srcset=\"https:\/\/www.caritasne2.org.br\/site\/wp-content\/uploads\/2021\/05\/Captura-de-Tela-171.png 1920w, https:\/\/www.caritasne2.org.br\/site\/wp-content\/uploads\/2021\/05\/Captura-de-Tela-171-300x169.png 300w, https:\/\/www.caritasne2.org.br\/site\/wp-content\/uploads\/2021\/05\/Captura-de-Tela-171-768x432.png 768w, https:\/\/www.caritasne2.org.br\/site\/wp-content\/uploads\/2021\/05\/Captura-de-Tela-171-1024x576.png 1024w, https:\/\/www.caritasne2.org.br\/site\/wp-content\/uploads\/2021\/05\/Captura-de-Tela-171-588x330.png 588w\" sizes=\"(max-width: 711px) 100vw, 711px\" \/><\/a><\/p>\n<ul class=\"ssb_list_wrapper\"><li class=\"fb2\" style=\"width:135px\"><iframe src=\"\/\/www.facebook.com\/plugins\/like.php?href=https%3A%2F%2Fwww.caritasne2.org.br%2Fsite%2Fcaritas-regional-ne2-participa-do-lancamento-do-pacto-pela-vida-e-pelo-brasil-em-pernambuco%2F&amp;layout=button_count&amp;action=like&amp;show_faces=false&amp;share=true&amp;width=135&amp;height=21&amp;appId=307091639398582\" scrolling=\"no\" frameborder=\"0\" style=\"border:none; overflow:hidden;  width:150px; height:21px;\" allowTransparency=\"true\"><\/iframe><\/li><li class=\"twtr\" style=\"width:90px\"><a href=\"https:\/\/twitter.com\/share\" class=\"twitter-share-button\" data-url=\"https:\/\/www.caritasne2.org.br\/site\/caritas-regional-ne2-participa-do-lancamento-do-pacto-pela-vida-e-pelo-brasil-em-pernambuco\/\">&nbsp;<\/a><script>!function(d,s,id){var js,fjs=d.getElementsByTagName(s)[0],p=\/^http:\/.test(d.location)?'http':'https';if(!d.getElementById(id)){js=d.createElement(s);js.id=id;js.src=p+':\/\/platform.twitter.com\/widgets.js';fjs.parentNode.insertBefore(js,fjs);}}(document, 'script', 'twitter-wjs');<\/script><\/li><li class=\"gplus\" style=\"width:68px\"><div class=\"g-plusone\" data-size=\"medium\" data-href=\"https:\/\/www.caritasne2.org.br\/site\/caritas-regional-ne2-participa-do-lancamento-do-pacto-pela-vida-e-pelo-brasil-em-pernambuco\/\"><\/div><\/li><li class=\"ssb_linkedin\" style=\"width:64px\"><script src=\"\/\/platform.linkedin.com\/in.js\" type=\"text\/javascript\">lang: en_US<\/script><script type=\"IN\/Share\" data-url=\"https:\/\/www.caritasne2.org.br\/site\/caritas-regional-ne2-participa-do-lancamento-do-pacto-pela-vida-e-pelo-brasil-em-pernambuco\/\" data-counter=\"right\"><\/script><\/li><\/ul>","protected":false},"excerpt":{"rendered":"<p>O evento aconteceu de forma online e reuniu diversas organiza\u00e7\u00f5es da sociedade civil A crise que estamos vivenciando desde 2020, acarretada pela pandemia do Coronav\u00edrus, agravou diversos problemas em nossa sociedade, atingindo drasticamente as pessoas em situa\u00e7\u00e3o de vulnerabilidade e exclus\u00e3o social. A partir disso, surgiu a iniciativa do Pacto pela Vida e pelo Brasil, uma parceria entre a Confer\u00eancia Nacional dos Bispos do Brasil [&hellip;]<\/p>\n<ul class=\"ssb_list_wrapper\"><li class=\"fb2\" style=\"width:135px\"><iframe src=\"\/\/www.facebook.com\/plugins\/like.php?href=https%3A%2F%2Fwww.caritasne2.org.br%2Fsite%2Fcaritas-regional-ne2-participa-do-lancamento-do-pacto-pela-vida-e-pelo-brasil-em-pernambuco%2F&amp;layout=button_count&amp;action=like&amp;show_faces=false&amp;share=true&amp;width=135&amp;height=21&amp;appId=307091639398582\" scrolling=\"no\" frameborder=\"0\" style=\"border:none; overflow:hidden;  width:150px; height:21px;\" allowTransparency=\"true\"><\/iframe><\/li><li class=\"twtr\" style=\"width:90px\"><a href=\"https:\/\/twitter.com\/share\" class=\"twitter-share-button\" data-url=\"https:\/\/www.caritasne2.org.br\/site\/caritas-regional-ne2-participa-do-lancamento-do-pacto-pela-vida-e-pelo-brasil-em-pernambuco\/\">&nbsp;<\/a><script>!function(d,s,id){var js,fjs=d.getElementsByTagName(s)[0],p=\/^http:\/.test(d.location)?'http':'https';if(!d.getElementById(id)){js=d.createElement(s);js.id=id;js.src=p+':\/\/platform.twitter.com\/widgets.js';fjs.parentNode.insertBefore(js,fjs);}}(document, 'script', 'twitter-wjs');<\/script><\/li><li class=\"gplus\" style=\"width:68px\"><div class=\"g-plusone\" data-size=\"medium\" data-href=\"https:\/\/www.caritasne2.org.br\/site\/caritas-regional-ne2-participa-do-lancamento-do-pacto-pela-vida-e-pelo-brasil-em-pernambuco\/\"><\/div><\/li><li class=\"ssb_linkedin\" style=\"width:64px\"><script src=\"\/\/platform.linkedin.com\/in.js\" type=\"text\/javascript\">lang: en_US<\/script><script type=\"IN\/Share\" data-url=\"https:\/\/www.caritasne2.org.br\/site\/caritas-regional-ne2-participa-do-lancamento-do-pacto-pela-vida-e-pelo-brasil-em-pernambuco\/\" data-counter=\"right\"><\/script><\/li><\/ul>","protected":false},"author":4,"featured_media":8013,"comment_status":"open","ping_status":"open","sticky":false,"template":"","format":"standard","meta":[],"categories":[21,20],"tags":[],"_links":{"self":[{"href":"https:\/\/www.caritasne2.org.br\/site\/wp-json\/wp\/v2\/posts\/8009"}],"collection":[{"href":"https:\/\/www.caritasne2.org.br\/site\/wp-json\/wp\/v2\/posts"}],"about":[{"href":"https:\/\/www.caritasne2.org.br\/site\/wp-json\/wp\/v2\/types\/post"}],"author":[{"embeddable":true,"href":"https:\/\/www.caritasne2.org.br\/site\/wp-json\/wp\/v2\/users\/4"}],"replies":[{"embeddable":true,"href":"https:\/\/www.caritasne2.org.br\/site\/wp-json\/wp\/v2\/comments?post=8009"}],"version-history":[{"count":0,"href":"https:\/\/www.caritasne2.org.br\/site\/wp-json\/wp\/v2\/posts\/8009\/revisions"}],"wp:featuredmedia":[{"embeddable":true,"href":"https:\/\/www.caritasne2.org.br\/site\/wp-json\/wp\/v2\/media\/8013"}],"wp:attachment":[{"href":"https:\/\/www.caritasne2.org.br\/site\/wp-json\/wp\/v2\/media?parent=8009"}],"wp:term":[{"taxonomy":"category","embeddable":true,"href":"https:\/\/www.caritasne2.org.br\/site\/wp-json\/wp\/v2\/categories?post=8009"},{"taxonomy":"post_tag","embeddable":true,"href":"https:\/\/www.caritasne2.org.br\/site\/wp-json\/wp\/v2\/tags?post=8009"}],"curies":[{"name":"wp","href":"https:\/\/api.w.org\/{rel}","templated":true}]}}