{"id":7992,"date":"2021-05-05T09:43:34","date_gmt":"2021-05-05T12:43:34","guid":{"rendered":"http:\/\/www.caritasne2.org.br\/?p=7992"},"modified":"2021-05-05T10:02:56","modified_gmt":"2021-05-05T13:02:56","slug":"751-familias-recebem-cestas-de-alimentos-e-itens-de-higiene-e-limpeza-na-paraiba","status":"publish","type":"post","link":"https:\/\/www.caritasne2.org.br\/site\/751-familias-recebem-cestas-de-alimentos-e-itens-de-higiene-e-limpeza-na-paraiba\/","title":{"rendered":"751 fam\u00edlias recebem cestas de alimentos e itens de higiene e limpeza na Para\u00edba"},"content":{"rendered":"<p>Ainda \u00e9 tempo de cuidar! E como temos falado muito sobre o assunto, entre os dias 26 a 28 de abril, agentes C\u00e1ritas, em comunh\u00e3o com Dom Manoel Delson, bispo referencial da CBNE2 e Arcebispo da Para\u00edba na parceria com a A\u00e7\u00e3o Arquidiocesana da Para\u00edba \u2013 ASA , fizeram a entrega de cestas de alimentos e produtos de higiene e limpeza para 751 fam\u00edlias em situa\u00e7\u00e3o de vulnerabilidade social , no estado da Para\u00edba.<\/p>\n<p>As fam\u00edlias residem nos munic\u00edpios de Umbuzeiro, Santa Cec\u00edlia e Natuba, onde foram contempladas com o Projeto \u00c1gua Para Todos (Projeto Cisternas) que implementou 905 cisternas de 16 mil litros, tecnologia social de acesso \u00e0 \u00e1gua para consumo humano nos anos de 2015 a 2017. Um projeto em parceria com a Secretaria de Agricultura e Meio Ambiente do Governo do Estado da Para\u00edba.<\/p>\n<p>Segundo as fam\u00edlias a ajuda chegou em boa hora, pois est\u00e1 cada vez mais dif\u00edcil a compra de alimentos, seja pela falta de recursos financeiros, seja pelos pre\u00e7os cada vez mais altos durante a pandemia da COVID19. De acordo com o assessor regional de Conviv\u00eancia com Biomas da C\u00e1ritas Brasileira NE2, Edimilson Paulino, \u201cproporcionar \u00e0s fam\u00edlias a oportunidade de ter algum alimento neste momento t\u00e3o dif\u00edcil por conta da pandemia da Covid 19 , pela aus\u00eancia da a\u00e7\u00e3o do poder p\u00fablico que apesar do ex\u00edguo valor ainda n\u00e3o pagou o aux\u00edlio emergencial\u201d, comenta.<\/p>\n<p>Ele finaliza. \u201cQuem tem fome tem pressa, nossa gratid\u00e3o a todos e todas que de alguma forma contribu\u00edram para o \u00eaxito dessa a\u00e7\u00e3o, que como a Campanha \u00e9 Tempo de Cuidar traz um importante chamado para que tenhamos p\u00e3o em todas as mesas.<\/p>\n<p>A entrega foi poss\u00edvel gra\u00e7as a parceria e articula\u00e7\u00e3o da par\u00f3quia de Nossa Senhora do Livramento, em Umbuzeiro; par\u00f3quia dos M\u00e1rtires S\u00e3o Severino e Santa Cec\u00edlia, no munic\u00edpio de Santa Cec\u00edlia; e par\u00f3quia Nossa Senhora das Dores, munic\u00edpio de Natuba; do movimento sindical, das Secretarias de Agricultura dos munic\u00edpios, e dos Conselhos Municipais.<\/p>\n<p>&nbsp;<\/p>\n<p><a href=\"http:\/\/www.caritasne2.org.br\/751-familias-recebem-cestas-de-alimentos-e-itens-de-higiene-e-limpeza-na-paraiba\/9a460102-d9c6-45d4-b8e9-64ff9019abb2-1\/\" rel=\"attachment wp-att-7995\"><img decoding=\"async\" loading=\"lazy\" class=\"aligncenter wp-image-7995\" src=\"http:\/\/www.caritasne2.org.br\/wp-content\/uploads\/2021\/05\/9a460102-d9c6-45d4-b8e9-64ff9019abb2-1.jpg\" alt=\"\" width=\"554\" height=\"311\" srcset=\"https:\/\/www.caritasne2.org.br\/site\/wp-content\/uploads\/2021\/05\/9a460102-d9c6-45d4-b8e9-64ff9019abb2-1.jpg 960w, https:\/\/www.caritasne2.org.br\/site\/wp-content\/uploads\/2021\/05\/9a460102-d9c6-45d4-b8e9-64ff9019abb2-1-300x169.jpg 300w, https:\/\/www.caritasne2.org.br\/site\/wp-content\/uploads\/2021\/05\/9a460102-d9c6-45d4-b8e9-64ff9019abb2-1-768x432.jpg 768w, https:\/\/www.caritasne2.org.br\/site\/wp-content\/uploads\/2021\/05\/9a460102-d9c6-45d4-b8e9-64ff9019abb2-1-588x330.jpg 588w\" sizes=\"(max-width: 554px) 100vw, 554px\" \/><\/a><\/p>\n<p><a href=\"http:\/\/www.caritasne2.org.br\/751-familias-recebem-cestas-de-alimentos-e-itens-de-higiene-e-limpeza-na-paraiba\/4977597e-3fdb-4748-940d-79d7cb585e43\/\" rel=\"attachment wp-att-7996\"><img decoding=\"async\" loading=\"lazy\" class=\"aligncenter wp-image-7996\" src=\"http:\/\/www.caritasne2.org.br\/wp-content\/uploads\/2021\/05\/4977597e-3fdb-4748-940d-79d7cb585e43.jpg\" alt=\"\" width=\"547\" height=\"410\" srcset=\"https:\/\/www.caritasne2.org.br\/site\/wp-content\/uploads\/2021\/05\/4977597e-3fdb-4748-940d-79d7cb585e43.jpg 1040w, https:\/\/www.caritasne2.org.br\/site\/wp-content\/uploads\/2021\/05\/4977597e-3fdb-4748-940d-79d7cb585e43-300x225.jpg 300w, https:\/\/www.caritasne2.org.br\/site\/wp-content\/uploads\/2021\/05\/4977597e-3fdb-4748-940d-79d7cb585e43-768x576.jpg 768w, https:\/\/www.caritasne2.org.br\/site\/wp-content\/uploads\/2021\/05\/4977597e-3fdb-4748-940d-79d7cb585e43-1024x768.jpg 1024w\" sizes=\"(max-width: 547px) 100vw, 547px\" \/><\/a><\/p>\n<p><a href=\"http:\/\/www.caritasne2.org.br\/751-familias-recebem-cestas-de-alimentos-e-itens-de-higiene-e-limpeza-na-paraiba\/a8f9c638-ce1c-46e0-8e4a-dfe2f846b61b\/\" rel=\"attachment wp-att-7997\"><img decoding=\"async\" loading=\"lazy\" class=\"aligncenter wp-image-7997\" src=\"http:\/\/www.caritasne2.org.br\/wp-content\/uploads\/2021\/05\/a8f9c638-ce1c-46e0-8e4a-dfe2f846b61b.jpg\" alt=\"\" width=\"508\" height=\"903\" srcset=\"https:\/\/www.caritasne2.org.br\/site\/wp-content\/uploads\/2021\/05\/a8f9c638-ce1c-46e0-8e4a-dfe2f846b61b.jpg 540w, https:\/\/www.caritasne2.org.br\/site\/wp-content\/uploads\/2021\/05\/a8f9c638-ce1c-46e0-8e4a-dfe2f846b61b-169x300.jpg 169w\" sizes=\"(max-width: 508px) 100vw, 508px\" \/><\/a><\/p>\n<p><a href=\"http:\/\/www.caritasne2.org.br\/751-familias-recebem-cestas-de-alimentos-e-itens-de-higiene-e-limpeza-na-paraiba\/cf72e3fa-4250-45cc-bdf0-0ef46a2a1f13\/\" rel=\"attachment wp-att-7999\"><img decoding=\"async\" loading=\"lazy\" class=\"aligncenter wp-image-7999\" src=\"http:\/\/www.caritasne2.org.br\/wp-content\/uploads\/2021\/05\/cf72e3fa-4250-45cc-bdf0-0ef46a2a1f13.jpg\" alt=\"\" width=\"600\" height=\"337\" srcset=\"https:\/\/www.caritasne2.org.br\/site\/wp-content\/uploads\/2021\/05\/cf72e3fa-4250-45cc-bdf0-0ef46a2a1f13.jpg 1040w, https:\/\/www.caritasne2.org.br\/site\/wp-content\/uploads\/2021\/05\/cf72e3fa-4250-45cc-bdf0-0ef46a2a1f13-300x168.jpg 300w, https:\/\/www.caritasne2.org.br\/site\/wp-content\/uploads\/2021\/05\/cf72e3fa-4250-45cc-bdf0-0ef46a2a1f13-768x431.jpg 768w, https:\/\/www.caritasne2.org.br\/site\/wp-content\/uploads\/2021\/05\/cf72e3fa-4250-45cc-bdf0-0ef46a2a1f13-1024x575.jpg 1024w, https:\/\/www.caritasne2.org.br\/site\/wp-content\/uploads\/2021\/05\/cf72e3fa-4250-45cc-bdf0-0ef46a2a1f13-588x330.jpg 588w\" sizes=\"(max-width: 600px) 100vw, 600px\" \/><\/a>=<\/p>\n<ul class=\"ssb_list_wrapper\"><li class=\"fb2\" style=\"width:135px\"><iframe src=\"\/\/www.facebook.com\/plugins\/like.php?href=https%3A%2F%2Fwww.caritasne2.org.br%2Fsite%2F751-familias-recebem-cestas-de-alimentos-e-itens-de-higiene-e-limpeza-na-paraiba%2F&amp;layout=button_count&amp;action=like&amp;show_faces=false&amp;share=true&amp;width=135&amp;height=21&amp;appId=307091639398582\" scrolling=\"no\" frameborder=\"0\" style=\"border:none; overflow:hidden;  width:150px; height:21px;\" allowTransparency=\"true\"><\/iframe><\/li><li class=\"twtr\" style=\"width:90px\"><a href=\"https:\/\/twitter.com\/share\" class=\"twitter-share-button\" data-url=\"https:\/\/www.caritasne2.org.br\/site\/751-familias-recebem-cestas-de-alimentos-e-itens-de-higiene-e-limpeza-na-paraiba\/\">&nbsp;<\/a><script>!function(d,s,id){var js,fjs=d.getElementsByTagName(s)[0],p=\/^http:\/.test(d.location)?'http':'https';if(!d.getElementById(id)){js=d.createElement(s);js.id=id;js.src=p+':\/\/platform.twitter.com\/widgets.js';fjs.parentNode.insertBefore(js,fjs);}}(document, 'script', 'twitter-wjs');<\/script><\/li><li class=\"gplus\" style=\"width:68px\"><div class=\"g-plusone\" data-size=\"medium\" data-href=\"https:\/\/www.caritasne2.org.br\/site\/751-familias-recebem-cestas-de-alimentos-e-itens-de-higiene-e-limpeza-na-paraiba\/\"><\/div><\/li><li class=\"ssb_linkedin\" style=\"width:64px\"><script src=\"\/\/platform.linkedin.com\/in.js\" type=\"text\/javascript\">lang: en_US<\/script><script type=\"IN\/Share\" data-url=\"https:\/\/www.caritasne2.org.br\/site\/751-familias-recebem-cestas-de-alimentos-e-itens-de-higiene-e-limpeza-na-paraiba\/\" data-counter=\"right\"><\/script><\/li><\/ul>","protected":false},"excerpt":{"rendered":"<p>Ainda \u00e9 tempo de cuidar! E como temos falado muito sobre o assunto, entre os dias 26 a 28 de abril, agentes C\u00e1ritas, em comunh\u00e3o com Dom Manoel Delson, bispo referencial da CBNE2 e Arcebispo da Para\u00edba na parceria com a A\u00e7\u00e3o Arquidiocesana da Para\u00edba \u2013 ASA , fizeram a entrega de cestas de alimentos e produtos de higiene e limpeza para 751 fam\u00edlias em [&hellip;]<\/p>\n<ul class=\"ssb_list_wrapper\"><li class=\"fb2\" style=\"width:135px\"><iframe src=\"\/\/www.facebook.com\/plugins\/like.php?href=https%3A%2F%2Fwww.caritasne2.org.br%2Fsite%2F751-familias-recebem-cestas-de-alimentos-e-itens-de-higiene-e-limpeza-na-paraiba%2F&amp;layout=button_count&amp;action=like&amp;show_faces=false&amp;share=true&amp;width=135&amp;height=21&amp;appId=307091639398582\" scrolling=\"no\" frameborder=\"0\" style=\"border:none; overflow:hidden;  width:150px; height:21px;\" allowTransparency=\"true\"><\/iframe><\/li><li class=\"twtr\" style=\"width:90px\"><a href=\"https:\/\/twitter.com\/share\" class=\"twitter-share-button\" data-url=\"https:\/\/www.caritasne2.org.br\/site\/751-familias-recebem-cestas-de-alimentos-e-itens-de-higiene-e-limpeza-na-paraiba\/\">&nbsp;<\/a><script>!function(d,s,id){var js,fjs=d.getElementsByTagName(s)[0],p=\/^http:\/.test(d.location)?'http':'https';if(!d.getElementById(id)){js=d.createElement(s);js.id=id;js.src=p+':\/\/platform.twitter.com\/widgets.js';fjs.parentNode.insertBefore(js,fjs);}}(document, 'script', 'twitter-wjs');<\/script><\/li><li class=\"gplus\" style=\"width:68px\"><div class=\"g-plusone\" data-size=\"medium\" data-href=\"https:\/\/www.caritasne2.org.br\/site\/751-familias-recebem-cestas-de-alimentos-e-itens-de-higiene-e-limpeza-na-paraiba\/\"><\/div><\/li><li class=\"ssb_linkedin\" style=\"width:64px\"><script src=\"\/\/platform.linkedin.com\/in.js\" type=\"text\/javascript\">lang: en_US<\/script><script type=\"IN\/Share\" data-url=\"https:\/\/www.caritasne2.org.br\/site\/751-familias-recebem-cestas-de-alimentos-e-itens-de-higiene-e-limpeza-na-paraiba\/\" data-counter=\"right\"><\/script><\/li><\/ul>","protected":false},"author":4,"featured_media":8005,"comment_status":"open","ping_status":"open","sticky":false,"template":"","format":"standard","meta":[],"categories":[21,20],"tags":[],"_links":{"self":[{"href":"https:\/\/www.caritasne2.org.br\/site\/wp-json\/wp\/v2\/posts\/7992"}],"collection":[{"href":"https:\/\/www.caritasne2.org.br\/site\/wp-json\/wp\/v2\/posts"}],"about":[{"href":"https:\/\/www.caritasne2.org.br\/site\/wp-json\/wp\/v2\/types\/post"}],"author":[{"embeddable":true,"href":"https:\/\/www.caritasne2.org.br\/site\/wp-json\/wp\/v2\/users\/4"}],"replies":[{"embeddable":true,"href":"https:\/\/www.caritasne2.org.br\/site\/wp-json\/wp\/v2\/comments?post=7992"}],"version-history":[{"count":0,"href":"https:\/\/www.caritasne2.org.br\/site\/wp-json\/wp\/v2\/posts\/7992\/revisions"}],"wp:featuredmedia":[{"embeddable":true,"href":"https:\/\/www.caritasne2.org.br\/site\/wp-json\/wp\/v2\/media\/8005"}],"wp:attachment":[{"href":"https:\/\/www.caritasne2.org.br\/site\/wp-json\/wp\/v2\/media?parent=7992"}],"wp:term":[{"taxonomy":"category","embeddable":true,"href":"https:\/\/www.caritasne2.org.br\/site\/wp-json\/wp\/v2\/categories?post=7992"},{"taxonomy":"post_tag","embeddable":true,"href":"https:\/\/www.caritasne2.org.br\/site\/wp-json\/wp\/v2\/tags?post=7992"}],"curies":[{"name":"wp","href":"https:\/\/api.w.org\/{rel}","templated":true}]}}