{"id":7977,"date":"2021-05-04T09:34:47","date_gmt":"2021-05-04T12:34:47","guid":{"rendered":"http:\/\/www.caritasne2.org.br\/?p=7977"},"modified":"2021-05-13T12:59:08","modified_gmt":"2021-05-13T15:59:08","slug":"empreendedorismo-digital-muda-vida-de-migrantes-venezuelanos-que-atuam-com-gastronomia","status":"publish","type":"post","link":"https:\/\/www.caritasne2.org.br\/site\/empreendedorismo-digital-muda-vida-de-migrantes-venezuelanos-que-atuam-com-gastronomia\/","title":{"rendered":"Empreendedorismo digital muda vida de migrantes venezuelanos que atuam com gastronomia"},"content":{"rendered":"<p style=\"text-align: center;\"><em>O curso \u201cM\u00e3o na Massa\u201d dividido em quatro m\u00f3dulos, permitiu aos empreendedores aprender desde a cria\u00e7\u00e3o da empresa, ao planejamento di\u00e1rio do marketing\u00a0de relacionamento<\/em><\/p>\n<p style=\"text-align: justify;\">Enfrentar a crise financeira que se instalou no mundo durante a pandemia do novo coronav\u00edrus n\u00e3o tem sido f\u00e1cil. Para os brasileiros, o desemprego ultrapassa a casa dos 14 milh\u00f5es de pessoas, uma realidade que assusta. Para migrantes e refugiados esta situa\u00e7\u00e3o \u00e9 ainda mais desafiadora.\u00a0Pensando nisso, e com o objetivo de visibilizar e promover a inclus\u00e3o no mercado\u00a0digital de empreendimentos de migrantes e refugiados, a C\u00e1ritas Brasileira NE2 em parceria com a Funda\u00e7\u00e3o Inter- Americana (IAF) realizou no m\u00eas de abril o Curso de\u00a0Marketing\u00a0Digital\u00a0\u201cM\u00e3o na Massa\u201d, voltado para empreendimentos gastron\u00f4micos criativos.<\/p>\n<p style=\"text-align: justify;\">Por conta da pandemia, as aulas foram realizadas de forma remota, atrav\u00e9s de v\u00eddeo aulas, com 15 minutos de dura\u00e7\u00e3o, complementadas com material de apoio, e assessoria de tutores &#8211;\u00a0 profissionais de diversas \u00e1reas de\u00a0marketing\u00a0digital. Esta primeira turma foi formada por 10 empreendedores venezuelanos, que produzem bolos, tortas, lanches, e comidas t\u00edpicas venezuelanas. A maioria reside na RMR do Recife,\u00a0sendo uma aluna do estado do Rio de Janeiro.<\/p>\n<p style=\"text-align: justify;\">O curso foi dividido em quatro m\u00f3dulos, e a assessoria de migra\u00e7\u00e3o e ref\u00fagio da CBNE2\u00a0 identificou que alguns alunos n\u00e3o tinham acesso \u00e0 internet para assistir as aulas, assim, foram disponibilizadas recargas online para os celulares durante um m\u00eas para que n\u00e3o perdessem os conte\u00fados das aulas. Durante os m\u00f3dulos os empreendedores aprenderam desde a cria\u00e7\u00e3o da empresa; criar perfis em redes sociais; constru\u00e7\u00e3o de logomarca; canais de venda; planejamento e estrat\u00e9gia para lan\u00e7amento do produto; at\u00e9 gest\u00e3o de redes sociais e\u00a0marketing\u00a0de relacionamento.<\/p>\n<p style=\"text-align: justify;\">Para Detzineth Guevara Hernandez, venezuelana natural de Cidade Boliva que chegou ao Brasil em 2019, e atualmente reside no bairro de Boa Viagem, com esposo e dois filhos. O sonho de comercializar empanadas, comida t\u00edpica venezuelana, faz com que ela neste momento apenas ofere\u00e7a entregas das guloseimas \u00e0s segundas, sextas e s\u00e1bados, nos demais dias da semana para aumentar a renda ela ajuda o esposo com outro neg\u00f3cio da fam\u00edlia na \u00e1rea de madeiras, produzindo caixas de transporte para c\u00e3es, gatos e instrumentos musicais.<\/p>\n<p style=\"text-align: justify;\">\u201cResolvi fazer o curso de\u00a0marketing\u00a0digital\u00a0porque percebi que seria muito bom para conhecer mais sobre essa tecnologia e mostrar melhor meu produto.\u00a0 Agrade\u00e7o pela ajuda de todos. Aprendi que sozinha n\u00e3o conseguiria fazer nada, e que s\u00f3 assim poderei avan\u00e7ar, aprender a usar melhor essas ferramentas e favorecer as vendas\u201d, comemora.<\/p>\n<p style=\"text-align: justify;\">Para Luciana Flor\u00eancio, Assessora Regional de Migra\u00e7\u00e3o e Ref\u00fagio da C\u00e1ritas Brasileira NE2, \u201co curso de\u00a0marketing\u00a0digital\u00a0concretiza o princ\u00edpio da integra\u00e7\u00e3o, que norteia o Programa Regional de Migra\u00e7\u00e3o e Ref\u00fagio, al\u00e9m de acolher, proteger e promover. A indica\u00e7\u00e3o pelo tema\u00a0marketing\u00a0digital\u00a0surgiu dos pr\u00f3prios migrantes, devido \u00e0 dificuldade de comercializa\u00e7\u00e3o no per\u00edodo da pandemia , em aprender como apresentar seus produtos \u00a0para vendas online&#8221;, finaliza.<\/p>\n<p style=\"text-align: justify;\">A conclus\u00e3o do curso ocorreu no m\u00eas de abril com uma aula online onde os empreendedores apresentaram as logomarcas de seus neg\u00f3cios e o plano digital para as redes sociais, e ir\u00e3o receber certificados de conclus\u00e3o. As aulas palestradas ser\u00e3o disponibilizadas posteriormente por meio de uma plataforma de EAD com previs\u00e3o de lan\u00e7amento para maio pela CBNE2.<\/p>\n<p style=\"text-align: justify;\">Enquanto a plataforma EAD n\u00e3o est\u00e1 no ar, a C\u00e1ritas NE2 disponibiliza outra plataforma online &#8211;\u00a0<a href=\"http:\/\/creciendo.com.br\/\">creciendo.com.br<\/a>\u00a0&#8211; voltada para visibilidade na perspectiva de empreendedorismo solid\u00e1rio, gera\u00e7\u00e3o de renda e planos de neg\u00f3cio de empreendedores venezuelanos, atuando como vitrine para v\u00e1rios neg\u00f3cios nas \u00e1reas de bijuterias, est\u00e9tica, gastronomia , costura e artesanato.<\/p>\n<p style=\"text-align: left;\"><a href=\"http:\/\/www.caritasne2.org.br\/empreendedorismo-digital-muda-vida-de-migrantes-venezuelanos-que-atuam-com-gastronomia\/whatsapp-image-2021-04-30-at-20-12-17-2\/\" rel=\"attachment wp-att-7986\"><img decoding=\"async\" loading=\"lazy\" class=\"aligncenter wp-image-7986\" src=\"http:\/\/www.caritasne2.org.br\/wp-content\/uploads\/2021\/05\/WhatsApp-Image-2021-04-30-at-20.12.17-2.jpeg\" alt=\"\" width=\"695\" height=\"391\" srcset=\"https:\/\/www.caritasne2.org.br\/site\/wp-content\/uploads\/2021\/05\/WhatsApp-Image-2021-04-30-at-20.12.17-2.jpeg 1280w, https:\/\/www.caritasne2.org.br\/site\/wp-content\/uploads\/2021\/05\/WhatsApp-Image-2021-04-30-at-20.12.17-2-300x169.jpeg 300w, https:\/\/www.caritasne2.org.br\/site\/wp-content\/uploads\/2021\/05\/WhatsApp-Image-2021-04-30-at-20.12.17-2-768x432.jpeg 768w, https:\/\/www.caritasne2.org.br\/site\/wp-content\/uploads\/2021\/05\/WhatsApp-Image-2021-04-30-at-20.12.17-2-1024x576.jpeg 1024w, https:\/\/www.caritasne2.org.br\/site\/wp-content\/uploads\/2021\/05\/WhatsApp-Image-2021-04-30-at-20.12.17-2-588x330.jpeg 588w\" sizes=\"(max-width: 695px) 100vw, 695px\" \/><\/a><\/p>\n<p style=\"text-align: left;\"><a href=\"http:\/\/www.caritasne2.org.br\/empreendedorismo-digital-muda-vida-de-migrantes-venezuelanos-que-atuam-com-gastronomia\/whatsapp-image-2021-04-30-at-20-12-17-1\/\" rel=\"attachment wp-att-7987\"><img decoding=\"async\" loading=\"lazy\" class=\"aligncenter wp-image-7987\" src=\"http:\/\/www.caritasne2.org.br\/wp-content\/uploads\/2021\/05\/WhatsApp-Image-2021-04-30-at-20.12.17-1.jpeg\" alt=\"\" width=\"687\" height=\"387\" srcset=\"https:\/\/www.caritasne2.org.br\/site\/wp-content\/uploads\/2021\/05\/WhatsApp-Image-2021-04-30-at-20.12.17-1.jpeg 1280w, https:\/\/www.caritasne2.org.br\/site\/wp-content\/uploads\/2021\/05\/WhatsApp-Image-2021-04-30-at-20.12.17-1-300x169.jpeg 300w, https:\/\/www.caritasne2.org.br\/site\/wp-content\/uploads\/2021\/05\/WhatsApp-Image-2021-04-30-at-20.12.17-1-768x432.jpeg 768w, https:\/\/www.caritasne2.org.br\/site\/wp-content\/uploads\/2021\/05\/WhatsApp-Image-2021-04-30-at-20.12.17-1-1024x576.jpeg 1024w, https:\/\/www.caritasne2.org.br\/site\/wp-content\/uploads\/2021\/05\/WhatsApp-Image-2021-04-30-at-20.12.17-1-588x330.jpeg 588w\" sizes=\"(max-width: 687px) 100vw, 687px\" \/><\/a><\/p>\n<p>&nbsp;<\/p>\n<p>&nbsp;<\/p>\n<ul class=\"ssb_list_wrapper\"><li class=\"fb2\" style=\"width:135px\"><iframe src=\"\/\/www.facebook.com\/plugins\/like.php?href=https%3A%2F%2Fwww.caritasne2.org.br%2Fsite%2Fempreendedorismo-digital-muda-vida-de-migrantes-venezuelanos-que-atuam-com-gastronomia%2F&amp;layout=button_count&amp;action=like&amp;show_faces=false&amp;share=true&amp;width=135&amp;height=21&amp;appId=307091639398582\" scrolling=\"no\" frameborder=\"0\" style=\"border:none; overflow:hidden;  width:150px; height:21px;\" allowTransparency=\"true\"><\/iframe><\/li><li class=\"twtr\" style=\"width:90px\"><a href=\"https:\/\/twitter.com\/share\" class=\"twitter-share-button\" data-url=\"https:\/\/www.caritasne2.org.br\/site\/empreendedorismo-digital-muda-vida-de-migrantes-venezuelanos-que-atuam-com-gastronomia\/\">&nbsp;<\/a><script>!function(d,s,id){var js,fjs=d.getElementsByTagName(s)[0],p=\/^http:\/.test(d.location)?'http':'https';if(!d.getElementById(id)){js=d.createElement(s);js.id=id;js.src=p+':\/\/platform.twitter.com\/widgets.js';fjs.parentNode.insertBefore(js,fjs);}}(document, 'script', 'twitter-wjs');<\/script><\/li><li class=\"gplus\" style=\"width:68px\"><div class=\"g-plusone\" data-size=\"medium\" data-href=\"https:\/\/www.caritasne2.org.br\/site\/empreendedorismo-digital-muda-vida-de-migrantes-venezuelanos-que-atuam-com-gastronomia\/\"><\/div><\/li><li class=\"ssb_linkedin\" style=\"width:64px\"><script src=\"\/\/platform.linkedin.com\/in.js\" type=\"text\/javascript\">lang: en_US<\/script><script type=\"IN\/Share\" data-url=\"https:\/\/www.caritasne2.org.br\/site\/empreendedorismo-digital-muda-vida-de-migrantes-venezuelanos-que-atuam-com-gastronomia\/\" data-counter=\"right\"><\/script><\/li><\/ul>","protected":false},"excerpt":{"rendered":"<p>O curso \u201cM\u00e3o na Massa\u201d dividido em quatro m\u00f3dulos, permitiu aos empreendedores aprender desde a cria\u00e7\u00e3o da empresa, ao planejamento di\u00e1rio do marketing\u00a0de relacionamento Enfrentar a crise financeira que se instalou no mundo durante a pandemia do novo coronav\u00edrus n\u00e3o tem sido f\u00e1cil. Para os brasileiros, o desemprego ultrapassa a casa dos 14 milh\u00f5es de pessoas, uma realidade que assusta. Para migrantes e refugiados esta [&hellip;]<\/p>\n<ul class=\"ssb_list_wrapper\"><li class=\"fb2\" style=\"width:135px\"><iframe src=\"\/\/www.facebook.com\/plugins\/like.php?href=https%3A%2F%2Fwww.caritasne2.org.br%2Fsite%2Fempreendedorismo-digital-muda-vida-de-migrantes-venezuelanos-que-atuam-com-gastronomia%2F&amp;layout=button_count&amp;action=like&amp;show_faces=false&amp;share=true&amp;width=135&amp;height=21&amp;appId=307091639398582\" scrolling=\"no\" frameborder=\"0\" style=\"border:none; overflow:hidden;  width:150px; height:21px;\" allowTransparency=\"true\"><\/iframe><\/li><li class=\"twtr\" style=\"width:90px\"><a href=\"https:\/\/twitter.com\/share\" class=\"twitter-share-button\" data-url=\"https:\/\/www.caritasne2.org.br\/site\/empreendedorismo-digital-muda-vida-de-migrantes-venezuelanos-que-atuam-com-gastronomia\/\">&nbsp;<\/a><script>!function(d,s,id){var js,fjs=d.getElementsByTagName(s)[0],p=\/^http:\/.test(d.location)?'http':'https';if(!d.getElementById(id)){js=d.createElement(s);js.id=id;js.src=p+':\/\/platform.twitter.com\/widgets.js';fjs.parentNode.insertBefore(js,fjs);}}(document, 'script', 'twitter-wjs');<\/script><\/li><li class=\"gplus\" style=\"width:68px\"><div class=\"g-plusone\" data-size=\"medium\" data-href=\"https:\/\/www.caritasne2.org.br\/site\/empreendedorismo-digital-muda-vida-de-migrantes-venezuelanos-que-atuam-com-gastronomia\/\"><\/div><\/li><li class=\"ssb_linkedin\" style=\"width:64px\"><script src=\"\/\/platform.linkedin.com\/in.js\" type=\"text\/javascript\">lang: en_US<\/script><script type=\"IN\/Share\" data-url=\"https:\/\/www.caritasne2.org.br\/site\/empreendedorismo-digital-muda-vida-de-migrantes-venezuelanos-que-atuam-com-gastronomia\/\" data-counter=\"right\"><\/script><\/li><\/ul>","protected":false},"author":4,"featured_media":7979,"comment_status":"open","ping_status":"open","sticky":false,"template":"","format":"standard","meta":[],"categories":[21,20],"tags":[],"_links":{"self":[{"href":"https:\/\/www.caritasne2.org.br\/site\/wp-json\/wp\/v2\/posts\/7977"}],"collection":[{"href":"https:\/\/www.caritasne2.org.br\/site\/wp-json\/wp\/v2\/posts"}],"about":[{"href":"https:\/\/www.caritasne2.org.br\/site\/wp-json\/wp\/v2\/types\/post"}],"author":[{"embeddable":true,"href":"https:\/\/www.caritasne2.org.br\/site\/wp-json\/wp\/v2\/users\/4"}],"replies":[{"embeddable":true,"href":"https:\/\/www.caritasne2.org.br\/site\/wp-json\/wp\/v2\/comments?post=7977"}],"version-history":[{"count":0,"href":"https:\/\/www.caritasne2.org.br\/site\/wp-json\/wp\/v2\/posts\/7977\/revisions"}],"wp:featuredmedia":[{"embeddable":true,"href":"https:\/\/www.caritasne2.org.br\/site\/wp-json\/wp\/v2\/media\/7979"}],"wp:attachment":[{"href":"https:\/\/www.caritasne2.org.br\/site\/wp-json\/wp\/v2\/media?parent=7977"}],"wp:term":[{"taxonomy":"category","embeddable":true,"href":"https:\/\/www.caritasne2.org.br\/site\/wp-json\/wp\/v2\/categories?post=7977"},{"taxonomy":"post_tag","embeddable":true,"href":"https:\/\/www.caritasne2.org.br\/site\/wp-json\/wp\/v2\/tags?post=7977"}],"curies":[{"name":"wp","href":"https:\/\/api.w.org\/{rel}","templated":true}]}}