{"id":7973,"date":"2021-05-03T11:58:19","date_gmt":"2021-05-03T14:58:19","guid":{"rendered":"http:\/\/www.caritasne2.org.br\/?p=7973"},"modified":"2021-05-03T11:58:19","modified_gmt":"2021-05-03T14:58:19","slug":"confira-o-resultado-de-selecao-simplificada-para-supervisor-tecnico-da-cbne2","status":"publish","type":"post","link":"https:\/\/www.caritasne2.org.br\/site\/confira-o-resultado-de-selecao-simplificada-para-supervisor-tecnico-da-cbne2\/","title":{"rendered":"Confira o resultado de sele\u00e7\u00e3o simplificada para Supervisor T\u00e9cnico da CBNE2"},"content":{"rendered":"<p>COMUNICADO DO PROCESSO SIMPLIFICADO MODALIDADE SELEC\u0327A\u0303O DE CURRI\u0301CULO N\u00ba 004\/2021<\/p>\n<p>A Ca\u0301ritas Brasileira Regional Nordeste 2, organismo da Confere\u0302ncia Nacional dos Bispos do Brasil ( CNBB), com atuac\u0327a\u0303o nos estados de Alagoas, Parai\u0301ba, Pernambuco e Rio Grande do Norte, torna pu\u0301blico o resultado do processo seletivo simplificado, conforme edital de sele\u00e7\u00e3o n\u00ba 004\/2021.<\/p>\n<p>Supervisor(a) T\u00e9cnico: Edivane Lopes Is\u00eddio<\/p>\n<p>Recife, 03 de maio de 2021.<br \/>\nComissa\u0303o de Selec\u0327a\u0303o<br \/>\nCa\u0301ritas Brasileira NE2<\/p>\n<ul class=\"ssb_list_wrapper\"><li class=\"fb2\" style=\"width:135px\"><iframe src=\"\/\/www.facebook.com\/plugins\/like.php?href=https%3A%2F%2Fwww.caritasne2.org.br%2Fsite%2Fconfira-o-resultado-de-selecao-simplificada-para-supervisor-tecnico-da-cbne2%2F&amp;layout=button_count&amp;action=like&amp;show_faces=false&amp;share=true&amp;width=135&amp;height=21&amp;appId=307091639398582\" scrolling=\"no\" frameborder=\"0\" style=\"border:none; overflow:hidden;  width:150px; height:21px;\" allowTransparency=\"true\"><\/iframe><\/li><li class=\"twtr\" style=\"width:90px\"><a href=\"https:\/\/twitter.com\/share\" class=\"twitter-share-button\" data-url=\"https:\/\/www.caritasne2.org.br\/site\/confira-o-resultado-de-selecao-simplificada-para-supervisor-tecnico-da-cbne2\/\">&nbsp;<\/a><script>!function(d,s,id){var js,fjs=d.getElementsByTagName(s)[0],p=\/^http:\/.test(d.location)?'http':'https';if(!d.getElementById(id)){js=d.createElement(s);js.id=id;js.src=p+':\/\/platform.twitter.com\/widgets.js';fjs.parentNode.insertBefore(js,fjs);}}(document, 'script', 'twitter-wjs');<\/script><\/li><li class=\"gplus\" style=\"width:68px\"><div class=\"g-plusone\" data-size=\"medium\" data-href=\"https:\/\/www.caritasne2.org.br\/site\/confira-o-resultado-de-selecao-simplificada-para-supervisor-tecnico-da-cbne2\/\"><\/div><\/li><li class=\"ssb_linkedin\" style=\"width:64px\"><script src=\"\/\/platform.linkedin.com\/in.js\" type=\"text\/javascript\">lang: en_US<\/script><script type=\"IN\/Share\" data-url=\"https:\/\/www.caritasne2.org.br\/site\/confira-o-resultado-de-selecao-simplificada-para-supervisor-tecnico-da-cbne2\/\" data-counter=\"right\"><\/script><\/li><\/ul>","protected":false},"excerpt":{"rendered":"<p>COMUNICADO DO PROCESSO SIMPLIFICADO MODALIDADE SELEC\u0327A\u0303O DE CURRI\u0301CULO N\u00ba 004\/2021 A Ca\u0301ritas Brasileira Regional Nordeste 2, organismo da Confere\u0302ncia Nacional dos Bispos do Brasil ( CNBB), com atuac\u0327a\u0303o nos estados de Alagoas, Parai\u0301ba, Pernambuco e Rio Grande do Norte, torna pu\u0301blico o resultado do processo seletivo simplificado, conforme edital de sele\u00e7\u00e3o n\u00ba 004\/2021. Supervisor(a) T\u00e9cnico: Edivane Lopes Is\u00eddio Recife, 03 de maio de 2021. Comissa\u0303o [&hellip;]<\/p>\n<ul class=\"ssb_list_wrapper\"><li class=\"fb2\" style=\"width:135px\"><iframe src=\"\/\/www.facebook.com\/plugins\/like.php?href=https%3A%2F%2Fwww.caritasne2.org.br%2Fsite%2Fconfira-o-resultado-de-selecao-simplificada-para-supervisor-tecnico-da-cbne2%2F&amp;layout=button_count&amp;action=like&amp;show_faces=false&amp;share=true&amp;width=135&amp;height=21&amp;appId=307091639398582\" scrolling=\"no\" frameborder=\"0\" style=\"border:none; overflow:hidden;  width:150px; height:21px;\" allowTransparency=\"true\"><\/iframe><\/li><li class=\"twtr\" style=\"width:90px\"><a href=\"https:\/\/twitter.com\/share\" class=\"twitter-share-button\" data-url=\"https:\/\/www.caritasne2.org.br\/site\/confira-o-resultado-de-selecao-simplificada-para-supervisor-tecnico-da-cbne2\/\">&nbsp;<\/a><script>!function(d,s,id){var js,fjs=d.getElementsByTagName(s)[0],p=\/^http:\/.test(d.location)?'http':'https';if(!d.getElementById(id)){js=d.createElement(s);js.id=id;js.src=p+':\/\/platform.twitter.com\/widgets.js';fjs.parentNode.insertBefore(js,fjs);}}(document, 'script', 'twitter-wjs');<\/script><\/li><li class=\"gplus\" style=\"width:68px\"><div class=\"g-plusone\" data-size=\"medium\" data-href=\"https:\/\/www.caritasne2.org.br\/site\/confira-o-resultado-de-selecao-simplificada-para-supervisor-tecnico-da-cbne2\/\"><\/div><\/li><li class=\"ssb_linkedin\" style=\"width:64px\"><script src=\"\/\/platform.linkedin.com\/in.js\" type=\"text\/javascript\">lang: en_US<\/script><script type=\"IN\/Share\" data-url=\"https:\/\/www.caritasne2.org.br\/site\/confira-o-resultado-de-selecao-simplificada-para-supervisor-tecnico-da-cbne2\/\" data-counter=\"right\"><\/script><\/li><\/ul>","protected":false},"author":4,"featured_media":7974,"comment_status":"open","ping_status":"open","sticky":false,"template":"","format":"standard","meta":[],"categories":[21,20],"tags":[],"_links":{"self":[{"href":"https:\/\/www.caritasne2.org.br\/site\/wp-json\/wp\/v2\/posts\/7973"}],"collection":[{"href":"https:\/\/www.caritasne2.org.br\/site\/wp-json\/wp\/v2\/posts"}],"about":[{"href":"https:\/\/www.caritasne2.org.br\/site\/wp-json\/wp\/v2\/types\/post"}],"author":[{"embeddable":true,"href":"https:\/\/www.caritasne2.org.br\/site\/wp-json\/wp\/v2\/users\/4"}],"replies":[{"embeddable":true,"href":"https:\/\/www.caritasne2.org.br\/site\/wp-json\/wp\/v2\/comments?post=7973"}],"version-history":[{"count":0,"href":"https:\/\/www.caritasne2.org.br\/site\/wp-json\/wp\/v2\/posts\/7973\/revisions"}],"wp:featuredmedia":[{"embeddable":true,"href":"https:\/\/www.caritasne2.org.br\/site\/wp-json\/wp\/v2\/media\/7974"}],"wp:attachment":[{"href":"https:\/\/www.caritasne2.org.br\/site\/wp-json\/wp\/v2\/media?parent=7973"}],"wp:term":[{"taxonomy":"category","embeddable":true,"href":"https:\/\/www.caritasne2.org.br\/site\/wp-json\/wp\/v2\/categories?post=7973"},{"taxonomy":"post_tag","embeddable":true,"href":"https:\/\/www.caritasne2.org.br\/site\/wp-json\/wp\/v2\/tags?post=7973"}],"curies":[{"name":"wp","href":"https:\/\/api.w.org\/{rel}","templated":true}]}}