{"id":7917,"date":"2021-04-23T17:50:39","date_gmt":"2021-04-23T20:50:39","guid":{"rendered":"http:\/\/www.caritasne2.org.br\/?p=7917"},"modified":"2021-05-03T13:08:29","modified_gmt":"2021-05-03T16:08:29","slug":"acao-emergencial-solidaria-e-tempo-de-cuidar-mobiliza-quatro-estados-do-nordeste-para-doacoes-as-familias-necessitadas","status":"publish","type":"post","link":"https:\/\/www.caritasne2.org.br\/site\/acao-emergencial-solidaria-e-tempo-de-cuidar-mobiliza-quatro-estados-do-nordeste-para-doacoes-as-familias-necessitadas\/","title":{"rendered":"A\u00e7\u00e3o emergencial solid\u00e1ria \u201c\u00c9 Tempo de Cuidar\u201d mobiliza quatro estados do Nordeste para doa\u00e7\u00f5es \u00e0s fam\u00edlias necessitadas"},"content":{"rendered":"<p style=\"text-align: justify;\">Em meio \u00e0 crise sanit\u00e1ria e econ\u00f4mica desencadeada pela pandemia, o fantasma da\u00a0fome voltou a assombrar o Brasil. A pandemia deixou 19 milh\u00f5es com fome em 2020, atingindo 9% da popula\u00e7\u00e3o brasileira, a maior taxa desde 2004. \u00c9 com esses dados e vivenciando um tempo obscuro que a solidariedade se faz presente, e ainda mais necess\u00e1ria atrav\u00e9s de a\u00e7\u00f5es\u00a0emergenciais e doa\u00e7\u00f5es volunt\u00e1rias para ajudar a levar comida aos que se encontram em vulnerabilidade social.<\/p>\n<p style=\"text-align: justify;\">Pensando nisso, a Confer\u00eancia Nacional dos Bispos do Brasil (CNBB) \u00a0e C\u00e1ritas Brasileira lan\u00e7aram em 2020 a A\u00e7\u00e3o Emergencial Solid\u00e1ria \u201c\u00c9 Tempo de Cuidar\u201d da Igreja no Brasil, com o\u00a0objetivo de estimular a arrecada\u00e7\u00e3o de alimentos, produtos de higiene e prote\u00e7\u00e3o\u00a0sanit\u00e1ria para doa\u00e7\u00e3o \u00e0s pessoas em situa\u00e7\u00e3o de vulnerabilidade.<\/p>\n<p style=\"text-align: justify;\">A C\u00e1ritas Regional NE2 com atua\u00e7\u00e3o nos estados de Alagoas, Rio Grande do Norte, Pernambuco e Para\u00edba, em 2020, foram mais de 141 mil fam\u00edlias atendidas, mais de 17 mil cestas de\u00a0alimentos e mais de 8 mil kits de higiene e limpeza doados. Com um ano da\u00a0a\u00e7\u00e3o emergencial e a pandemia em seu pior momento a C\u00e1ritas NE2 busca sensibilizar, mobilizar e ampliar parceiros, volunt\u00e1rios, e a sociedade\u00a0em geral a participar do segundo ano da A\u00e7\u00e3o Emergencial Solid\u00e1ria nas par\u00f3quiais e Dioceses.<\/p>\n<p style=\"text-align: justify;\">Para Neilda Pereira, secret\u00e1ria executiva da C\u00e1ritas Regional, \u201cal\u00e9m de milhares de mortes causadas pela pandemia da Covid-19, temos nos deparado com milh\u00f5es de brasileiros com fome, quem tem fome tem pressa. Por isso, procure a par\u00f3quia, diocese mais pr\u00f3xima e vamos juntos ampliar essa rede de solidariedade\u201d, comenta.<\/p>\n<p style=\"text-align: justify;\">Para alcan\u00e7ar mais fam\u00edlias a campanha est\u00e1 dividida em dois eixos:<\/p>\n<ol>\n<li style=\"text-align: justify;\"><strong>Pontos da Solidariedade<\/strong>&#8211; Nos estados de atua\u00e7\u00e3o da Rede C\u00e1ritas, Alagoas, Para\u00edba, Pernambuco e Rio Grande do Norte pontos f\u00edsicos para arrecada\u00e7\u00e3o de alimentos n\u00e3o\u00a0perec\u00edveis, \u00e1gua, m\u00e1scaras, produtos de higiene e limpeza;<\/li>\n<li style=\"text-align: justify;\">E atrav\u00e9s da <strong>Rede de Solidariedade<\/strong>, um canal para doa\u00e7\u00f5es online atrav\u00e9s da chave PIX da CBNE2,\u00a0 ou conta banc\u00e1ria.<\/li>\n<\/ol>\n<p><strong>Onde doar em Pernambuco:<\/strong><\/p>\n<ul>\n<li><strong>Recife<\/strong><\/li>\n<li><strong>Convento Nossa Senhora da Gl\u00f3ria<\/strong><\/li>\n<\/ul>\n<p>Rua da Gl\u00f3ria, 375 &#8211; Boa Vista, Recife &#8211; PE<\/p>\n<p>Hor\u00e1rio de atendimento \u2013 das 8h \u00e0s 12h, das 14h \u00e0s 17h<\/p>\n<ul>\n<li><strong>C\u00e1ritas Arquidiocesana de Olinda e Recife<\/strong><\/li>\n<\/ul>\n<p>Av. Rui Barbosa, 409, Gra\u00e7as \u2013 Recife<\/p>\n<p>Hor\u00e1rio de atendimento \u2013 das 8h \u00e0s 12h, das 14h \u00e0s 18h<\/p>\n<ul>\n<li><strong>Pernambuco<\/strong><\/li>\n<li><strong>Caruaru<\/strong><\/li>\n<\/ul>\n<p>C\u00e1ritas Diocesana de Caruaru ( Por tr\u00e1s da FAFICA pr\u00f3ximo s\u00f3 Semin\u00e1rio)<\/p>\n<p>Rua Silveira Martins, 367, Petr\u00f3polis- Caruaru-PE<\/p>\n<p>Atendimento das 8h \u00e0s 12h,\u00a0 das 13h30 \u00e0s 17h<\/p>\n<ul>\n<li><strong>Nazar\u00e9 da Mata <\/strong><\/li>\n<\/ul>\n<p>Funda\u00e7\u00e3o Monsenhor Petronilo Pedrosa<\/p>\n<p>Av . Francisco Viana, 1424, Bairro Santo Antonio-Carpina\u00a0 &#8211; PE<\/p>\n<p>Hor\u00e1rio de atendimento das 8h \u00e0s 12h, e das 14h \u00e0s 17 ( segunda a sexta)<\/p>\n<p>Das 8h \u00e0s 12h ( s\u00e1bados)<\/p>\n<ul>\n<li><strong>Garanhuns<\/strong><\/li>\n<\/ul>\n<p>C\u00faria Diocesana ( Ao lado da Catedral)<\/p>\n<p>Av. Santo Ant\u00f4nio 61,\u00a0 Centro \u2013Garanhuns-PE<\/p>\n<p>Hor\u00e1rio de atendimento das\u00a0 8h \u00e0s 12, das 14h \u00e0s 17h ( segunda a sexta)<\/p>\n<p><strong>Como:<\/strong><\/p>\n<ul>\n<li><strong>Rede de Solidariedade<\/strong><\/li>\n<li><strong>Banco do Brasil<\/strong><br \/>\n<strong>Ag\u00eancia:<\/strong>1833-3<br \/>\n<strong>Conta-Corrente:<\/strong>879-0<\/li>\n<\/ul>\n<p>&nbsp;<\/p>\n<ul>\n<li><strong>Chave PIX<\/strong><br \/>\n<strong>CNPJ:\u00a033.654.419\/0011-98<\/strong><\/li>\n<\/ul>\n<p>&nbsp;<\/p>\n<ul>\n<li><strong>Mais informa\u00e7\u00f5es <\/strong><strong>pelo telefone\u00a0(81) 32313435 ( Hor\u00e1rio comercial- segunda a sexta, das 8h \u00e0s 12h e das 14h \u00e0s 17h)<\/strong><\/li>\n<\/ul>\n<p><a href=\"http:\/\/www.caritasne2.org.br\/acao-emergencial-solidaria-e-tempo-de-cuidar-mobiliza-quatro-estados-do-nordeste-para-doacoes-as-familias-necessitadas\/ainda-e-tempo-de-cuidar-post\/\" rel=\"attachment wp-att-7918\"><img decoding=\"async\" loading=\"lazy\" class=\"aligncenter wp-image-7918\" src=\"http:\/\/www.caritasne2.org.br\/wp-content\/uploads\/2021\/04\/ainda-\u00e9-tempo-de-cuidar-post.png\" alt=\"\" width=\"612\" height=\"612\" srcset=\"https:\/\/www.caritasne2.org.br\/site\/wp-content\/uploads\/2021\/04\/ainda-\u00e9-tempo-de-cuidar-post.png 4501w, https:\/\/www.caritasne2.org.br\/site\/wp-content\/uploads\/2021\/04\/ainda-\u00e9-tempo-de-cuidar-post-150x150.png 150w, https:\/\/www.caritasne2.org.br\/site\/wp-content\/uploads\/2021\/04\/ainda-\u00e9-tempo-de-cuidar-post-300x300.png 300w, https:\/\/www.caritasne2.org.br\/site\/wp-content\/uploads\/2021\/04\/ainda-\u00e9-tempo-de-cuidar-post-768x768.png 768w, https:\/\/www.caritasne2.org.br\/site\/wp-content\/uploads\/2021\/04\/ainda-\u00e9-tempo-de-cuidar-post-1024x1024.png 1024w\" sizes=\"(max-width: 612px) 100vw, 612px\" \/><\/a><\/p>\n<ul class=\"ssb_list_wrapper\"><li class=\"fb2\" style=\"width:135px\"><iframe src=\"\/\/www.facebook.com\/plugins\/like.php?href=https%3A%2F%2Fwww.caritasne2.org.br%2Fsite%2Facao-emergencial-solidaria-e-tempo-de-cuidar-mobiliza-quatro-estados-do-nordeste-para-doacoes-as-familias-necessitadas%2F&amp;layout=button_count&amp;action=like&amp;show_faces=false&amp;share=true&amp;width=135&amp;height=21&amp;appId=307091639398582\" scrolling=\"no\" frameborder=\"0\" style=\"border:none; overflow:hidden;  width:150px; height:21px;\" allowTransparency=\"true\"><\/iframe><\/li><li class=\"twtr\" style=\"width:90px\"><a href=\"https:\/\/twitter.com\/share\" class=\"twitter-share-button\" data-url=\"https:\/\/www.caritasne2.org.br\/site\/acao-emergencial-solidaria-e-tempo-de-cuidar-mobiliza-quatro-estados-do-nordeste-para-doacoes-as-familias-necessitadas\/\">&nbsp;<\/a><script>!function(d,s,id){var js,fjs=d.getElementsByTagName(s)[0],p=\/^http:\/.test(d.location)?'http':'https';if(!d.getElementById(id)){js=d.createElement(s);js.id=id;js.src=p+':\/\/platform.twitter.com\/widgets.js';fjs.parentNode.insertBefore(js,fjs);}}(document, 'script', 'twitter-wjs');<\/script><\/li><li class=\"gplus\" style=\"width:68px\"><div class=\"g-plusone\" data-size=\"medium\" data-href=\"https:\/\/www.caritasne2.org.br\/site\/acao-emergencial-solidaria-e-tempo-de-cuidar-mobiliza-quatro-estados-do-nordeste-para-doacoes-as-familias-necessitadas\/\"><\/div><\/li><li class=\"ssb_linkedin\" style=\"width:64px\"><script src=\"\/\/platform.linkedin.com\/in.js\" type=\"text\/javascript\">lang: en_US<\/script><script type=\"IN\/Share\" data-url=\"https:\/\/www.caritasne2.org.br\/site\/acao-emergencial-solidaria-e-tempo-de-cuidar-mobiliza-quatro-estados-do-nordeste-para-doacoes-as-familias-necessitadas\/\" data-counter=\"right\"><\/script><\/li><\/ul>","protected":false},"excerpt":{"rendered":"<p>Em meio \u00e0 crise sanit\u00e1ria e econ\u00f4mica desencadeada pela pandemia, o fantasma da\u00a0fome voltou a assombrar o Brasil. A pandemia deixou 19 milh\u00f5es com fome em 2020, atingindo 9% da popula\u00e7\u00e3o brasileira, a maior taxa desde 2004. \u00c9 com esses dados e vivenciando um tempo obscuro que a solidariedade se faz presente, e ainda mais necess\u00e1ria atrav\u00e9s de a\u00e7\u00f5es\u00a0emergenciais e doa\u00e7\u00f5es volunt\u00e1rias para ajudar a [&hellip;]<\/p>\n<ul class=\"ssb_list_wrapper\"><li class=\"fb2\" style=\"width:135px\"><iframe src=\"\/\/www.facebook.com\/plugins\/like.php?href=https%3A%2F%2Fwww.caritasne2.org.br%2Fsite%2Facao-emergencial-solidaria-e-tempo-de-cuidar-mobiliza-quatro-estados-do-nordeste-para-doacoes-as-familias-necessitadas%2F&amp;layout=button_count&amp;action=like&amp;show_faces=false&amp;share=true&amp;width=135&amp;height=21&amp;appId=307091639398582\" scrolling=\"no\" frameborder=\"0\" style=\"border:none; overflow:hidden;  width:150px; height:21px;\" allowTransparency=\"true\"><\/iframe><\/li><li class=\"twtr\" style=\"width:90px\"><a href=\"https:\/\/twitter.com\/share\" class=\"twitter-share-button\" data-url=\"https:\/\/www.caritasne2.org.br\/site\/acao-emergencial-solidaria-e-tempo-de-cuidar-mobiliza-quatro-estados-do-nordeste-para-doacoes-as-familias-necessitadas\/\">&nbsp;<\/a><script>!function(d,s,id){var js,fjs=d.getElementsByTagName(s)[0],p=\/^http:\/.test(d.location)?'http':'https';if(!d.getElementById(id)){js=d.createElement(s);js.id=id;js.src=p+':\/\/platform.twitter.com\/widgets.js';fjs.parentNode.insertBefore(js,fjs);}}(document, 'script', 'twitter-wjs');<\/script><\/li><li class=\"gplus\" style=\"width:68px\"><div class=\"g-plusone\" data-size=\"medium\" data-href=\"https:\/\/www.caritasne2.org.br\/site\/acao-emergencial-solidaria-e-tempo-de-cuidar-mobiliza-quatro-estados-do-nordeste-para-doacoes-as-familias-necessitadas\/\"><\/div><\/li><li class=\"ssb_linkedin\" style=\"width:64px\"><script src=\"\/\/platform.linkedin.com\/in.js\" type=\"text\/javascript\">lang: en_US<\/script><script type=\"IN\/Share\" data-url=\"https:\/\/www.caritasne2.org.br\/site\/acao-emergencial-solidaria-e-tempo-de-cuidar-mobiliza-quatro-estados-do-nordeste-para-doacoes-as-familias-necessitadas\/\" data-counter=\"right\"><\/script><\/li><\/ul>","protected":false},"author":4,"featured_media":7615,"comment_status":"open","ping_status":"open","sticky":false,"template":"","format":"standard","meta":[],"categories":[21,20],"tags":[],"_links":{"self":[{"href":"https:\/\/www.caritasne2.org.br\/site\/wp-json\/wp\/v2\/posts\/7917"}],"collection":[{"href":"https:\/\/www.caritasne2.org.br\/site\/wp-json\/wp\/v2\/posts"}],"about":[{"href":"https:\/\/www.caritasne2.org.br\/site\/wp-json\/wp\/v2\/types\/post"}],"author":[{"embeddable":true,"href":"https:\/\/www.caritasne2.org.br\/site\/wp-json\/wp\/v2\/users\/4"}],"replies":[{"embeddable":true,"href":"https:\/\/www.caritasne2.org.br\/site\/wp-json\/wp\/v2\/comments?post=7917"}],"version-history":[{"count":0,"href":"https:\/\/www.caritasne2.org.br\/site\/wp-json\/wp\/v2\/posts\/7917\/revisions"}],"wp:featuredmedia":[{"embeddable":true,"href":"https:\/\/www.caritasne2.org.br\/site\/wp-json\/wp\/v2\/media\/7615"}],"wp:attachment":[{"href":"https:\/\/www.caritasne2.org.br\/site\/wp-json\/wp\/v2\/media?parent=7917"}],"wp:term":[{"taxonomy":"category","embeddable":true,"href":"https:\/\/www.caritasne2.org.br\/site\/wp-json\/wp\/v2\/categories?post=7917"},{"taxonomy":"post_tag","embeddable":true,"href":"https:\/\/www.caritasne2.org.br\/site\/wp-json\/wp\/v2\/tags?post=7917"}],"curies":[{"name":"wp","href":"https:\/\/api.w.org\/{rel}","templated":true}]}}