{"id":7750,"date":"2021-02-16T09:26:11","date_gmt":"2021-02-16T12:26:11","guid":{"rendered":"http:\/\/www.caritasne2.org.br\/?p=7750"},"modified":"2021-02-16T09:38:16","modified_gmt":"2021-02-16T12:38:16","slug":"boletim-fotografico-da-acao-emergencial-tecendo-vidas","status":"publish","type":"post","link":"https:\/\/www.caritasne2.org.br\/site\/boletim-fotografico-da-acao-emergencial-tecendo-vidas\/","title":{"rendered":"Boletim Fotogr\u00e1fico da A\u00e7\u00e3o Emergencial Tecendo Vidas"},"content":{"rendered":"<p style=\"text-align: justify;\">Nossa miss\u00e3o esta\u0301 vinculada a\u0300 atuac\u0327a\u0303o em situac\u0327o\u0303es de emerge\u0302ncias, assim como promover ac\u0327o\u0303es de solidariedade no atendimento aos grupos em situac\u0327a\u0303o de vulnerabilidade social em a\u0301reas de risco, principalmente devido \u00e0 pandemia da Covid19.<\/p>\n<p style=\"text-align: justify;\">No final de 2020 realizamos em parceria com a Misereor, institui\u00e7\u00e3o cat\u00f3lica alem\u00e3, a A\u00e7\u00e3o Emergencial Tecendo Vidas: Uma a\u00e7\u00e3o de cuidado em Resposta aos efeitos da COVID-19 , que faz parte do Projeto Promo\u00e7\u00e3o e Defesa de Direitos na Perspectiva da Constru\u00e7\u00e3o de Sociedades do Bem Viver, executado pela C\u00e1ritas Nordeste 2, \u00a0e a\u00a0 organiza\u00e7\u00e3o cat\u00f3lica.<\/p>\n<p style=\"text-align: justify;\">Mais de 530 fam\u00edlias, de 24 grupos de mulheres acompanhados pelas entidades membros da C\u00e1ritas NE2 foram contempladas com a A\u00e7\u00e3o Emergencial, nos estados de Alagoas, Para\u00edba, Pernambuco e Rio Grande do Norte.<\/p>\n<p style=\"text-align: justify;\">\u00a0Vem saber mais em nosso Boletim Fotogr\u00e1fico da A\u00e7\u00e3o Emergencial Tecendo Vidas, <a href=\"http:\/\/www.caritasne2.org.br\/wp-content\/uploads\/2021\/02\/Boletim-Fotogr\u00e1fico-Misereor-Tecendo-Vidas-2-1.pdf\">clicando aqui.<\/a><\/p>\n<p>&nbsp;<\/p>\n<p><a href=\"http:\/\/www.caritasne2.org.br\/boletim-fotografico-da-acao-emergencial-tecendo-vidas\/boletim-tecendo-vidas-1-2\/\" rel=\"attachment wp-att-7753\"><img decoding=\"async\" loading=\"lazy\" class=\"aligncenter wp-image-7753\" src=\"http:\/\/www.caritasne2.org.br\/wp-content\/uploads\/2021\/02\/Boletim-Tecendo-Vidas-1-1.png\" alt=\"\" width=\"645\" height=\"914\" \/><\/a><\/p>\n<p>&nbsp;<\/p>\n<p><a href=\"http:\/\/www.caritasne2.org.br\/boletim-fotografico-da-acao-emergencial-tecendo-vidas\/boletim-tecendo-vida2-2\/\" rel=\"attachment wp-att-7752\"><img decoding=\"async\" loading=\"lazy\" class=\"aligncenter wp-image-7752\" src=\"http:\/\/www.caritasne2.org.br\/wp-content\/uploads\/2021\/02\/Boletim-Tecendo-Vida2-1.png\" alt=\"\" width=\"623\" height=\"883\" \/><\/a><\/p>\n<ul class=\"ssb_list_wrapper\"><li class=\"fb2\" style=\"width:135px\"><iframe src=\"\/\/www.facebook.com\/plugins\/like.php?href=https%3A%2F%2Fwww.caritasne2.org.br%2Fsite%2Fboletim-fotografico-da-acao-emergencial-tecendo-vidas%2F&amp;layout=button_count&amp;action=like&amp;show_faces=false&amp;share=true&amp;width=135&amp;height=21&amp;appId=307091639398582\" scrolling=\"no\" frameborder=\"0\" style=\"border:none; overflow:hidden;  width:150px; height:21px;\" allowTransparency=\"true\"><\/iframe><\/li><li class=\"twtr\" style=\"width:90px\"><a href=\"https:\/\/twitter.com\/share\" class=\"twitter-share-button\" data-url=\"https:\/\/www.caritasne2.org.br\/site\/boletim-fotografico-da-acao-emergencial-tecendo-vidas\/\">&nbsp;<\/a><script>!function(d,s,id){var js,fjs=d.getElementsByTagName(s)[0],p=\/^http:\/.test(d.location)?'http':'https';if(!d.getElementById(id)){js=d.createElement(s);js.id=id;js.src=p+':\/\/platform.twitter.com\/widgets.js';fjs.parentNode.insertBefore(js,fjs);}}(document, 'script', 'twitter-wjs');<\/script><\/li><li class=\"gplus\" style=\"width:68px\"><div class=\"g-plusone\" data-size=\"medium\" data-href=\"https:\/\/www.caritasne2.org.br\/site\/boletim-fotografico-da-acao-emergencial-tecendo-vidas\/\"><\/div><\/li><li class=\"ssb_linkedin\" style=\"width:64px\"><script src=\"\/\/platform.linkedin.com\/in.js\" type=\"text\/javascript\">lang: en_US<\/script><script type=\"IN\/Share\" data-url=\"https:\/\/www.caritasne2.org.br\/site\/boletim-fotografico-da-acao-emergencial-tecendo-vidas\/\" data-counter=\"right\"><\/script><\/li><\/ul>","protected":false},"excerpt":{"rendered":"<p>Nossa miss\u00e3o esta\u0301 vinculada a\u0300 atuac\u0327a\u0303o em situac\u0327o\u0303es de emerge\u0302ncias, assim como promover ac\u0327o\u0303es de solidariedade no atendimento aos grupos em situac\u0327a\u0303o de vulnerabilidade social em a\u0301reas de risco, principalmente devido \u00e0 pandemia da Covid19. No final de 2020 realizamos em parceria com a Misereor, institui\u00e7\u00e3o cat\u00f3lica alem\u00e3, a A\u00e7\u00e3o Emergencial Tecendo Vidas: Uma a\u00e7\u00e3o de cuidado em Resposta aos efeitos da COVID-19 , que [&hellip;]<\/p>\n<ul class=\"ssb_list_wrapper\"><li class=\"fb2\" style=\"width:135px\"><iframe src=\"\/\/www.facebook.com\/plugins\/like.php?href=https%3A%2F%2Fwww.caritasne2.org.br%2Fsite%2Fboletim-fotografico-da-acao-emergencial-tecendo-vidas%2F&amp;layout=button_count&amp;action=like&amp;show_faces=false&amp;share=true&amp;width=135&amp;height=21&amp;appId=307091639398582\" scrolling=\"no\" frameborder=\"0\" style=\"border:none; overflow:hidden;  width:150px; height:21px;\" allowTransparency=\"true\"><\/iframe><\/li><li class=\"twtr\" style=\"width:90px\"><a href=\"https:\/\/twitter.com\/share\" class=\"twitter-share-button\" data-url=\"https:\/\/www.caritasne2.org.br\/site\/boletim-fotografico-da-acao-emergencial-tecendo-vidas\/\">&nbsp;<\/a><script>!function(d,s,id){var js,fjs=d.getElementsByTagName(s)[0],p=\/^http:\/.test(d.location)?'http':'https';if(!d.getElementById(id)){js=d.createElement(s);js.id=id;js.src=p+':\/\/platform.twitter.com\/widgets.js';fjs.parentNode.insertBefore(js,fjs);}}(document, 'script', 'twitter-wjs');<\/script><\/li><li class=\"gplus\" style=\"width:68px\"><div class=\"g-plusone\" data-size=\"medium\" data-href=\"https:\/\/www.caritasne2.org.br\/site\/boletim-fotografico-da-acao-emergencial-tecendo-vidas\/\"><\/div><\/li><li class=\"ssb_linkedin\" style=\"width:64px\"><script src=\"\/\/platform.linkedin.com\/in.js\" type=\"text\/javascript\">lang: en_US<\/script><script type=\"IN\/Share\" data-url=\"https:\/\/www.caritasne2.org.br\/site\/boletim-fotografico-da-acao-emergencial-tecendo-vidas\/\" data-counter=\"right\"><\/script><\/li><\/ul>","protected":false},"author":4,"featured_media":7711,"comment_status":"open","ping_status":"open","sticky":false,"template":"","format":"standard","meta":[],"categories":[20],"tags":[],"_links":{"self":[{"href":"https:\/\/www.caritasne2.org.br\/site\/wp-json\/wp\/v2\/posts\/7750"}],"collection":[{"href":"https:\/\/www.caritasne2.org.br\/site\/wp-json\/wp\/v2\/posts"}],"about":[{"href":"https:\/\/www.caritasne2.org.br\/site\/wp-json\/wp\/v2\/types\/post"}],"author":[{"embeddable":true,"href":"https:\/\/www.caritasne2.org.br\/site\/wp-json\/wp\/v2\/users\/4"}],"replies":[{"embeddable":true,"href":"https:\/\/www.caritasne2.org.br\/site\/wp-json\/wp\/v2\/comments?post=7750"}],"version-history":[{"count":0,"href":"https:\/\/www.caritasne2.org.br\/site\/wp-json\/wp\/v2\/posts\/7750\/revisions"}],"wp:featuredmedia":[{"embeddable":true,"href":"https:\/\/www.caritasne2.org.br\/site\/wp-json\/wp\/v2\/media\/7711"}],"wp:attachment":[{"href":"https:\/\/www.caritasne2.org.br\/site\/wp-json\/wp\/v2\/media?parent=7750"}],"wp:term":[{"taxonomy":"category","embeddable":true,"href":"https:\/\/www.caritasne2.org.br\/site\/wp-json\/wp\/v2\/categories?post=7750"},{"taxonomy":"post_tag","embeddable":true,"href":"https:\/\/www.caritasne2.org.br\/site\/wp-json\/wp\/v2\/tags?post=7750"}],"curies":[{"name":"wp","href":"https:\/\/api.w.org\/{rel}","templated":true}]}}