{"id":7229,"date":"2020-10-05T10:24:40","date_gmt":"2020-10-05T13:24:40","guid":{"rendered":"http:\/\/www.caritasne2.org.br\/?p=7229"},"modified":"2020-10-05T17:29:31","modified_gmt":"2020-10-05T20:29:31","slug":"familias-venezuelanas-fortalecem-empreendimentos-atraves-de-fundos-rotativos","status":"publish","type":"post","link":"https:\/\/www.caritasne2.org.br\/site\/familias-venezuelanas-fortalecem-empreendimentos-atraves-de-fundos-rotativos\/","title":{"rendered":"Fam\u00edlias venezuelanas fortalecem empreendimentos atrav\u00e9s de Fundos Rotativos"},"content":{"rendered":"<p><em>O objetivo \u00e9 colaborar com a integra\u00e7\u00e3o local dos imigrantes venezuelanos atrav\u00e9s do fortalecimento de suas iniciativas de gera\u00e7\u00e3o de renda.<br \/>\n<\/em><\/p>\n<p>&#8220;Me ajudou muito porque consegui adquirir produtos e equipamentos para oferecer mais servi\u00e7os e atender melhor meus clientes, o que vai me ajudar a gerar mais lucro&#8221;, \u00e9 com este depoimento que Georgianna Aray,40 anos, venezuelana que trabalha com Massoterapia, em Recife, expressa com \u00a0orgulho ao receber o Fundo \u00a0Rotativo. Um incentivo que tem como objetivo fortalecer os empreendimentos das fam\u00edlias venezuelanas assessoradas pela C\u00e1ritas Brasileira NE2.<\/p>\n<p>Em Recife, a C\u00e1ritas Brasileira Regional Nordeste 2 atrav\u00e9s o Programa de Migra\u00e7\u00e3o e Ref\u00fagio tem realizado diversas iniciativas nas \u00e1reas de gera\u00e7\u00e3o de renda, jur\u00eddico e psicossocial. Assim como, \u00a0acolhimento, interven\u00e7\u00f5es e atendimento quanto \u00e0s pol\u00edticas p\u00fablicas, para assim atender ao anseio do Papa Francisco, que \u00e9 al\u00e9m de acolher e proteger, realizar as promo\u00e7\u00e3o das hist\u00f3rias de vida dos imigrantes e sua integra\u00e7\u00e3o \u00e0 sociedade.<\/p>\n<p>Dentre os v\u00e1rios projetos \u00a0desenvolvidos pela institui\u00e7\u00e3o com prop\u00f3sito de gera\u00e7\u00e3o de renda , est\u00e3o os projetos Creciendo financiado pelo Inter American Foundation (IAF), e o Projeto RAFA , que visam incluir empreendedores venezuelanos e seus neg\u00f3cios no mercado de trabalho. Com este objetivo, no m\u00eas de julho, foi oferecida de forma online oficinas de forma\u00e7\u00e3o em empreendedorismo, ministrada pela equipe da C\u00e1ritas Brasileira Regional Nordeste 2, aos migrantes e refugiados. Ao final destas oficinas, eles puderam reavaliar a forma que conduziam seus neg\u00f3cios e identificar estrat\u00e9gias a melhorar.<\/p>\n<p>Sendo assim, para dar continuidade em acompanhar e incentivar estes empreendedores, foi liberado aos empreendedores venezuelanos acesso ao Fundo Rotativo. O fundo \u00e9 uma poupan\u00e7a comunit\u00e1ria coletiva, formada por doa\u00e7\u00e3o volunt\u00e1ria. O valor \u00e9 repassado para as fam\u00edlias empreendedoras ap\u00f3s passarem por um processo formativo e terem seus projetos avaliados por um comit\u00ea. Os empreendimentos de fam\u00edlias venezuelanas que tiveram acesso aos Fundos Rotativos foram nas \u00e1reas de moda, costura, artesanato, fotografia e bijuterias.<\/p>\n<ul class=\"ssb_list_wrapper\"><li class=\"fb2\" style=\"width:135px\"><iframe src=\"\/\/www.facebook.com\/plugins\/like.php?href=https%3A%2F%2Fwww.caritasne2.org.br%2Fsite%2Ffamilias-venezuelanas-fortalecem-empreendimentos-atraves-de-fundos-rotativos%2F&amp;layout=button_count&amp;action=like&amp;show_faces=false&amp;share=true&amp;width=135&amp;height=21&amp;appId=307091639398582\" scrolling=\"no\" frameborder=\"0\" style=\"border:none; overflow:hidden;  width:150px; height:21px;\" allowTransparency=\"true\"><\/iframe><\/li><li class=\"twtr\" style=\"width:90px\"><a href=\"https:\/\/twitter.com\/share\" class=\"twitter-share-button\" data-url=\"https:\/\/www.caritasne2.org.br\/site\/familias-venezuelanas-fortalecem-empreendimentos-atraves-de-fundos-rotativos\/\">&nbsp;<\/a><script>!function(d,s,id){var js,fjs=d.getElementsByTagName(s)[0],p=\/^http:\/.test(d.location)?'http':'https';if(!d.getElementById(id)){js=d.createElement(s);js.id=id;js.src=p+':\/\/platform.twitter.com\/widgets.js';fjs.parentNode.insertBefore(js,fjs);}}(document, 'script', 'twitter-wjs');<\/script><\/li><li class=\"gplus\" style=\"width:68px\"><div class=\"g-plusone\" data-size=\"medium\" data-href=\"https:\/\/www.caritasne2.org.br\/site\/familias-venezuelanas-fortalecem-empreendimentos-atraves-de-fundos-rotativos\/\"><\/div><\/li><li class=\"ssb_linkedin\" style=\"width:64px\"><script src=\"\/\/platform.linkedin.com\/in.js\" type=\"text\/javascript\">lang: en_US<\/script><script type=\"IN\/Share\" data-url=\"https:\/\/www.caritasne2.org.br\/site\/familias-venezuelanas-fortalecem-empreendimentos-atraves-de-fundos-rotativos\/\" data-counter=\"right\"><\/script><\/li><\/ul>","protected":false},"excerpt":{"rendered":"<p>O objetivo \u00e9 colaborar com a integra\u00e7\u00e3o local dos imigrantes venezuelanos atrav\u00e9s do fortalecimento de suas iniciativas de gera\u00e7\u00e3o de renda. &#8220;Me ajudou muito porque consegui adquirir produtos e equipamentos para oferecer mais servi\u00e7os e atender melhor meus clientes, o que vai me ajudar a gerar mais lucro&#8221;, \u00e9 com este depoimento que Georgianna Aray,40 anos, venezuelana que trabalha com Massoterapia, em Recife, expressa com [&hellip;]<\/p>\n<ul class=\"ssb_list_wrapper\"><li class=\"fb2\" style=\"width:135px\"><iframe src=\"\/\/www.facebook.com\/plugins\/like.php?href=https%3A%2F%2Fwww.caritasne2.org.br%2Fsite%2Ffamilias-venezuelanas-fortalecem-empreendimentos-atraves-de-fundos-rotativos%2F&amp;layout=button_count&amp;action=like&amp;show_faces=false&amp;share=true&amp;width=135&amp;height=21&amp;appId=307091639398582\" scrolling=\"no\" frameborder=\"0\" style=\"border:none; overflow:hidden;  width:150px; height:21px;\" allowTransparency=\"true\"><\/iframe><\/li><li class=\"twtr\" style=\"width:90px\"><a href=\"https:\/\/twitter.com\/share\" class=\"twitter-share-button\" data-url=\"https:\/\/www.caritasne2.org.br\/site\/familias-venezuelanas-fortalecem-empreendimentos-atraves-de-fundos-rotativos\/\">&nbsp;<\/a><script>!function(d,s,id){var js,fjs=d.getElementsByTagName(s)[0],p=\/^http:\/.test(d.location)?'http':'https';if(!d.getElementById(id)){js=d.createElement(s);js.id=id;js.src=p+':\/\/platform.twitter.com\/widgets.js';fjs.parentNode.insertBefore(js,fjs);}}(document, 'script', 'twitter-wjs');<\/script><\/li><li class=\"gplus\" style=\"width:68px\"><div class=\"g-plusone\" data-size=\"medium\" data-href=\"https:\/\/www.caritasne2.org.br\/site\/familias-venezuelanas-fortalecem-empreendimentos-atraves-de-fundos-rotativos\/\"><\/div><\/li><li class=\"ssb_linkedin\" style=\"width:64px\"><script src=\"\/\/platform.linkedin.com\/in.js\" type=\"text\/javascript\">lang: en_US<\/script><script type=\"IN\/Share\" data-url=\"https:\/\/www.caritasne2.org.br\/site\/familias-venezuelanas-fortalecem-empreendimentos-atraves-de-fundos-rotativos\/\" data-counter=\"right\"><\/script><\/li><\/ul>","protected":false},"author":4,"featured_media":7230,"comment_status":"open","ping_status":"open","sticky":false,"template":"","format":"standard","meta":[],"categories":[20],"tags":[],"_links":{"self":[{"href":"https:\/\/www.caritasne2.org.br\/site\/wp-json\/wp\/v2\/posts\/7229"}],"collection":[{"href":"https:\/\/www.caritasne2.org.br\/site\/wp-json\/wp\/v2\/posts"}],"about":[{"href":"https:\/\/www.caritasne2.org.br\/site\/wp-json\/wp\/v2\/types\/post"}],"author":[{"embeddable":true,"href":"https:\/\/www.caritasne2.org.br\/site\/wp-json\/wp\/v2\/users\/4"}],"replies":[{"embeddable":true,"href":"https:\/\/www.caritasne2.org.br\/site\/wp-json\/wp\/v2\/comments?post=7229"}],"version-history":[{"count":0,"href":"https:\/\/www.caritasne2.org.br\/site\/wp-json\/wp\/v2\/posts\/7229\/revisions"}],"wp:featuredmedia":[{"embeddable":true,"href":"https:\/\/www.caritasne2.org.br\/site\/wp-json\/wp\/v2\/media\/7230"}],"wp:attachment":[{"href":"https:\/\/www.caritasne2.org.br\/site\/wp-json\/wp\/v2\/media?parent=7229"}],"wp:term":[{"taxonomy":"category","embeddable":true,"href":"https:\/\/www.caritasne2.org.br\/site\/wp-json\/wp\/v2\/categories?post=7229"},{"taxonomy":"post_tag","embeddable":true,"href":"https:\/\/www.caritasne2.org.br\/site\/wp-json\/wp\/v2\/tags?post=7229"}],"curies":[{"name":"wp","href":"https:\/\/api.w.org\/{rel}","templated":true}]}}